{"id":100118,"date":"2020-09-01T09:10:37","date_gmt":"2020-09-01T07:10:37","guid":{"rendered":"https:\/\/aarch.dk\/?p=100118"},"modified":"2024-11-18T12:37:40","modified_gmt":"2024-11-18T11:37:40","slug":"aarhus-school-of-architecture-presents-drawing-of-the-year-2020","status":"publish","type":"post","link":"https:\/\/aarch.dk\/en\/aarhus-school-of-architecture-presents-drawing-of-the-year-2020\/","title":{"rendered":"Aarhus School of Architecture presents: Drawing of the Year 2020"},"content":{"rendered":"<div id='av_section_1'  class='avia-section main_color avia-section-default avia-no-border-styling  avia-bg-style-scroll  avia-builder-el-0  el_before_av_section  avia-builder-el-first  aarch-header-type-2  container_wrap fullsize' style=' '  ><div class='container' ><main  role=\"main\" itemprop=\"mainContentOfPage\"  class='template-page content  av-content-full alpha units'><div class='post-entry post-entry-type-page post-entry-100118'><div class='entry-content-wrapper clearfix'>\n<section class=\"av_textblock_section \"  itemscope=\"itemscope\" itemtype=\"https:\/\/schema.org\/BlogPosting\" itemprop=\"blogPost\" ><div class='avia_textblock aarch-header-type-2-nav '   itemprop=\"text\" ><p><a href=\"https:\/\/aarch.dk\/en\/news\/\">News<\/a><\/p>\n<\/div><\/section>\n<section class=\"av_textblock_section \"  itemscope=\"itemscope\" itemtype=\"https:\/\/schema.org\/BlogPosting\" itemprop=\"blogPost\" ><div class='avia_textblock aarch-header-type-2-title '   itemprop=\"text\" ><h1>Aarhus School of Architecture presents: Drawing of the Year 2020<\/h1>\n<\/div><\/section>\n<section class=\"av_textblock_section \"  itemscope=\"itemscope\" itemtype=\"https:\/\/schema.org\/BlogPosting\" itemprop=\"blogPost\" ><div class='avia_textblock aarch-header-type-2-subtitle '   itemprop=\"text\" ><p>Announcement of the international student competition<\/p>\n<\/div><\/section>\n<section class=\"av_textblock_section \"  itemscope=\"itemscope\" itemtype=\"https:\/\/schema.org\/BlogPosting\" itemprop=\"blogPost\" ><div class='avia_textblock aarch-header-type-2-by-title '   itemprop=\"text\" ><p>01.09.2020<\/p>\n<\/div><\/section>\n\n<\/div><\/div><\/main><!-- close content main element --><\/div><\/div><div id='av_section_2'  class='avia-section main_color avia-section-default avia-no-border-styling  avia-bg-style-scroll  avia-builder-el-5  el_after_av_section  el_before_av_section   container_wrap fullsize' style=' '  ><div class='container' ><div class='template-page content  av-content-full alpha units'><div class='post-entry post-entry-type-page post-entry-100118'><div class='entry-content-wrapper clearfix'>\n<div class=\"flex_column av_one_fifth  flex_column_div av-zero-column-padding first  avia-builder-el-6  el_before_av_three_fifth  avia-builder-el-first  \" style='border-radius:0px; '><\/div><div class=\"flex_column av_three_fifth  flex_column_div av-zero-column-padding   avia-builder-el-7  el_after_av_one_fifth  el_before_av_one_fifth  \" style='border-radius:0px; '><section class=\"av_textblock_section \"  itemscope=\"itemscope\" itemtype=\"https:\/\/schema.org\/BlogPosting\" itemprop=\"blogPost\" ><div class='avia_textblock  '   itemprop=\"text\" ><p>For the last 7 years Aarhus School of Architecture has celebrated architectural drawing through the international drawing competition for architecture students, DRAWING OF THE YEAR. The competition is a joint collaboration with Schmidt, Hammer, Lassen Architects, Vola, and The Danish Arts Foundation. Every year the number of participants has increased, and so has the quality and the level of the drawings. Internationally acknowledged architects from all over the world have taken part of the jurys and thereby contributed to the high standard and professionalism in the organization of the competition.<\/p>\n<p>The aim of the competition is to celebrate the architect\u2019s oldest and most important tool, and to continuously explore new tendencies in architecture through architectural drawing. The drawing process eventually leads to new thinking and to development of ideas for the one who draws. Furthermore, it is a valuable medium that disseminates thoughts and ideas to colleagues, clients, and a broader audience. The drawing enables the architect to communicate, seduce, convince, and initiate a dialogue. That\u00b4s why drawing is so important, and why we continue to encourage students all over the world to participate in the annual competition, because, as former jury member Jenny Osuldsen from Sn\u00f8hetta says, \u2018the one who holds the pen, has the power.\u2019<\/p>\n<\/div><\/section><\/div><div class=\"flex_column av_one_fifth  flex_column_div av-zero-column-padding   avia-builder-el-9  el_after_av_three_fifth  avia-builder-el-last  \" style='border-radius:0px; '><\/div>\n\n<\/div><\/div><\/div><!-- close content main div --><\/div><\/div><div id='av_section_3'  class='avia-section main_color avia-section-no-padding avia-no-border-styling  avia-bg-style-scroll  avia-builder-el-10  el_after_av_section  el_before_av_section   container_wrap fullsize' style=' '  ><div class='container' ><div class='template-page content  av-content-full alpha units'><div class='post-entry post-entry-type-page post-entry-100118'><div class='entry-content-wrapper clearfix'>\n<div class=\"flex_column av_one_fourth  flex_column_div av-zero-column-padding first  avia-builder-el-11  el_before_av_one_half  avia-builder-el-first  \" style='border-radius:0px; '><\/div><div class=\"flex_column av_one_half  flex_column_div   avia-builder-el-12  el_after_av_one_fourth  el_before_av_one_fourth  \" style='padding:0px 0px 0px 0px ; border-radius:0px; '><div  class='avia-image-container  av-styling-    avia-builder-el-13  avia-builder-el-no-sibling  avia-align-center '  itemprop=\"image\" itemscope=\"itemscope\" itemtype=\"https:\/\/schema.org\/ImageObject\"  ><div class='avia-image-container-inner'><div class='avia-image-overlay-wrap'><img class='avia_image' src='https:\/\/aarch.dk\/wp-content\/uploads\/2020\/08\/724x442.png' alt='724&#215;442' title='724x442' height=\"442\" width=\"725\"  itemprop=\"thumbnailUrl\"  \/><\/div><\/div><\/div><\/div><div class=\"flex_column av_one_fourth  flex_column_div av-zero-column-padding   avia-builder-el-14  el_after_av_one_half  avia-builder-el-last  \" style='border-radius:0px; '><\/div>\n\n<\/div><\/div><\/div><!-- close content main div --><\/div><\/div><div id='av_section_4'  class='avia-section main_color avia-section-default avia-no-border-styling  avia-bg-style-scroll  avia-builder-el-15  el_after_av_section  el_before_av_section   container_wrap fullsize' style=' '  ><div class='container' ><div class='template-page content  av-content-full alpha units'><div class='post-entry post-entry-type-page post-entry-100118'><div class='entry-content-wrapper clearfix'>\n<div class=\"flex_column av_one_fifth  flex_column_div av-zero-column-padding first  avia-builder-el-16  el_before_av_three_fifth  avia-builder-el-first  \" style='border-radius:0px; '><\/div><div class=\"flex_column av_three_fifth  flex_column_div av-zero-column-padding   avia-builder-el-17  el_after_av_one_fifth  el_before_av_one_fifth  \" style='border-radius:0px; '><section class=\"av_textblock_section \"  itemscope=\"itemscope\" itemtype=\"https:\/\/schema.org\/BlogPosting\" itemprop=\"blogPost\" ><div class='avia_textblock  '   itemprop=\"text\" ><p>We strongly emphasize that the competition is run, judged and completed professionally, and that the winners are recognized with decent prices. Further, the competition is followed up by an exhibition, and for three years in a row we have documented the 100 best annual drawings in a publication.<\/p>\n<p>From initial year\u00b4s themes such as Engaging Through Architecture (2013), Transformation (2014), Habitation (2015) and Sustainability (2016) to recent year\u00b4s more theoretically and societally engaged themes like Everyday Utopia (2017), Shaping New Realities (2018), and Post-Human Metamorphosis (2019), the competition has persistently addressed current architectural issues.<\/p>\n<h5>This year&#8217;s theme: Hand Me A Drawing<\/h5>\n<p>After years of focusing exclusively on digital drawing and mixed media, this year\u00b4s competition treasures handmade entriesonly, celebrating the art and skill of traditional representation methods. We want to encourage mastering of hand drawing, and emphasize the relevancy of communicating ideas through hand drawing.<\/p>\n<p>We claim, that sketches\u00a0and\u00a0drawings\u00a0are the bones of any\u00a0architectural design, the DNA of architecture, expressing and combining the interaction between the architect\u2019s mind, hands and eyes. In addition, drawing has always been a practice that differentiated architecture from other disciplines. Eventually, it is an artistic discipline, what unique drawings by many great architects show. Every architect has his\/her own style, that cannot be taught or copied, only developed and raffined through practice. In the spirit of many great architects of the past, from Palladio and John Soanes, Frank Lloyd Wright and Le Corbusier, to contemporary architects like Lebbeus Woods, late Zaha Hadid, Tatiana Bilbao, Jeanne Gang, and Eva Prats, architectural hand drawing has evolved into a platform of reflection and exploration of how artistic drawing continues to advance and qualify the art of architecture today.<\/p>\n<p>In the light of the global Corona crisis, we encourage architecture students worldwide to submit proposals that not only revives the hand drawing but also proposals that contribute to knowledge on how the world moves on from here.<\/p>\n<h5>What to submit<\/h5>\n<p>The drawing can either be an initial sketch (dream), a project drawing (process), or a definitive drawing (reality).<\/p>\n<p>An initial sketch is one of the purest forms of architectural drawing, and could be a simple design concept, or lots of details concerning a much bigger composition. The project drawing holds all the reflections, trials and errors of the process, where the definitive drawing is an elaborated drawing, close to reality. The drawing must describe the unique process or moments that a computer is unable to create.<\/p>\n<p>All kind of drawing tools &#8211; such as pens, watercolour, paint, ink, led &#8211; can be used.<\/p>\n<p>Entries will be judged on originality and artistic expression, architectural composition, technical skill, and success in communicating an idea. The drawing must be followed by a short text and a title.<\/p>\n<p>The drawing must be scanned in high quality, 300 DPI, and uploaded as PDF, maximum 100 MB.<\/p>\n<p>Announcement of Competition: SEP 1st<br \/>\nSubmission: NOV 1st<br \/>\nAnnouncement of winners: NOV 27th<br \/>\nExhibition: NOV 27th\u00a0 &#8211; DEC 18th<\/p>\n<h5>Participation requirements<\/h5>\n<p>The competition is open for students of architecture worldwide, including graduates from spring 2020.<\/p>\n<h5>Jury<\/h5>\n<p>Tatiana Bilbao<br \/>\nThomas Bossel<br \/>\nTorben Nielsen<\/p>\n<p><a href=\"https:\/\/aarch.dk\/drawing-of-the-year-2020\/\">Read more about this year&#8217;s jury<\/a>.<\/p>\n<h5>Prizes<\/h5>\n<p>1st PRIZE 5000\u20ac<br \/>\n2nd PRIZE 2000\u20ac<br \/>\n3rd PRIZE 1000\u20ac<\/p>\n<h5>Submission<\/h5>\n<p>You may submit one drawing only. Go to the submission form.<\/p>\n<\/div><\/section><\/div><div class=\"flex_column av_one_fifth  flex_column_div av-zero-column-padding   avia-builder-el-19  el_after_av_three_fifth  avia-builder-el-last  \" style='border-radius:0px; '><\/div><\/div><\/div><\/div><!-- close content main div --><\/div><\/div><div id='av_section_5'  class='avia-section main_color avia-section-default avia-no-border-styling  avia-bg-style-scroll  avia-builder-el-20  el_after_av_section  el_before_av_section   container_wrap fullsize' style=' '  ><div class='container' ><div class='template-page content  av-content-full alpha units'><div class='post-entry post-entry-type-page post-entry-100118'><div class='entry-content-wrapper clearfix'>\n<div class=\"flex_column av_one_full  flex_column_div av-zero-column-padding first  avia-builder-el-21  el_before_av_one_fifth  avia-builder-el-first  \" style='border-radius:0px; '><div   class='hr hr-default   avia-builder-el-22  avia-builder-el-no-sibling '><span class='hr-inner ' ><span class='hr-inner-style'><\/span><\/span><\/div><\/div><div class=\"flex_column av_one_fifth  flex_column_div av-zero-column-padding first  avia-builder-el-23  el_after_av_one_full  el_before_av_three_fifth  column-top-margin\" style='border-radius:0px; '><\/div><div class=\"flex_column av_three_fifth  flex_column_div av-zero-column-padding   avia-builder-el-24  el_after_av_one_fifth  el_before_av_one_fifth  column-top-margin\" style='border-radius:0px; '><div  class='av-social-sharing-box  avia-builder-el-25  avia-builder-el-no-sibling  '><div class='av-share-box'><ul class='av-share-box-list noLightbox'><li class='av-share-link av-social-link-facebook' ><a target=\"_blank\" aria-label=\"Share on Facebook\" href='https:\/\/www.facebook.com\/sharer.php?u=https:\/\/aarch.dk\/en\/aarhus-school-of-architecture-presents-drawing-of-the-year-2020\/&#038;t=Aarhus%20School%20of%20Architecture%20presents%3A%20Drawing%20of%20the%20Year%202020' aria-hidden='false' data-av_icon='\ue8f3' data-av_iconfont='entypo-fontello' title='' data-avia-related-tooltip='Share on Facebook' rel=\"noopener\"><span class='avia_hidden_link_text'>Share on Facebook<\/span><\/a><\/li><li class='av-share-link av-social-link-twitter' ><a target=\"_blank\" aria-label=\"Share on Twitter\" href='https:\/\/twitter.com\/share?text=Aarhus%20School%20of%20Architecture%20presents%3A%20Drawing%20of%20the%20Year%202020&#038;url=https:\/\/aarch.dk\/en\/?p=100118' aria-hidden='false' data-av_icon='\ue8f1' data-av_iconfont='entypo-fontello' title='' data-avia-related-tooltip='Share on Twitter' rel=\"noopener\"><span class='avia_hidden_link_text'>Share on Twitter<\/span><\/a><\/li><li class='av-share-link av-social-link-linkedin' ><a target=\"_blank\" aria-label=\"Share on LinkedIn\" href='https:\/\/linkedin.com\/shareArticle?mini=true&#038;title=Aarhus%20School%20of%20Architecture%20presents%3A%20Drawing%20of%20the%20Year%202020&#038;url=https:\/\/aarch.dk\/en\/aarhus-school-of-architecture-presents-drawing-of-the-year-2020\/' aria-hidden='false' data-av_icon='\ue8fc' data-av_iconfont='entypo-fontello' title='' data-avia-related-tooltip='Share on LinkedIn' rel=\"noopener\"><span class='avia_hidden_link_text'>Share on LinkedIn<\/span><\/a><\/li><li class='av-share-link av-social-link-mail' ><a  aria-label=\"Share by Mail\" href='mailto:?subject=Aarhus%20School%20of%20Architecture%20presents%3A%20Drawing%20of%20the%20Year%202020&#038;body=https:\/\/aarch.dk\/en\/aarhus-school-of-architecture-presents-drawing-of-the-year-2020\/' aria-hidden='false' data-av_icon='\ue805' data-av_iconfont='entypo-fontello' title='' data-avia-related-tooltip='Share by Mail'><span class='avia_hidden_link_text'>Share by Mail<\/span><\/a><\/li><\/ul><\/div><\/div><\/div><div class=\"flex_column av_one_fifth  flex_column_div av-zero-column-padding   avia-builder-el-26  el_after_av_three_fifth  avia-builder-el-last  column-top-margin\" style='border-radius:0px; '><\/div>\n<\/p>\n<\/div><\/div><\/div><!-- close content main div --><\/div><\/div><div id='av_section_6'  class='avia-section main_color avia-section-default avia-no-border-styling  avia-bg-style-scroll  avia-builder-el-27  el_after_av_section  el_before_av_section  section-label  container_wrap fullsize' style=' '  ><div class='container' ><div class='template-page content  av-content-full alpha units'><div class='post-entry post-entry-type-page post-entry-100118'><div class='entry-content-wrapper clearfix'>\n<section class=\"av_textblock_section \"  itemscope=\"itemscope\" itemtype=\"https:\/\/schema.org\/BlogPosting\" itemprop=\"blogPost\" ><div class='avia_textblock  '   itemprop=\"text\" ><p class=\"section-label-text\">Related<\/p>\n<\/div><\/section>\n\n<\/div><\/div><\/div><!-- close content main div --><\/div><\/div><div id='av_section_7'  class='avia-section main_color avia-section-huge avia-no-border-styling  avia-bg-style-scroll  avia-builder-el-29  el_after_av_section  el_before_av_layout_row  content-padding-bottom-0  container_wrap fullsize' style='background-color: #1b47a9;  '  ><div class='container' ><div class='template-page content  av-content-full alpha units'><div class='post-entry post-entry-type-page post-entry-100118'><div class='entry-content-wrapper clearfix'>\n<div class='flex_column_table av-equal-height-column-flextable -flextable' ><div class=\"flex_column av_three_fifth  flex_column_table_cell av-equal-height-column av-align-bottom av-zero-column-padding first  avia-builder-el-30  el_before_av_one_fifth  avia-builder-el-first  \" style='border-radius:0px; '><section class=\"av_textblock_section \"  itemscope=\"itemscope\" itemtype=\"https:\/\/schema.org\/BlogPosting\" itemprop=\"blogPost\" ><div class='avia_textblock  '   itemprop=\"text\" ><p class=\"font-size-xsmall margin-bottom-30 color-00\"><strong class=\"color-00\">YOU MAY ALSO BE INTERESTED IN<br \/>\n<\/strong><\/p>\n<h3 class=\"font-size-large margin-bottom-0 color-00\">RELATED CONTENT<\/h3>\n<\/div><\/section><\/div><div class='av-flex-placeholder'><\/div><div class=\"flex_column av_one_fifth  flex_column_table_cell av-equal-height-column av-align-bottom av-zero-column-padding   avia-builder-el-32  el_after_av_three_fifth  el_before_av_one_fifth  \" style='border-radius:0px; '><\/div><div class='av-flex-placeholder'><\/div><div class=\"flex_column av_one_fifth  flex_column_table_cell av-equal-height-column av-align-bottom av-zero-column-padding   avia-builder-el-33  el_after_av_one_fifth  avia-builder-el-last  \" style='border-radius:0px; '><section class=\"av_textblock_section \"  itemscope=\"itemscope\" itemtype=\"https:\/\/schema.org\/BlogPosting\" itemprop=\"blogPost\" ><div class='avia_textblock  '   itemprop=\"text\" ><p class=\"linkArrow color-white margin-bottom-0\"><a href=\"https:\/\/aarch.dk\/en\/news\/\">See all news<\/a><\/p>\n<\/div><\/section><\/div><\/div><!--close column table wrapper. Autoclose: 1 -->\n\n<\/div><\/div><\/div><!-- close content main div --><\/div><\/div><div id='av-layout-grid-1'  class='av-layout-grid-container entry-content-wrapper main_color av-flex-cells     avia-builder-el-35  el_after_av_section  avia-builder-el-last  content-padding-top-0 submenu-not-first container_wrap fullsize' style=' '  >\n<div class=\"flex_cell no_margin av_one_full  avia-builder-el-36  avia-builder-el-no-sibling  grid-cell-top-50 grid-cell-bottom-150 grid-cell-left-80 grid-cell-right-80  av-zero-padding \"  style='background: #1b47a9; vertical-align:top; padding:0px; background-color:#1b47a9; ' ><div class='flex_cell_inner' ><div class=\"flex_column av_one_full  flex_column_div av-zero-column-padding first  avia-builder-el-37  avia-builder-el-no-sibling  \" style='border-radius:0px; '><div  data-autoplay=''  data-interval='5'  data-animation='fade'  data-show_slide_delay='90'  class='avia-content-slider avia-content-slider-active avia-content-slider1 avia-content-slider-even  avia-builder-el-38  avia-builder-el-no-sibling  '  itemscope=\"itemscope\" itemtype=\"https:\/\/schema.org\/Blog\" ><div class='avia-content-slider-inner'><div class='slide-entry-wrap'><article class='slide-entry flex_column  post-entry post-entry-261242 type-post slide-entry-overview slide-loop-1 slide-parity-odd  av_one_fourth first real-thumbnail'  itemscope=\"itemscope\" itemtype=\"https:\/\/schema.org\/BlogPosting\" itemprop=\"blogPost\" ><a href='https:\/\/aarch.dk\/en\/thinking-through-making-since-1976-profile-of-jonathan-foote\/' data-rel='slide-1' class='slide-image' title=''><img loading=\"lazy\" decoding=\"async\" width=\"400\" height=\"453\" src=\"https:\/\/aarch.dk\/wp-content\/uploads\/2026\/04\/Jonathan-Foote-26_-400x453.jpg\" class=\"attachment-slider-carousel-image-large size-slider-carousel-image-large wp-post-image\" alt=\"Associate Professor Jonathan Foote in the library of The Aarhus School of Architecture\" srcset=\"https:\/\/aarch.dk\/wp-content\/uploads\/2026\/04\/Jonathan-Foote-26_-400x453.jpg 400w, https:\/\/aarch.dk\/wp-content\/uploads\/2026\/04\/Jonathan-Foote-26_-375x425.jpg 375w\" sizes=\"auto, (max-width: 400px) 100vw, 400px\" \/><\/a><div class='slide-content'><header class=\"entry-content-header\"><span class=\"blog-date minor-meta\">24.04.2026<\/span><h3 class='slide-entry-title entry-title'  itemprop=\"headline\" ><a href='https:\/\/aarch.dk\/en\/thinking-through-making-since-1976-profile-of-jonathan-foote\/' title='Thinking through making (since 1976): Profile of Jonathan Foote'>Thinking through making (since 1976): Profile of Jonathan Foote<\/a><\/h3><span class=\"av-vertical-delimiter\"><\/span><\/header><div class='slide-meta'><div class='slide-meta-comments'><a href='https:\/\/aarch.dk\/en\/thinking-through-making-since-1976-profile-of-jonathan-foote\/#respond'>0 Comments<\/a><\/div><div class='slide-meta-del'>\/<\/div><time class='slide-meta-time updated'  itemprop=\"datePublished\" datetime=\"2026-04-24T13:52:29+02:00\" >24.04.2026<\/time><\/div><div class='slide-entry-excerpt entry-content'  itemprop=\"text\" >\r\n\r\n\r\n\r\n\r\n\r\n\r\n\r\n\r\n\r\n<\/div><\/div><footer class=\"entry-footer\"><\/footer><span class='hidden'>\n\t\t\t\t<span class='av-structured-data'  itemprop=\"image\" itemscope=\"itemscope\" itemtype=\"https:\/\/schema.org\/ImageObject\" >\n\t\t\t\t\t\t<span itemprop='url'>https:\/\/aarch.dk\/wp-content\/uploads\/2026\/04\/Jonathan-Foote-26_-scaled.jpg<\/span>\n\t\t\t\t\t\t<span itemprop='height'>1707<\/span>\n\t\t\t\t\t\t<span itemprop='width'>2560<\/span>\n\t\t\t\t<\/span>\n\t\t\t\t<span class='av-structured-data'  itemprop=\"publisher\" itemtype=\"https:\/\/schema.org\/Organization\" itemscope=\"itemscope\" >\n\t\t\t\t\t\t<span itemprop='name'>Niels Rysz<\/span>\n\t\t\t\t\t\t<span itemprop='logo' itemscope itemtype='https:\/\/schema.org\/ImageObject'>\n\t\t\t\t\t\t\t<span itemprop='url'>https:\/\/s3-eu-central-1.amazonaws.com\/aarchdk\/wp-content\/uploads\/2019\/02\/03164631\/aarch-logo-dark.svg<\/span>\n\t\t\t\t\t\t <\/span>\n\t\t\t\t<\/span><span class='av-structured-data'  itemprop=\"author\" itemscope=\"itemscope\" itemtype=\"https:\/\/schema.org\/Person\" ><span itemprop='name'>Niels Rysz<\/span><\/span><span class='av-structured-data'  itemprop=\"datePublished\" datetime=\"2025-11-11T10:00:13+01:00\" >2026-04-24 13:52:29<\/span><span class='av-structured-data'  itemprop=\"dateModified\" itemtype=\"https:\/\/schema.org\/dateModified\" >2026-04-27 10:40:10<\/span><span class='av-structured-data'  itemprop=\"mainEntityOfPage\" itemtype=\"https:\/\/schema.org\/mainEntityOfPage\" ><span itemprop='name'>Thinking through making (since 1976): Profile of Jonathan Foote<\/span><\/span><\/span><\/article><article class='slide-entry flex_column  post-entry post-entry-259685 type-post slide-entry-overview slide-loop-2 slide-parity-even  av_one_fourth  real-thumbnail'  itemscope=\"itemscope\" itemtype=\"https:\/\/schema.org\/BlogPosting\" itemprop=\"blogPost\" ><a href='https:\/\/aarch.dk\/en\/arkitekturbiennalen-workswords-kommer-til-aarhus\/' data-rel='slide-1' class='slide-image' title=''><img loading=\"lazy\" decoding=\"async\" width=\"400\" height=\"453\" src=\"https:\/\/aarch.dk\/wp-content\/uploads\/2018\/10\/ep7-nat-13-400x453.jpg\" class=\"attachment-slider-carousel-image-large size-slider-carousel-image-large wp-post-image\" alt=\"Aarhus School of Architecture at Exners Plads 7\" srcset=\"https:\/\/aarch.dk\/wp-content\/uploads\/2018\/10\/ep7-nat-13-400x453.jpg 400w, https:\/\/aarch.dk\/wp-content\/uploads\/2018\/10\/ep7-nat-13-375x425.jpg 375w\" sizes=\"auto, (max-width: 400px) 100vw, 400px\" \/><\/a><div class='slide-content'><header class=\"entry-content-header\"><span class=\"blog-date minor-meta\">17.02.2026<\/span><h3 class='slide-entry-title entry-title'  itemprop=\"headline\" ><a href='https:\/\/aarch.dk\/en\/arkitekturbiennalen-workswords-kommer-til-aarhus\/' title='The Architecture Bienniale WORKS+WORDS comes to Aarhus'>The Architecture Bienniale WORKS+WORDS comes to Aarhus<\/a><\/h3><span class=\"av-vertical-delimiter\"><\/span><\/header><div class='slide-meta'><div class='slide-meta-comments'><a href='https:\/\/aarch.dk\/en\/arkitekturbiennalen-workswords-kommer-til-aarhus\/#respond'>0 Comments<\/a><\/div><div class='slide-meta-del'>\/<\/div><time class='slide-meta-time updated'  itemprop=\"datePublished\" datetime=\"2026-02-17T09:36:54+01:00\" >17.02.2026<\/time><\/div><div class='slide-entry-excerpt entry-content'  itemprop=\"text\" >\r\n\r\n\r\n\r\n\r\n\r\n\r\n\r\n<\/div><\/div><footer class=\"entry-footer\"><\/footer><span class='hidden'>\n\t\t\t\t<span class='av-structured-data'  itemprop=\"image\" itemscope=\"itemscope\" itemtype=\"https:\/\/schema.org\/ImageObject\" >\n\t\t\t\t\t\t<span itemprop='url'>https:\/\/aarch.dk\/wp-content\/uploads\/2018\/10\/ep7-nat-13-scaled.jpg<\/span>\n\t\t\t\t\t\t<span itemprop='height'>1917<\/span>\n\t\t\t\t\t\t<span itemprop='width'>2560<\/span>\n\t\t\t\t<\/span>\n\t\t\t\t<span class='av-structured-data'  itemprop=\"publisher\" itemtype=\"https:\/\/schema.org\/Organization\" itemscope=\"itemscope\" >\n\t\t\t\t\t\t<span itemprop='name'>Niels Rysz<\/span>\n\t\t\t\t\t\t<span itemprop='logo' itemscope itemtype='https:\/\/schema.org\/ImageObject'>\n\t\t\t\t\t\t\t<span itemprop='url'>https:\/\/s3-eu-central-1.amazonaws.com\/aarchdk\/wp-content\/uploads\/2019\/02\/03164631\/aarch-logo-dark.svg<\/span>\n\t\t\t\t\t\t <\/span>\n\t\t\t\t<\/span><span class='av-structured-data'  itemprop=\"author\" itemscope=\"itemscope\" itemtype=\"https:\/\/schema.org\/Person\" ><span itemprop='name'>Niels Rysz<\/span><\/span><span class='av-structured-data'  itemprop=\"datePublished\" datetime=\"2025-11-11T10:00:13+01:00\" >2026-02-17 09:36:54<\/span><span class='av-structured-data'  itemprop=\"dateModified\" itemtype=\"https:\/\/schema.org\/dateModified\" >2026-02-17 11:15:21<\/span><span class='av-structured-data'  itemprop=\"mainEntityOfPage\" itemtype=\"https:\/\/schema.org\/mainEntityOfPage\" ><span itemprop='name'>The Architecture Bienniale WORKS+WORDS comes to Aarhus<\/span><\/span><\/span><\/article><article class='slide-entry flex_column  post-entry post-entry-257557 type-post slide-entry-overview slide-loop-3 slide-parity-odd  av_one_fourth  real-thumbnail'  itemscope=\"itemscope\" itemtype=\"https:\/\/schema.org\/BlogPosting\" itemprop=\"blogPost\" ><a href='https:\/\/aarch.dk\/en\/nyt-forskernetvaerk-vil-undersoege-vedligehold-i-almene-boligbyggerier\/' data-rel='slide-1' class='slide-image' title=''><img loading=\"lazy\" decoding=\"async\" width=\"400\" height=\"453\" src=\"https:\/\/aarch.dk\/wp-content\/uploads\/2025\/12\/25_eu-repairs-6_A_sGRH-kopi-400x453.jpeg\" class=\"attachment-slider-carousel-image-large size-slider-carousel-image-large wp-post-image\" alt=\"Forskernetv\u00e6rket har allerede v\u00e6ret p\u00e5 bes\u00f8g i nogle af boligomr\u00e5derne. Foto: Carolina Dayer.\" srcset=\"https:\/\/aarch.dk\/wp-content\/uploads\/2025\/12\/25_eu-repairs-6_A_sGRH-kopi-400x453.jpeg 400w, https:\/\/aarch.dk\/wp-content\/uploads\/2025\/12\/25_eu-repairs-6_A_sGRH-kopi-375x425.jpeg 375w\" sizes=\"auto, (max-width: 400px) 100vw, 400px\" \/><\/a><div class='slide-content'><header class=\"entry-content-header\"><span class=\"blog-date minor-meta\">05.12.2025<\/span><h3 class='slide-entry-title entry-title'  itemprop=\"headline\" ><a href='https:\/\/aarch.dk\/en\/nyt-forskernetvaerk-vil-undersoege-vedligehold-i-almene-boligbyggerier\/' title='New Research Network to Explore Cultures of Maintenance in Social Housing'>New Research Network to Explore Cultures of Maintenance in Social Housing<\/a><\/h3><span class=\"av-vertical-delimiter\"><\/span><\/header><div class='slide-meta'><div class='slide-meta-comments'><a href='https:\/\/aarch.dk\/en\/nyt-forskernetvaerk-vil-undersoege-vedligehold-i-almene-boligbyggerier\/#respond'>0 Comments<\/a><\/div><div class='slide-meta-del'>\/<\/div><time class='slide-meta-time updated'  itemprop=\"datePublished\" datetime=\"2025-12-05T11:20:03+01:00\" >05.12.2025<\/time><\/div><div class='slide-entry-excerpt entry-content'  itemprop=\"text\" >\r\n\r\n\r\n\r\n\r\n\r\n\r\n\r\n<\/div><\/div><footer class=\"entry-footer\"><\/footer><span class='hidden'>\n\t\t\t\t<span class='av-structured-data'  itemprop=\"image\" itemscope=\"itemscope\" itemtype=\"https:\/\/schema.org\/ImageObject\" >\n\t\t\t\t\t\t<span itemprop='url'>https:\/\/aarch.dk\/wp-content\/uploads\/2025\/12\/25_eu-repairs-6_A_sGRH-kopi.jpeg<\/span>\n\t\t\t\t\t\t<span itemprop='height'>742<\/span>\n\t\t\t\t\t\t<span itemprop='width'>1200<\/span>\n\t\t\t\t<\/span>\n\t\t\t\t<span class='av-structured-data'  itemprop=\"publisher\" itemtype=\"https:\/\/schema.org\/Organization\" itemscope=\"itemscope\" >\n\t\t\t\t\t\t<span itemprop='name'>Niels Rysz<\/span>\n\t\t\t\t\t\t<span itemprop='logo' itemscope itemtype='https:\/\/schema.org\/ImageObject'>\n\t\t\t\t\t\t\t<span itemprop='url'>https:\/\/s3-eu-central-1.amazonaws.com\/aarchdk\/wp-content\/uploads\/2019\/02\/03164631\/aarch-logo-dark.svg<\/span>\n\t\t\t\t\t\t <\/span>\n\t\t\t\t<\/span><span class='av-structured-data'  itemprop=\"author\" itemscope=\"itemscope\" itemtype=\"https:\/\/schema.org\/Person\" ><span itemprop='name'>Niels Rysz<\/span><\/span><span class='av-structured-data'  itemprop=\"datePublished\" datetime=\"2025-11-11T10:00:13+01:00\" >2025-12-05 11:20:03<\/span><span class='av-structured-data'  itemprop=\"dateModified\" itemtype=\"https:\/\/schema.org\/dateModified\" >2025-12-05 11:20:04<\/span><span class='av-structured-data'  itemprop=\"mainEntityOfPage\" itemtype=\"https:\/\/schema.org\/mainEntityOfPage\" ><span itemprop='name'>New Research Network to Explore Cultures of Maintenance in Social Housing<\/span><\/span><\/span><\/article><article class='slide-entry flex_column  post-entry post-entry-256735 type-post slide-entry-overview slide-loop-4 slide-parity-even  post-entry-last  av_one_fourth  real-thumbnail'  itemscope=\"itemscope\" itemtype=\"https:\/\/schema.org\/BlogPosting\" itemprop=\"blogPost\" ><a href='https:\/\/aarch.dk\/en\/aarhus-school-of-architecture-turns-60\/' data-rel='slide-1' class='slide-image' title=''><img loading=\"lazy\" decoding=\"async\" width=\"400\" height=\"453\" src=\"https:\/\/aarch.dk\/wp-content\/uploads\/2022\/08\/Exners_lowres-400x453.jpg\" class=\"attachment-slider-carousel-image-large size-slider-carousel-image-large wp-post-image\" alt=\"Nyt netv\u00e6rk for v\u00e6ksttegnestuer\" srcset=\"https:\/\/aarch.dk\/wp-content\/uploads\/2022\/08\/Exners_lowres-400x453.jpg 400w, https:\/\/aarch.dk\/wp-content\/uploads\/2022\/08\/Exners_lowres-375x425.jpg 375w\" sizes=\"auto, (max-width: 400px) 100vw, 400px\" \/><\/a><div class='slide-content'><header class=\"entry-content-header\"><span class=\"blog-date minor-meta\">11.11.2025<\/span><h3 class='slide-entry-title entry-title'  itemprop=\"headline\" ><a href='https:\/\/aarch.dk\/en\/aarhus-school-of-architecture-turns-60\/' title='Aarhus School of Architecture turns 60'>Aarhus School of Architecture turns 60<\/a><\/h3><span class=\"av-vertical-delimiter\"><\/span><\/header><div class='slide-meta'><div class='slide-meta-comments'><a href='https:\/\/aarch.dk\/en\/aarhus-school-of-architecture-turns-60\/#respond'>0 Comments<\/a><\/div><div class='slide-meta-del'>\/<\/div><time class='slide-meta-time updated'  itemprop=\"datePublished\" datetime=\"2025-11-11T10:00:13+01:00\" >11.11.2025<\/time><\/div><div class='slide-entry-excerpt entry-content'  itemprop=\"text\" >\r\n\r\n\r\n\r\n\r\n\r\n\r\n\r\n\r\n\r\n\r\n\r\n<\/div><\/div><footer class=\"entry-footer\"><\/footer><span class='hidden'>\n\t\t\t\t<span class='av-structured-data'  itemprop=\"image\" itemscope=\"itemscope\" itemtype=\"https:\/\/schema.org\/ImageObject\" >\n\t\t\t\t\t\t<span itemprop='url'>https:\/\/aarch.dk\/wp-content\/uploads\/2022\/08\/Exners_lowres.jpg<\/span>\n\t\t\t\t\t\t<span itemprop='height'>683<\/span>\n\t\t\t\t\t\t<span itemprop='width'>1024<\/span>\n\t\t\t\t<\/span>\n\t\t\t\t<span class='av-structured-data'  itemprop=\"publisher\" itemtype=\"https:\/\/schema.org\/Organization\" itemscope=\"itemscope\" >\n\t\t\t\t\t\t<span itemprop='name'>Trine Steffenauer<\/span>\n\t\t\t\t\t\t<span itemprop='logo' itemscope itemtype='https:\/\/schema.org\/ImageObject'>\n\t\t\t\t\t\t\t<span itemprop='url'>https:\/\/s3-eu-central-1.amazonaws.com\/aarchdk\/wp-content\/uploads\/2019\/02\/03164631\/aarch-logo-dark.svg<\/span>\n\t\t\t\t\t\t <\/span>\n\t\t\t\t<\/span><span class='av-structured-data'  itemprop=\"author\" itemscope=\"itemscope\" itemtype=\"https:\/\/schema.org\/Person\" ><span itemprop='name'>Trine Steffenauer<\/span><\/span><span class='av-structured-data'  itemprop=\"datePublished\" datetime=\"2025-11-11T10:00:13+01:00\" >2025-11-11 10:00:13<\/span><span class='av-structured-data'  itemprop=\"dateModified\" itemtype=\"https:\/\/schema.org\/dateModified\" >2025-11-11 10:41:30<\/span><span class='av-structured-data'  itemprop=\"mainEntityOfPage\" itemtype=\"https:\/\/schema.org\/mainEntityOfPage\" ><span itemprop='name'>Aarhus School of Architecture turns 60<\/span><\/span><\/span><\/article><\/div><\/div><\/div><\/div>\n<\/div><\/div>\n<\/div>\n","protected":false},"excerpt":{"rendered":"","protected":false},"author":37,"featured_media":100801,"comment_status":"open","ping_status":"open","sticky":false,"template":"","format":"standard","meta":{"_acf_changed":false,"footnotes":""},"categories":[326],"tags":[1050,620],"class_list":["post-100118","post","type-post","status-publish","format-standard","has-post-thumbnail","hentry","category-competition","tag-drawing-of-the-year-2020-en","tag-frontpage-news"],"yoast_head":"<!-- This site is optimized with the Yoast SEO plugin v27.2 - https:\/\/yoast.com\/product\/yoast-seo-wordpress\/ -->\n<title>Aarhus School of Architecture presents: Drawing of the Year 2020 - Aarhus School of Architecture<\/title>\n<meta name=\"robots\" content=\"index, follow, max-snippet:-1, max-image-preview:large, max-video-preview:-1\" \/>\n<link rel=\"canonical\" href=\"https:\/\/aarch.dk\/en\/aarhus-school-of-architecture-presents-drawing-of-the-year-2020\/\" \/>\n<meta property=\"og:locale\" content=\"en_US\" \/>\n<meta property=\"og:type\" content=\"article\" \/>\n<meta property=\"og:title\" content=\"Aarhus School of Architecture presents: Drawing of the Year 2020 - Aarhus School of Architecture\" \/>\n<meta property=\"og:url\" content=\"https:\/\/aarch.dk\/en\/aarhus-school-of-architecture-presents-drawing-of-the-year-2020\/\" \/>\n<meta property=\"og:site_name\" content=\"Aarhus School of Architecture\" \/>\n<meta property=\"article:published_time\" content=\"2020-09-01T07:10:37+00:00\" \/>\n<meta property=\"article:modified_time\" content=\"2024-11-18T11:37:40+00:00\" \/>\n<meta property=\"og:image\" content=\"https:\/\/aarch.dk\/wp-content\/uploads\/2020\/08\/doty-400x453-grafik.png\" \/>\n\t<meta property=\"og:image:width\" content=\"400\" \/>\n\t<meta property=\"og:image:height\" content=\"453\" \/>\n\t<meta property=\"og:image:type\" content=\"image\/png\" \/>\n<meta name=\"author\" content=\"Niels Rysz\" \/>\n<meta name=\"twitter:card\" content=\"summary_large_image\" \/>\n<meta name=\"twitter:label1\" content=\"Written by\" \/>\n\t<meta name=\"twitter:data1\" content=\"Niels Rysz\" \/>\n\t<meta name=\"twitter:label2\" content=\"Est. reading time\" \/>\n\t<meta name=\"twitter:data2\" content=\"10 minutes\" \/>\n<script type=\"application\/ld+json\" class=\"yoast-schema-graph\">{\"@context\":\"https:\/\/schema.org\",\"@graph\":[{\"@type\":\"Article\",\"@id\":\"https:\/\/aarch.dk\/en\/aarhus-school-of-architecture-presents-drawing-of-the-year-2020\/#article\",\"isPartOf\":{\"@id\":\"https:\/\/aarch.dk\/en\/aarhus-school-of-architecture-presents-drawing-of-the-year-2020\/\"},\"author\":{\"name\":\"Niels Rysz\",\"@id\":\"https:\/\/aarch.dk\/#\/schema\/person\/077ebb8cf42358d32800bc4d7919c79f\"},\"headline\":\"Aarhus School of Architecture presents: Drawing of the Year 2020\",\"datePublished\":\"2020-09-01T07:10:37+00:00\",\"dateModified\":\"2024-11-18T11:37:40+00:00\",\"mainEntityOfPage\":{\"@id\":\"https:\/\/aarch.dk\/en\/aarhus-school-of-architecture-presents-drawing-of-the-year-2020\/\"},\"wordCount\":3498,\"commentCount\":0,\"image\":{\"@id\":\"https:\/\/aarch.dk\/en\/aarhus-school-of-architecture-presents-drawing-of-the-year-2020\/#primaryimage\"},\"thumbnailUrl\":\"https:\/\/aarch.dk\/wp-content\/uploads\/2020\/08\/doty-400x453-grafik.png\",\"keywords\":[\"Drawing of the Year 2020\",\"Frontpage-news\"],\"articleSection\":[\"Competition\"],\"inLanguage\":\"en-US\",\"potentialAction\":[{\"@type\":\"CommentAction\",\"name\":\"Comment\",\"target\":[\"https:\/\/aarch.dk\/en\/aarhus-school-of-architecture-presents-drawing-of-the-year-2020\/#respond\"]}]},{\"@type\":\"WebPage\",\"@id\":\"https:\/\/aarch.dk\/en\/aarhus-school-of-architecture-presents-drawing-of-the-year-2020\/\",\"url\":\"https:\/\/aarch.dk\/en\/aarhus-school-of-architecture-presents-drawing-of-the-year-2020\/\",\"name\":\"Aarhus School of Architecture presents: Drawing of the Year 2020 - Aarhus School of Architecture\",\"isPartOf\":{\"@id\":\"https:\/\/aarch.dk\/#website\"},\"primaryImageOfPage\":{\"@id\":\"https:\/\/aarch.dk\/en\/aarhus-school-of-architecture-presents-drawing-of-the-year-2020\/#primaryimage\"},\"image\":{\"@id\":\"https:\/\/aarch.dk\/en\/aarhus-school-of-architecture-presents-drawing-of-the-year-2020\/#primaryimage\"},\"thumbnailUrl\":\"https:\/\/aarch.dk\/wp-content\/uploads\/2020\/08\/doty-400x453-grafik.png\",\"datePublished\":\"2020-09-01T07:10:37+00:00\",\"dateModified\":\"2024-11-18T11:37:40+00:00\",\"author\":{\"@id\":\"https:\/\/aarch.dk\/#\/schema\/person\/077ebb8cf42358d32800bc4d7919c79f\"},\"breadcrumb\":{\"@id\":\"https:\/\/aarch.dk\/en\/aarhus-school-of-architecture-presents-drawing-of-the-year-2020\/#breadcrumb\"},\"inLanguage\":\"en-US\",\"potentialAction\":[{\"@type\":\"ReadAction\",\"target\":[\"https:\/\/aarch.dk\/en\/aarhus-school-of-architecture-presents-drawing-of-the-year-2020\/\"]}]},{\"@type\":\"ImageObject\",\"inLanguage\":\"en-US\",\"@id\":\"https:\/\/aarch.dk\/en\/aarhus-school-of-architecture-presents-drawing-of-the-year-2020\/#primaryimage\",\"url\":\"https:\/\/aarch.dk\/wp-content\/uploads\/2020\/08\/doty-400x453-grafik.png\",\"contentUrl\":\"https:\/\/aarch.dk\/wp-content\/uploads\/2020\/08\/doty-400x453-grafik.png\",\"width\":400,\"height\":453,\"caption\":\"DOTY 2020\"},{\"@type\":\"BreadcrumbList\",\"@id\":\"https:\/\/aarch.dk\/en\/aarhus-school-of-architecture-presents-drawing-of-the-year-2020\/#breadcrumb\",\"itemListElement\":[{\"@type\":\"ListItem\",\"position\":1,\"name\":\"Home\",\"item\":\"https:\/\/aarch.dk\/en\/\"},{\"@type\":\"ListItem\",\"position\":2,\"name\":\"Drawing of the Year 2020\",\"item\":\"https:\/\/aarch.dk\/en\/tag\/drawing-of-the-year-2020-en\/\"},{\"@type\":\"ListItem\",\"position\":3,\"name\":\"Aarhus School of Architecture presents: Drawing of the Year 2020\"}]},{\"@type\":\"WebSite\",\"@id\":\"https:\/\/aarch.dk\/#website\",\"url\":\"https:\/\/aarch.dk\/\",\"name\":\"Aarhus School of Architecture\",\"description\":\"\",\"potentialAction\":[{\"@type\":\"SearchAction\",\"target\":{\"@type\":\"EntryPoint\",\"urlTemplate\":\"https:\/\/aarch.dk\/?s={search_term_string}\"},\"query-input\":{\"@type\":\"PropertyValueSpecification\",\"valueRequired\":true,\"valueName\":\"search_term_string\"}}],\"inLanguage\":\"en-US\"},{\"@type\":\"Person\",\"@id\":\"https:\/\/aarch.dk\/#\/schema\/person\/077ebb8cf42358d32800bc4d7919c79f\",\"name\":\"Niels Rysz\",\"image\":{\"@type\":\"ImageObject\",\"inLanguage\":\"en-US\",\"@id\":\"https:\/\/secure.gravatar.com\/avatar\/e7ba6b2047544aae0f42adc61e9f2f95434d1006819dcef79822bd55eef9181a?s=96&d=mm&r=g\",\"url\":\"https:\/\/secure.gravatar.com\/avatar\/e7ba6b2047544aae0f42adc61e9f2f95434d1006819dcef79822bd55eef9181a?s=96&d=mm&r=g\",\"contentUrl\":\"https:\/\/secure.gravatar.com\/avatar\/e7ba6b2047544aae0f42adc61e9f2f95434d1006819dcef79822bd55eef9181a?s=96&d=mm&r=g\",\"caption\":\"Niels Rysz\"}}]}<\/script>\n<!-- \/ Yoast SEO plugin. -->","yoast_head_json":{"title":"Aarhus School of Architecture presents: Drawing of the Year 2020 - Aarhus School of Architecture","robots":{"index":"index","follow":"follow","max-snippet":"max-snippet:-1","max-image-preview":"max-image-preview:large","max-video-preview":"max-video-preview:-1"},"canonical":"https:\/\/aarch.dk\/en\/aarhus-school-of-architecture-presents-drawing-of-the-year-2020\/","og_locale":"en_US","og_type":"article","og_title":"Aarhus School of Architecture presents: Drawing of the Year 2020 - Aarhus School of Architecture","og_url":"https:\/\/aarch.dk\/en\/aarhus-school-of-architecture-presents-drawing-of-the-year-2020\/","og_site_name":"Aarhus School of Architecture","article_published_time":"2020-09-01T07:10:37+00:00","article_modified_time":"2024-11-18T11:37:40+00:00","og_image":[{"width":400,"height":453,"url":"https:\/\/aarch.dk\/wp-content\/uploads\/2020\/08\/doty-400x453-grafik.png","type":"image\/png"}],"author":"Niels Rysz","twitter_card":"summary_large_image","twitter_misc":{"Written by":"Niels Rysz","Est. reading time":"10 minutes"},"schema":{"@context":"https:\/\/schema.org","@graph":[{"@type":"Article","@id":"https:\/\/aarch.dk\/en\/aarhus-school-of-architecture-presents-drawing-of-the-year-2020\/#article","isPartOf":{"@id":"https:\/\/aarch.dk\/en\/aarhus-school-of-architecture-presents-drawing-of-the-year-2020\/"},"author":{"name":"Niels Rysz","@id":"https:\/\/aarch.dk\/#\/schema\/person\/077ebb8cf42358d32800bc4d7919c79f"},"headline":"Aarhus School of Architecture presents: Drawing of the Year 2020","datePublished":"2020-09-01T07:10:37+00:00","dateModified":"2024-11-18T11:37:40+00:00","mainEntityOfPage":{"@id":"https:\/\/aarch.dk\/en\/aarhus-school-of-architecture-presents-drawing-of-the-year-2020\/"},"wordCount":3498,"commentCount":0,"image":{"@id":"https:\/\/aarch.dk\/en\/aarhus-school-of-architecture-presents-drawing-of-the-year-2020\/#primaryimage"},"thumbnailUrl":"https:\/\/aarch.dk\/wp-content\/uploads\/2020\/08\/doty-400x453-grafik.png","keywords":["Drawing of the Year 2020","Frontpage-news"],"articleSection":["Competition"],"inLanguage":"en-US","potentialAction":[{"@type":"CommentAction","name":"Comment","target":["https:\/\/aarch.dk\/en\/aarhus-school-of-architecture-presents-drawing-of-the-year-2020\/#respond"]}]},{"@type":"WebPage","@id":"https:\/\/aarch.dk\/en\/aarhus-school-of-architecture-presents-drawing-of-the-year-2020\/","url":"https:\/\/aarch.dk\/en\/aarhus-school-of-architecture-presents-drawing-of-the-year-2020\/","name":"Aarhus School of Architecture presents: Drawing of the Year 2020 - Aarhus School of Architecture","isPartOf":{"@id":"https:\/\/aarch.dk\/#website"},"primaryImageOfPage":{"@id":"https:\/\/aarch.dk\/en\/aarhus-school-of-architecture-presents-drawing-of-the-year-2020\/#primaryimage"},"image":{"@id":"https:\/\/aarch.dk\/en\/aarhus-school-of-architecture-presents-drawing-of-the-year-2020\/#primaryimage"},"thumbnailUrl":"https:\/\/aarch.dk\/wp-content\/uploads\/2020\/08\/doty-400x453-grafik.png","datePublished":"2020-09-01T07:10:37+00:00","dateModified":"2024-11-18T11:37:40+00:00","author":{"@id":"https:\/\/aarch.dk\/#\/schema\/person\/077ebb8cf42358d32800bc4d7919c79f"},"breadcrumb":{"@id":"https:\/\/aarch.dk\/en\/aarhus-school-of-architecture-presents-drawing-of-the-year-2020\/#breadcrumb"},"inLanguage":"en-US","potentialAction":[{"@type":"ReadAction","target":["https:\/\/aarch.dk\/en\/aarhus-school-of-architecture-presents-drawing-of-the-year-2020\/"]}]},{"@type":"ImageObject","inLanguage":"en-US","@id":"https:\/\/aarch.dk\/en\/aarhus-school-of-architecture-presents-drawing-of-the-year-2020\/#primaryimage","url":"https:\/\/aarch.dk\/wp-content\/uploads\/2020\/08\/doty-400x453-grafik.png","contentUrl":"https:\/\/aarch.dk\/wp-content\/uploads\/2020\/08\/doty-400x453-grafik.png","width":400,"height":453,"caption":"DOTY 2020"},{"@type":"BreadcrumbList","@id":"https:\/\/aarch.dk\/en\/aarhus-school-of-architecture-presents-drawing-of-the-year-2020\/#breadcrumb","itemListElement":[{"@type":"ListItem","position":1,"name":"Home","item":"https:\/\/aarch.dk\/en\/"},{"@type":"ListItem","position":2,"name":"Drawing of the Year 2020","item":"https:\/\/aarch.dk\/en\/tag\/drawing-of-the-year-2020-en\/"},{"@type":"ListItem","position":3,"name":"Aarhus School of Architecture presents: Drawing of the Year 2020"}]},{"@type":"WebSite","@id":"https:\/\/aarch.dk\/#website","url":"https:\/\/aarch.dk\/","name":"Aarhus School of Architecture","description":"","potentialAction":[{"@type":"SearchAction","target":{"@type":"EntryPoint","urlTemplate":"https:\/\/aarch.dk\/?s={search_term_string}"},"query-input":{"@type":"PropertyValueSpecification","valueRequired":true,"valueName":"search_term_string"}}],"inLanguage":"en-US"},{"@type":"Person","@id":"https:\/\/aarch.dk\/#\/schema\/person\/077ebb8cf42358d32800bc4d7919c79f","name":"Niels Rysz","image":{"@type":"ImageObject","inLanguage":"en-US","@id":"https:\/\/secure.gravatar.com\/avatar\/e7ba6b2047544aae0f42adc61e9f2f95434d1006819dcef79822bd55eef9181a?s=96&d=mm&r=g","url":"https:\/\/secure.gravatar.com\/avatar\/e7ba6b2047544aae0f42adc61e9f2f95434d1006819dcef79822bd55eef9181a?s=96&d=mm&r=g","contentUrl":"https:\/\/secure.gravatar.com\/avatar\/e7ba6b2047544aae0f42adc61e9f2f95434d1006819dcef79822bd55eef9181a?s=96&d=mm&r=g","caption":"Niels Rysz"}}]}},"acf":[],"_links":{"self":[{"href":"https:\/\/aarch.dk\/en\/wp-json\/wp\/v2\/posts\/100118","targetHints":{"allow":["GET"]}}],"collection":[{"href":"https:\/\/aarch.dk\/en\/wp-json\/wp\/v2\/posts"}],"about":[{"href":"https:\/\/aarch.dk\/en\/wp-json\/wp\/v2\/types\/post"}],"author":[{"embeddable":true,"href":"https:\/\/aarch.dk\/en\/wp-json\/wp\/v2\/users\/37"}],"replies":[{"embeddable":true,"href":"https:\/\/aarch.dk\/en\/wp-json\/wp\/v2\/comments?post=100118"}],"version-history":[{"count":12,"href":"https:\/\/aarch.dk\/en\/wp-json\/wp\/v2\/posts\/100118\/revisions"}],"predecessor-version":[{"id":232138,"href":"https:\/\/aarch.dk\/en\/wp-json\/wp\/v2\/posts\/100118\/revisions\/232138"}],"wp:featuredmedia":[{"embeddable":true,"href":"https:\/\/aarch.dk\/en\/wp-json\/wp\/v2\/media\/100801"}],"wp:attachment":[{"href":"https:\/\/aarch.dk\/en\/wp-json\/wp\/v2\/media?parent=100118"}],"wp:term":[{"taxonomy":"category","embeddable":true,"href":"https:\/\/aarch.dk\/en\/wp-json\/wp\/v2\/categories?post=100118"},{"taxonomy":"post_tag","embeddable":true,"href":"https:\/\/aarch.dk\/en\/wp-json\/wp\/v2\/tags?post=100118"}],"curies":[{"name":"wp","href":"https:\/\/api.w.org\/{rel}","templated":true}]}}