{"id":111229,"date":"2020-12-02T10:59:53","date_gmt":"2020-12-02T09:59:53","guid":{"rendered":"https:\/\/aarch.dk\/unge-arkitekter-kan-styrke-udviklingen-i-kommunerne\/"},"modified":"2025-03-03T12:42:45","modified_gmt":"2025-03-03T11:42:45","slug":"young-architects-can-help-municipalities-develop","status":"publish","type":"post","link":"https:\/\/aarch.dk\/en\/young-architects-can-help-municipalities-develop\/","title":{"rendered":"Young architects can help municipalities develop"},"content":{"rendered":"<div id='av_section_1'  class='avia-section main_color avia-section-default avia-no-border-styling  avia-bg-style-scroll  avia-builder-el-0  el_before_av_section  avia-builder-el-first  aarch-header-type-2  container_wrap fullsize' style=' '  ><div class='container' ><main  role=\"main\" itemprop=\"mainContentOfPage\"  class='template-page content  av-content-full alpha units'><div class='post-entry post-entry-type-page post-entry-111229'><div class='entry-content-wrapper clearfix'>\n<section class=\"av_textblock_section \"  itemscope=\"itemscope\" itemtype=\"https:\/\/schema.org\/BlogPosting\" itemprop=\"blogPost\" ><div class='avia_textblock aarch-header-type-2-nav '   itemprop=\"text\" ><p><a href=\"https:\/\/aarch.dk\/en\/news\/\">News<\/a><\/p>\n<\/div><\/section>\n<section class=\"av_textblock_section \"  itemscope=\"itemscope\" itemtype=\"https:\/\/schema.org\/BlogPosting\" itemprop=\"blogPost\" ><div class='avia_textblock aarch-header-type-2-title '   itemprop=\"text\" ><h1>Young architects can help municipalities develop<\/h1>\n<\/div><\/section>\n<section class=\"av_textblock_section \"  itemscope=\"itemscope\" itemtype=\"https:\/\/schema.org\/BlogPosting\" itemprop=\"blogPost\" ><div class='avia_textblock aarch-header-type-2-subtitle '   itemprop=\"text\" ><p>Climate change, congestion, migration away from the area and closed shops. These are just some of the many challenges municipalities face today. This calls for creative and visionary urban development that understands the qualities of the place &#8211; and this is what architects are trained to deliver.<\/p>\n<\/div><\/section>\n<section class=\"av_textblock_section \"  itemscope=\"itemscope\" itemtype=\"https:\/\/schema.org\/BlogPosting\" itemprop=\"blogPost\" ><div class='avia_textblock aarch-header-type-2-by-title '   itemprop=\"text\" ><p>02.12.2020<\/p>\n<\/div><\/section>\n\n<\/div><\/div><\/main><!-- close content main element --><\/div><\/div><div id='av_section_2'  class='avia-section main_color avia-section-default avia-no-border-styling  avia-bg-style-scroll  avia-builder-el-5  el_after_av_section  el_before_av_section   container_wrap fullsize' style=' '  ><div class='container' ><div class='template-page content  av-content-full alpha units'><div class='post-entry post-entry-type-page post-entry-111229'><div class='entry-content-wrapper clearfix'>\n<div class=\"flex_column av_one_fifth  flex_column_div av-zero-column-padding first  avia-builder-el-6  el_before_av_three_fifth  avia-builder-el-first  \" style='border-radius:0px; '><\/div><div class=\"flex_column av_three_fifth  flex_column_div av-zero-column-padding   avia-builder-el-7  el_after_av_one_fifth  el_before_av_one_fifth  \" style='border-radius:0px; '><section class=\"av_textblock_section \"  itemscope=\"itemscope\" itemtype=\"https:\/\/schema.org\/BlogPosting\" itemprop=\"blogPost\" ><div class='avia_textblock  '   itemprop=\"text\" ><p>However, many municipalities find it difficult to attract architects. For this reason, a new campaign entitled Planer for fremtiden (Plans for the Future) aims at making young architects aware of the many exciting tasks architects work within municipal offices.<\/p>\n<p>Andreas Munksgaard Weir has moved from N\u00f8rrebro to Bog\u00f8. He is one of the few young architects who have taken the leap directly from the architectural programme in Copenhagen to a job as a planner in Vordingborg Municipality, where he is working with climate and urban planning. This has resulted in many opportunities and responsibilities, including being project manager for a development plan for Stege, on the island of M\u00f8n, a town which is part of a large municipality located in the southern part of Zealand.<\/p>\n<p>Andreas Munksgaard Weir&#8217;s story is one of six stories about young architects who have chosen a career path in municipal offices. These stories will kick off the campaign &#8220;Plans for the Future&#8221; on 2 December. The campaign is aimed at architecture students, young architects and municipalities and focuses on the many different tasks that architects work within the municipalities and the competencies they bring into play.<\/p>\n<\/div><\/section><\/div><div class=\"flex_column av_one_fifth  flex_column_div av-zero-column-padding   avia-builder-el-9  el_after_av_three_fifth  avia-builder-el-last  \" style='border-radius:0px; '><\/div>\n\n<\/div><\/div><\/div><!-- close content main div --><\/div><\/div><div id='av_section_3'  class='avia-section main_color avia-section-no-padding avia-no-border-styling  avia-bg-style-scroll  avia-builder-el-10  el_after_av_section  el_before_av_section   container_wrap fullsize' style=' '  ><div class='container' ><div class='template-page content  av-content-full alpha units'><div class='post-entry post-entry-type-page post-entry-111229'><div class='entry-content-wrapper clearfix'>\n<div class=\"flex_column av_one_fifth  flex_column_div av-zero-column-padding first  avia-builder-el-11  el_before_av_three_fifth  avia-builder-el-first  \" style='border-radius:0px; '><\/div><div class=\"flex_column av_three_fifth  flex_column_div av-zero-column-padding   avia-builder-el-12  el_after_av_one_fifth  el_before_av_one_fifth  \" style='border-radius:0px; '><div  class='avia-image-container  av-styling-  av-has-copyright av-copyright-always   avia-builder-el-13  avia-builder-el-no-sibling  avia-align-center '  itemprop=\"image\" itemscope=\"itemscope\" itemtype=\"https:\/\/schema.org\/ImageObject\"  ><div class='avia-image-container-inner'><div class='avia-image-overlay-wrap'><a href='https:\/\/aarch.dk\/wp-content\/uploads\/2020\/12\/K9A8277-1030x687.jpg' class='avia_image'  ><img class='avia_image ' src='https:\/\/aarch.dk\/wp-content\/uploads\/2020\/12\/K9A8277.jpg' alt='Andreas Munksgaard Weir came directly from the architectural education in Copenhagen to a job as a planner in Vordingborg Municipality.' title='Andreas Munksgaard Weir came directly from the architectural education in Copenhagen to a job as a planner in Vordingborg Municipality.'  itemprop=\"thumbnailUrl\"  \/><\/a><\/div><small class='avia-copyright'>Andreas Munksgaard Weir came directly from the architectural education in Copenhagen to a job as a planner in Vordingborg Municipality.<\/small><\/div><\/div><\/div><div class=\"flex_column av_one_fifth  flex_column_div av-zero-column-padding   avia-builder-el-14  el_after_av_three_fifth  avia-builder-el-last  \" style='border-radius:0px; '><\/div>\n\n<\/div><\/div><\/div><!-- close content main div --><\/div><\/div><div id='av_section_4'  class='avia-section main_color avia-section-default avia-no-border-styling  avia-bg-style-scroll  avia-builder-el-15  el_after_av_section  el_before_av_section   container_wrap fullsize' style=' '  ><div class='container' ><div class='template-page content  av-content-full alpha units'><div class='post-entry post-entry-type-page post-entry-111229'><div class='entry-content-wrapper clearfix'>\n<div class=\"flex_column av_one_fifth  flex_column_div av-zero-column-padding first  avia-builder-el-16  el_before_av_three_fifth  avia-builder-el-first  \" style='border-radius:0px; '><\/div><div class=\"flex_column av_three_fifth  flex_column_div av-zero-column-padding   avia-builder-el-17  el_after_av_one_fifth  el_before_av_one_fifth  \" style='border-radius:0px; '><section class=\"av_textblock_section \"  itemscope=\"itemscope\" itemtype=\"https:\/\/schema.org\/BlogPosting\" itemprop=\"blogPost\" ><div class='avia_textblock  '   itemprop=\"text\" ><h5>An understanding of the whole and the qualities of a place<\/h5>\n<p>Traditionally, architects have been at the helm of municipalities&#8217; planning offices due to their ability to think holistically and ensure a sustainable development of buildings, urban spaces and landscapes that matches the area&#8217;s general expression, while respecting the spirit of the place. And this is also in demand, both in municipalities that are developing at a rapid pace, where new buildings are cropping up everywhere, and also where there is a need to initiate development.<\/p>\n<p>Regardless, not many young, recently qualified architects look towards municipal planning and administration. And this annoys Lars Autrup, CEO of the Danish Architects\u2019 Association:<\/p>\n<p>\u201cMany young architects do not consider a job in the public sector as creative and developing. However, architects who work in the municipal sector have great opportunities to influence the development or transformation of entire areas, or how the municipality&#8217;s new culture house should be incorporated into the urban area. You help create the overall framework that ensures beautiful, healthy, sustainable and functional buildings that relate to the qualities of the place. And this is where the architect can really make a difference\u201d.<\/p>\n<h5>Good job opportunities in the municipalities<\/h5>\n<p>According to The Union of Architects and Designers (FAOD), there are also good reasons in terms of employment for young architects to be more aware of the opportunities offered by the municipal sector:<\/p>\n<p>\u201cWe see that particularly young architects mostly orient themselves towards a few design studios located in the big cities. This is a pity. In the municipalities, there are many exciting challenges that call for highly skilled architects. The green transition often starts in the municipalities, and it is in the municipalities that the architects can leave their mark on the way society develops. Architects who find employment in the municipalities are often extremely satisfied with their jobs. This is due to the high potential for developing professionally and the responsibilities they are given &#8211; but it is also due to the well-structured and safe employment conditions&#8221;, says CEO of The Union of Architects and Designers, Arne Ennegaard J\u00f8rgensen.<\/p>\n<h5>Architecture students show an increased interest in urban and landscape development<\/h5>\n<p>In architecture schools, they see an increased interest in urban and landscape development among the students:<\/p>\n<p>\u201cThese years, architecture students are driven by a social commitment and the desire to work across disciplines. And we notice a growing interest among students, who precisely see the municipalities as an opportunity to practice their profession and help influence the major agendas. But we want to open the eyes of even more architecture students and young architects to the municipalities&#8217; increased focus on developing urban areas and landscapes, where environmental concerns and social sustainability are in focus along with architectural qualities&#8221;, say both Prorector at Aarhus School of Architecture, Kristine Leth Juul and Head of the School of Architecture of The Royal Danish Academy, Jakob Brandtberg Knudsen.<\/p>\n<\/div><\/section><\/div><div class=\"flex_column av_one_fifth  flex_column_div av-zero-column-padding   avia-builder-el-19  el_after_av_three_fifth  avia-builder-el-last  \" style='border-radius:0px; '><\/div>\n\n<\/div><\/div><\/div><!-- close content main div --><\/div><\/div><div id='av_section_5'  class='avia-section main_color avia-section-no-padding avia-no-border-styling  avia-bg-style-scroll  avia-builder-el-20  el_after_av_section  el_before_av_section   container_wrap fullsize' style=' '  ><div class='container' ><div class='template-page content  av-content-full alpha units'><div class='post-entry post-entry-type-page post-entry-111229'><div class='entry-content-wrapper clearfix'>\n<div class=\"flex_column av_one_third  flex_column_div av-zero-column-padding first  avia-builder-el-21  el_before_av_one_third  avia-builder-el-first  \" style='border-radius:0px; '><div  class='avia-image-container  av-styling-  av-has-copyright av-copyright-always   avia-builder-el-22  avia-builder-el-no-sibling  avia-align-center '  itemprop=\"image\" itemscope=\"itemscope\" itemtype=\"https:\/\/schema.org\/ImageObject\"  ><div class='avia-image-container-inner'><div class='avia-image-overlay-wrap'><a href='https:\/\/aarch.dk\/wp-content\/uploads\/2020\/12\/K9A8903-1030x687.jpg' class='avia_image'  ><img class='avia_image ' src='https:\/\/aarch.dk\/wp-content\/uploads\/2020\/12\/K9A8903.jpg' alt='Architect Rikke Lequick works with urban renewal in Copenhagen.' title='Architect Rikke Lequick works with urban renewal in Copenhagen.'  itemprop=\"thumbnailUrl\"  \/><\/a><\/div><small class='avia-copyright'>Architect Rikke Lequick works with urban renewal in Copenhagen.<\/small><\/div><\/div><\/div><div class=\"flex_column av_one_third  flex_column_div av-zero-column-padding   avia-builder-el-23  el_after_av_one_third  el_before_av_one_third  \" style='border-radius:0px; '><div  class='avia-image-container  av-styling-  av-has-copyright av-copyright-always   avia-builder-el-24  avia-builder-el-no-sibling  avia-align-center '  itemprop=\"image\" itemscope=\"itemscope\" itemtype=\"https:\/\/schema.org\/ImageObject\"  ><div class='avia-image-container-inner'><div class='avia-image-overlay-wrap'><a href='https:\/\/aarch.dk\/wp-content\/uploads\/2020\/12\/K9A9340-1-1030x687.jpg' class='avia_image'  ><img class='avia_image ' src='https:\/\/aarch.dk\/wp-content\/uploads\/2020\/12\/K9A9340-1.jpg' alt='Architect Lotta Tiselius works as a project developer in Vejle Municipality, where they have just arranged an idea competition on urban development and storm surge protection of the future.' title='Architect Lotta Tiselius works as a project developer in Vejle Municipality, where they have just arranged an idea competition on urban development and storm surge protection of the future.'  itemprop=\"thumbnailUrl\"  \/><\/a><\/div><small class='avia-copyright'>Architect Lotta Tiselius works as a project developer in Vejle Municipality, where they have just arranged an idea competition on urban development and storm surge protection of the future.<\/small><\/div><\/div><\/div><div class=\"flex_column av_one_third  flex_column_div av-zero-column-padding   avia-builder-el-25  el_after_av_one_third  avia-builder-el-last  \" style='border-radius:0px; '><div  class='avia-image-container  av-styling-  av-has-copyright av-copyright-always   avia-builder-el-26  avia-builder-el-no-sibling  avia-align-center '  itemprop=\"image\" itemscope=\"itemscope\" itemtype=\"https:\/\/schema.org\/ImageObject\"  ><div class='avia-image-container-inner'><div class='avia-image-overlay-wrap'><a href='https:\/\/aarch.dk\/wp-content\/uploads\/2020\/12\/K9A9817-1030x687.jpg' class='avia_image'  ><img class='avia_image ' src='https:\/\/aarch.dk\/wp-content\/uploads\/2020\/12\/K9A9817.jpg' alt='Karen Bay Lindkvist works as an urban planner in Br\u00f8ndby municipality. She is in the process of transforming a parking lot at Br\u00f8ndby Stadium into a vibrant area.' title='Karen Bay Lindkvist works as an urban planner in Br\u00f8ndby municipality. She is in the process of transforming a parking lot at Br\u00f8ndby Stadium into a vibrant area.'  itemprop=\"thumbnailUrl\"  \/><\/a><\/div><small class='avia-copyright'>Karen Bay Lindkvist works as an urban planner in Br\u00f8ndby municipality. She is in the process of transforming a parking lot at Br\u00f8ndby Stadium into a vibrant area.<\/small><\/div><\/div><\/div>\n\n<\/div><\/div><\/div><!-- close content main div --><\/div><\/div><div id='av_section_6'  class='avia-section main_color avia-section-default avia-no-border-styling  avia-bg-style-scroll  avia-builder-el-27  el_after_av_section  el_before_av_section   container_wrap fullsize' style=' '  ><div class='container' ><div class='template-page content  av-content-full alpha units'><div class='post-entry post-entry-type-page post-entry-111229'><div class='entry-content-wrapper clearfix'>\n<div class=\"flex_column av_one_fifth  flex_column_div av-zero-column-padding first  avia-builder-el-28  el_before_av_three_fifth  avia-builder-el-first  \" style='border-radius:0px; '><\/div><div class=\"flex_column av_three_fifth  flex_column_div av-zero-column-padding   avia-builder-el-29  el_after_av_one_fifth  el_before_av_one_fifth  \" style='border-radius:0px; '><section class=\"av_textblock_section \"  itemscope=\"itemscope\" itemtype=\"https:\/\/schema.org\/BlogPosting\" itemprop=\"blogPost\" ><div class='avia_textblock  '   itemprop=\"text\" ><h5>About the campaign<\/h5>\n<p>The campaign &#8216;Plans for the Future&#8217; will be launched on 2 December 2020 and will, to begin with, continue until March 2021. The campaign is continuously being developed to include stories told by architects who work with planning in all of Denmark.<\/p>\n<p>The Danish Architects\u2019 Association, The Danish Town Planning Institute, The Union of Architects and Designers, as well as the two schools of architecture are behind the campaign: Aarhus School of Architecture and the Royal Danish Academy &#8211; Architecture, Design, Conservation in Copenhagen. The campaign is supported by The Dreyer Foundation.<\/p>\n<p>Learn more about the campaign and see the six portraits of the young architects who are working in respectively in the municipalities of Br\u00f8ndby, N\u00e6stved, Odense, Vejle, Vordingborg and Copenhagen here:<\/p>\n<h5>For more information, please contact:<\/h5>\n<p>Sussi Heimburger, Press Officer, the Danish Architects\u2019 Association<br \/>\nT: 24468262, E: <a href=\"mailto:sh@arkitektforeningen.dk\">sh@arkitektforeningen.dk<\/a><\/p>\n<p>Kamilla B\u00f8ges\u00f8 Kj\u00e6rgaard, Communications Consultant, FAOD<br \/>\nT: 5361 6991, E: <a href=\"mailto:kbk@faod.dk\">kbk@faod.dk<\/a><\/p>\n<p>Signe Janderup, Communications Consultant, Aarhus School of Architecture<br \/>\nT: 8936 0199, E: <a href=\"mailto:sj@aarch.dk\">sj@aarch.dk<\/a><\/p>\n<p>Henrik Bay, Press Consultant, The Royal Danish Academy\u00a0&#8211;\u00a0Architecture, Design, Conservation<br \/>\nT: 5353 4665, E: \u00a0<a href=\"mailto:hbay@kglakademi.dk\">hbay@kglakademi.dk<\/a><\/p>\n<\/div><\/section><\/div><div class=\"flex_column av_one_fifth  flex_column_div av-zero-column-padding   avia-builder-el-31  el_after_av_three_fifth  avia-builder-el-last  \" style='border-radius:0px; '><\/div><\/div><\/div><\/div><!-- close content main div --><\/div><\/div><div id='av_section_7'  class='avia-section main_color avia-section-default avia-no-border-styling  avia-bg-style-scroll  avia-builder-el-32  el_after_av_section  el_before_av_section   container_wrap fullsize' style=' '  ><div class='container' ><div class='template-page content  av-content-full alpha units'><div class='post-entry post-entry-type-page post-entry-111229'><div class='entry-content-wrapper clearfix'>\n<div class=\"flex_column av_one_full  flex_column_div av-zero-column-padding first  avia-builder-el-33  el_before_av_one_fifth  avia-builder-el-first  \" style='border-radius:0px; '><div   class='hr hr-default   avia-builder-el-34  avia-builder-el-no-sibling '><span class='hr-inner ' ><span class='hr-inner-style'><\/span><\/span><\/div><\/div><div class=\"flex_column av_one_fifth  flex_column_div av-zero-column-padding first  avia-builder-el-35  el_after_av_one_full  el_before_av_three_fifth  column-top-margin\" style='border-radius:0px; '><\/div><div class=\"flex_column av_three_fifth  flex_column_div av-zero-column-padding   avia-builder-el-36  el_after_av_one_fifth  el_before_av_one_fifth  column-top-margin\" style='border-radius:0px; '><div  class='av-social-sharing-box  avia-builder-el-37  avia-builder-el-no-sibling  '><div class='av-share-box'><ul class='av-share-box-list noLightbox'><li class='av-share-link av-social-link-facebook' ><a target=\"_blank\" aria-label=\"Share on Facebook\" href='https:\/\/www.facebook.com\/sharer.php?u=https:\/\/aarch.dk\/en\/young-architects-can-help-municipalities-develop\/&#038;t=Young%20architects%20can%20help%20municipalities%20develop' aria-hidden='false' data-av_icon='\ue8f3' data-av_iconfont='entypo-fontello' title='' data-avia-related-tooltip='Share on Facebook' rel=\"noopener\"><span class='avia_hidden_link_text'>Share on Facebook<\/span><\/a><\/li><li class='av-share-link av-social-link-twitter' ><a target=\"_blank\" aria-label=\"Share on Twitter\" href='https:\/\/twitter.com\/share?text=Young%20architects%20can%20help%20municipalities%20develop&#038;url=https:\/\/aarch.dk\/en\/?p=111229' aria-hidden='false' data-av_icon='\ue8f1' data-av_iconfont='entypo-fontello' title='' data-avia-related-tooltip='Share on Twitter' rel=\"noopener\"><span class='avia_hidden_link_text'>Share on Twitter<\/span><\/a><\/li><li class='av-share-link av-social-link-linkedin' ><a target=\"_blank\" aria-label=\"Share on LinkedIn\" href='https:\/\/linkedin.com\/shareArticle?mini=true&#038;title=Young%20architects%20can%20help%20municipalities%20develop&#038;url=https:\/\/aarch.dk\/en\/young-architects-can-help-municipalities-develop\/' aria-hidden='false' data-av_icon='\ue8fc' data-av_iconfont='entypo-fontello' title='' data-avia-related-tooltip='Share on LinkedIn' rel=\"noopener\"><span class='avia_hidden_link_text'>Share on LinkedIn<\/span><\/a><\/li><li class='av-share-link av-social-link-mail' ><a  aria-label=\"Share by Mail\" href='mailto:?subject=Young%20architects%20can%20help%20municipalities%20develop&#038;body=https:\/\/aarch.dk\/en\/young-architects-can-help-municipalities-develop\/' aria-hidden='false' data-av_icon='\ue805' data-av_iconfont='entypo-fontello' title='' data-avia-related-tooltip='Share by Mail'><span class='avia_hidden_link_text'>Share by Mail<\/span><\/a><\/li><\/ul><\/div><\/div><\/div><div class=\"flex_column av_one_fifth  flex_column_div av-zero-column-padding   avia-builder-el-38  el_after_av_three_fifth  avia-builder-el-last  column-top-margin\" style='border-radius:0px; '><\/div>\n<\/p>\n<\/div><\/div><\/div><!-- close content main div --><\/div><\/div><div id='av_section_8'  class='avia-section main_color avia-section-default avia-no-border-styling  avia-bg-style-scroll  avia-builder-el-39  el_after_av_section  el_before_av_section  section-label  container_wrap fullsize' style=' '  ><div class='container' ><div class='template-page content  av-content-full alpha units'><div class='post-entry post-entry-type-page post-entry-111229'><div class='entry-content-wrapper clearfix'>\n<section class=\"av_textblock_section \"  itemscope=\"itemscope\" itemtype=\"https:\/\/schema.org\/BlogPosting\" itemprop=\"blogPost\" ><div class='avia_textblock  '   itemprop=\"text\" ><p class=\"section-label-text\">Relateret<\/p>\n<\/div><\/section>\n\n<\/div><\/div><\/div><!-- close content main div --><\/div><\/div><div id='av_section_9'  class='avia-section main_color avia-section-huge avia-no-border-styling  avia-bg-style-scroll  avia-builder-el-41  el_after_av_section  el_before_av_layout_row  content-padding-bottom-0  container_wrap fullsize' style='background-color: #1b47a9;  '  ><div class='container' ><div class='template-page content  av-content-full alpha units'><div class='post-entry post-entry-type-page post-entry-111229'><div class='entry-content-wrapper clearfix'>\n<div class='flex_column_table av-equal-height-column-flextable -flextable' ><div class=\"flex_column av_three_fifth  flex_column_table_cell av-equal-height-column av-align-bottom av-zero-column-padding first  avia-builder-el-42  el_before_av_one_fifth  avia-builder-el-first  \" style='border-radius:0px; '><section class=\"av_textblock_section \"  itemscope=\"itemscope\" itemtype=\"https:\/\/schema.org\/BlogPosting\" itemprop=\"blogPost\" ><div class='avia_textblock  '   itemprop=\"text\" ><p class=\"font-size-xsmall margin-bottom-30 color-00\"><strong class=\"color-00\">M\u00c5SKE ER DU OGS\u00c5 INTERESSERET I DETTE<\/strong><\/p>\n<h3 class=\"font-size-large margin-bottom-0 color-00\">RELATERET INDHOLD<\/h3>\n<\/div><\/section><\/div><div class='av-flex-placeholder'><\/div><div class=\"flex_column av_one_fifth  flex_column_table_cell av-equal-height-column av-align-bottom av-zero-column-padding   avia-builder-el-44  el_after_av_three_fifth  el_before_av_one_fifth  \" style='border-radius:0px; '><\/div><div class='av-flex-placeholder'><\/div><div class=\"flex_column av_one_fifth  flex_column_table_cell av-equal-height-column av-align-bottom av-zero-column-padding   avia-builder-el-45  el_after_av_one_fifth  avia-builder-el-last  \" style='border-radius:0px; '><section class=\"av_textblock_section \"  itemscope=\"itemscope\" itemtype=\"https:\/\/schema.org\/BlogPosting\" itemprop=\"blogPost\" ><div class='avia_textblock  '   itemprop=\"text\" ><p class=\"linkArrow color-white margin-bottom-0\"><a href=\"https:\/\/aarch.dk\/nyheder\/\">Se alle nyheder<\/a><\/p>\n<\/div><\/section><\/div><\/div><!--close column table wrapper. Autoclose: 1 -->\n\n<\/div><\/div><\/div><!-- close content main div --><\/div><\/div><div id='av-layout-grid-1'  class='av-layout-grid-container entry-content-wrapper main_color av-flex-cells     avia-builder-el-47  el_after_av_section  avia-builder-el-last  content-padding-top-0 submenu-not-first container_wrap fullsize' style=' '  >\n<div class=\"flex_cell no_margin av_one_full  avia-builder-el-48  avia-builder-el-no-sibling  grid-cell-top-50 grid-cell-bottom-150 grid-cell-left-80 grid-cell-right-80  av-zero-padding \"  style='background: #1b47a9; vertical-align:top; padding:0px; background-color:#1b47a9; ' ><div class='flex_cell_inner' ><div class=\"flex_column av_one_full  flex_column_div av-zero-column-padding first  avia-builder-el-49  avia-builder-el-no-sibling  \" style='border-radius:0px; '><div  data-autoplay=''  data-interval='5'  data-animation='fade'  data-show_slide_delay='90'  class='avia-content-slider avia-content-slider-active avia-content-slider1 avia-content-slider-even  avia-builder-el-50  avia-builder-el-no-sibling  '  itemscope=\"itemscope\" itemtype=\"https:\/\/schema.org\/Blog\" ><div class='avia-content-slider-inner'><div class='slide-entry-wrap'><article class='slide-entry flex_column  post-entry post-entry-259685 type-post slide-entry-overview slide-loop-1 slide-parity-odd  av_one_fourth first real-thumbnail'  itemscope=\"itemscope\" itemtype=\"https:\/\/schema.org\/BlogPosting\" itemprop=\"blogPost\" ><a href='https:\/\/aarch.dk\/en\/arkitekturbiennalen-workswords-kommer-til-aarhus\/' data-rel='slide-1' class='slide-image' title=''><img loading=\"lazy\" decoding=\"async\" width=\"400\" height=\"453\" src=\"https:\/\/aarch.dk\/wp-content\/uploads\/2018\/10\/ep7-nat-13-400x453.jpg\" class=\"attachment-slider-carousel-image-large size-slider-carousel-image-large wp-post-image\" alt=\"Aarhus School of Architecture at Exners Plads 7\" srcset=\"https:\/\/aarch.dk\/wp-content\/uploads\/2018\/10\/ep7-nat-13-400x453.jpg 400w, https:\/\/aarch.dk\/wp-content\/uploads\/2018\/10\/ep7-nat-13-375x425.jpg 375w\" sizes=\"auto, (max-width: 400px) 100vw, 400px\" \/><\/a><div class='slide-content'><header class=\"entry-content-header\"><span class=\"blog-date minor-meta\">17.02.2026<\/span><h3 class='slide-entry-title entry-title'  itemprop=\"headline\" ><a href='https:\/\/aarch.dk\/en\/arkitekturbiennalen-workswords-kommer-til-aarhus\/' title='The Architecture Bienniale WORKS+WORDS comes to Aarhus'>The Architecture Bienniale WORKS+WORDS comes to Aarhus<\/a><\/h3><span class=\"av-vertical-delimiter\"><\/span><\/header><div class='slide-meta'><div class='slide-meta-comments'><a href='https:\/\/aarch.dk\/en\/arkitekturbiennalen-workswords-kommer-til-aarhus\/#respond'>0 Comments<\/a><\/div><div class='slide-meta-del'>\/<\/div><time class='slide-meta-time updated'  itemprop=\"datePublished\" datetime=\"2026-02-17T09:36:54+01:00\" >17.02.2026<\/time><\/div><div class='slide-entry-excerpt entry-content'  itemprop=\"text\" >\r\n\r\n\r\n\r\n\r\n\r\n\r\n\r\n<\/div><\/div><footer class=\"entry-footer\"><\/footer><span class='hidden'>\n\t\t\t\t<span class='av-structured-data'  itemprop=\"image\" itemscope=\"itemscope\" itemtype=\"https:\/\/schema.org\/ImageObject\" >\n\t\t\t\t\t\t<span itemprop='url'>https:\/\/aarch.dk\/wp-content\/uploads\/2018\/10\/ep7-nat-13-scaled.jpg<\/span>\n\t\t\t\t\t\t<span itemprop='height'>1917<\/span>\n\t\t\t\t\t\t<span itemprop='width'>2560<\/span>\n\t\t\t\t<\/span>\n\t\t\t\t<span class='av-structured-data'  itemprop=\"publisher\" itemtype=\"https:\/\/schema.org\/Organization\" itemscope=\"itemscope\" >\n\t\t\t\t\t\t<span itemprop='name'>Niels Rysz<\/span>\n\t\t\t\t\t\t<span itemprop='logo' itemscope itemtype='https:\/\/schema.org\/ImageObject'>\n\t\t\t\t\t\t\t<span itemprop='url'>https:\/\/s3-eu-central-1.amazonaws.com\/aarchdk\/wp-content\/uploads\/2019\/02\/03164631\/aarch-logo-dark.svg<\/span>\n\t\t\t\t\t\t <\/span>\n\t\t\t\t<\/span><span class='av-structured-data'  itemprop=\"author\" itemscope=\"itemscope\" itemtype=\"https:\/\/schema.org\/Person\" ><span itemprop='name'>Niels Rysz<\/span><\/span><span class='av-structured-data'  itemprop=\"datePublished\" datetime=\"2025-11-10T10:00:43+01:00\" >2026-02-17 09:36:54<\/span><span class='av-structured-data'  itemprop=\"dateModified\" itemtype=\"https:\/\/schema.org\/dateModified\" >2026-02-17 11:15:21<\/span><span class='av-structured-data'  itemprop=\"mainEntityOfPage\" itemtype=\"https:\/\/schema.org\/mainEntityOfPage\" ><span itemprop='name'>The Architecture Bienniale WORKS+WORDS comes to Aarhus<\/span><\/span><\/span><\/article><article class='slide-entry flex_column  post-entry post-entry-257557 type-post slide-entry-overview slide-loop-2 slide-parity-even  av_one_fourth  real-thumbnail'  itemscope=\"itemscope\" itemtype=\"https:\/\/schema.org\/BlogPosting\" itemprop=\"blogPost\" ><a href='https:\/\/aarch.dk\/en\/nyt-forskernetvaerk-vil-undersoege-vedligehold-i-almene-boligbyggerier\/' data-rel='slide-1' class='slide-image' title=''><img loading=\"lazy\" decoding=\"async\" width=\"400\" height=\"453\" src=\"https:\/\/aarch.dk\/wp-content\/uploads\/2025\/12\/25_eu-repairs-6_A_sGRH-kopi-400x453.jpeg\" class=\"attachment-slider-carousel-image-large size-slider-carousel-image-large wp-post-image\" alt=\"Forskernetv\u00e6rket har allerede v\u00e6ret p\u00e5 bes\u00f8g i nogle af boligomr\u00e5derne. Foto: Carolina Dayer.\" srcset=\"https:\/\/aarch.dk\/wp-content\/uploads\/2025\/12\/25_eu-repairs-6_A_sGRH-kopi-400x453.jpeg 400w, https:\/\/aarch.dk\/wp-content\/uploads\/2025\/12\/25_eu-repairs-6_A_sGRH-kopi-375x425.jpeg 375w\" sizes=\"auto, (max-width: 400px) 100vw, 400px\" \/><\/a><div class='slide-content'><header class=\"entry-content-header\"><span class=\"blog-date minor-meta\">05.12.2025<\/span><h3 class='slide-entry-title entry-title'  itemprop=\"headline\" ><a href='https:\/\/aarch.dk\/en\/nyt-forskernetvaerk-vil-undersoege-vedligehold-i-almene-boligbyggerier\/' title='New Research Network to Explore Cultures of Maintenance in Social Housing'>New Research Network to Explore Cultures of Maintenance in Social Housing<\/a><\/h3><span class=\"av-vertical-delimiter\"><\/span><\/header><div class='slide-meta'><div class='slide-meta-comments'><a href='https:\/\/aarch.dk\/en\/nyt-forskernetvaerk-vil-undersoege-vedligehold-i-almene-boligbyggerier\/#respond'>0 Comments<\/a><\/div><div class='slide-meta-del'>\/<\/div><time class='slide-meta-time updated'  itemprop=\"datePublished\" datetime=\"2025-12-05T11:20:03+01:00\" >05.12.2025<\/time><\/div><div class='slide-entry-excerpt entry-content'  itemprop=\"text\" >\r\n\r\n\r\n\r\n\r\n\r\n\r\n\r\n<\/div><\/div><footer class=\"entry-footer\"><\/footer><span class='hidden'>\n\t\t\t\t<span class='av-structured-data'  itemprop=\"image\" itemscope=\"itemscope\" itemtype=\"https:\/\/schema.org\/ImageObject\" >\n\t\t\t\t\t\t<span itemprop='url'>https:\/\/aarch.dk\/wp-content\/uploads\/2025\/12\/25_eu-repairs-6_A_sGRH-kopi.jpeg<\/span>\n\t\t\t\t\t\t<span itemprop='height'>742<\/span>\n\t\t\t\t\t\t<span itemprop='width'>1200<\/span>\n\t\t\t\t<\/span>\n\t\t\t\t<span class='av-structured-data'  itemprop=\"publisher\" itemtype=\"https:\/\/schema.org\/Organization\" itemscope=\"itemscope\" >\n\t\t\t\t\t\t<span itemprop='name'>Niels Rysz<\/span>\n\t\t\t\t\t\t<span itemprop='logo' itemscope itemtype='https:\/\/schema.org\/ImageObject'>\n\t\t\t\t\t\t\t<span itemprop='url'>https:\/\/s3-eu-central-1.amazonaws.com\/aarchdk\/wp-content\/uploads\/2019\/02\/03164631\/aarch-logo-dark.svg<\/span>\n\t\t\t\t\t\t <\/span>\n\t\t\t\t<\/span><span class='av-structured-data'  itemprop=\"author\" itemscope=\"itemscope\" itemtype=\"https:\/\/schema.org\/Person\" ><span itemprop='name'>Niels Rysz<\/span><\/span><span class='av-structured-data'  itemprop=\"datePublished\" datetime=\"2025-11-10T10:00:43+01:00\" >2025-12-05 11:20:03<\/span><span class='av-structured-data'  itemprop=\"dateModified\" itemtype=\"https:\/\/schema.org\/dateModified\" >2025-12-05 11:20:04<\/span><span class='av-structured-data'  itemprop=\"mainEntityOfPage\" itemtype=\"https:\/\/schema.org\/mainEntityOfPage\" ><span itemprop='name'>New Research Network to Explore Cultures of Maintenance in Social Housing<\/span><\/span><\/span><\/article><article class='slide-entry flex_column  post-entry post-entry-256735 type-post slide-entry-overview slide-loop-3 slide-parity-odd  av_one_fourth  real-thumbnail'  itemscope=\"itemscope\" itemtype=\"https:\/\/schema.org\/BlogPosting\" itemprop=\"blogPost\" ><a href='https:\/\/aarch.dk\/en\/aarhus-school-of-architecture-turns-60\/' data-rel='slide-1' class='slide-image' title=''><img loading=\"lazy\" decoding=\"async\" width=\"400\" height=\"453\" src=\"https:\/\/aarch.dk\/wp-content\/uploads\/2022\/08\/Exners_lowres-400x453.jpg\" class=\"attachment-slider-carousel-image-large size-slider-carousel-image-large wp-post-image\" alt=\"Nyt netv\u00e6rk for v\u00e6ksttegnestuer\" srcset=\"https:\/\/aarch.dk\/wp-content\/uploads\/2022\/08\/Exners_lowres-400x453.jpg 400w, https:\/\/aarch.dk\/wp-content\/uploads\/2022\/08\/Exners_lowres-375x425.jpg 375w\" sizes=\"auto, (max-width: 400px) 100vw, 400px\" \/><\/a><div class='slide-content'><header class=\"entry-content-header\"><span class=\"blog-date minor-meta\">11.11.2025<\/span><h3 class='slide-entry-title entry-title'  itemprop=\"headline\" ><a href='https:\/\/aarch.dk\/en\/aarhus-school-of-architecture-turns-60\/' title='Aarhus School of Architecture turns 60'>Aarhus School of Architecture turns 60<\/a><\/h3><span class=\"av-vertical-delimiter\"><\/span><\/header><div class='slide-meta'><div class='slide-meta-comments'><a href='https:\/\/aarch.dk\/en\/aarhus-school-of-architecture-turns-60\/#respond'>0 Comments<\/a><\/div><div class='slide-meta-del'>\/<\/div><time class='slide-meta-time updated'  itemprop=\"datePublished\" datetime=\"2025-11-11T10:00:13+01:00\" >11.11.2025<\/time><\/div><div class='slide-entry-excerpt entry-content'  itemprop=\"text\" >\r\n\r\n\r\n\r\n\r\n\r\n\r\n\r\n\r\n\r\n\r\n\r\n<\/div><\/div><footer class=\"entry-footer\"><\/footer><span class='hidden'>\n\t\t\t\t<span class='av-structured-data'  itemprop=\"image\" itemscope=\"itemscope\" itemtype=\"https:\/\/schema.org\/ImageObject\" >\n\t\t\t\t\t\t<span itemprop='url'>https:\/\/aarch.dk\/wp-content\/uploads\/2022\/08\/Exners_lowres.jpg<\/span>\n\t\t\t\t\t\t<span itemprop='height'>683<\/span>\n\t\t\t\t\t\t<span itemprop='width'>1024<\/span>\n\t\t\t\t<\/span>\n\t\t\t\t<span class='av-structured-data'  itemprop=\"publisher\" itemtype=\"https:\/\/schema.org\/Organization\" itemscope=\"itemscope\" >\n\t\t\t\t\t\t<span itemprop='name'>Trine Steffenauer<\/span>\n\t\t\t\t\t\t<span itemprop='logo' itemscope itemtype='https:\/\/schema.org\/ImageObject'>\n\t\t\t\t\t\t\t<span itemprop='url'>https:\/\/s3-eu-central-1.amazonaws.com\/aarchdk\/wp-content\/uploads\/2019\/02\/03164631\/aarch-logo-dark.svg<\/span>\n\t\t\t\t\t\t <\/span>\n\t\t\t\t<\/span><span class='av-structured-data'  itemprop=\"author\" itemscope=\"itemscope\" itemtype=\"https:\/\/schema.org\/Person\" ><span itemprop='name'>Trine Steffenauer<\/span><\/span><span class='av-structured-data'  itemprop=\"datePublished\" datetime=\"2025-11-10T10:00:43+01:00\" >2025-11-11 10:00:13<\/span><span class='av-structured-data'  itemprop=\"dateModified\" itemtype=\"https:\/\/schema.org\/dateModified\" >2025-11-11 10:41:30<\/span><span class='av-structured-data'  itemprop=\"mainEntityOfPage\" itemtype=\"https:\/\/schema.org\/mainEntityOfPage\" ><span itemprop='name'>Aarhus School of Architecture turns 60<\/span><\/span><\/span><\/article><article class='slide-entry flex_column  post-entry post-entry-256942 type-post slide-entry-overview slide-loop-4 slide-parity-even  post-entry-last  av_one_fourth  real-thumbnail'  itemscope=\"itemscope\" itemtype=\"https:\/\/schema.org\/BlogPosting\" itemprop=\"blogPost\" ><a href='https:\/\/aarch.dk\/en\/stor-forskningsbevilling-til-undersoegelse-af-dansk-restaureringskunst\/' data-rel='slide-1' class='slide-image' title=''><img loading=\"lazy\" decoding=\"async\" width=\"400\" height=\"453\" src=\"https:\/\/aarch.dk\/wp-content\/uploads\/2025\/10\/Anders-Sune-Berg-Badeanstalt-01-400x453.jpg\" class=\"attachment-slider-carousel-image-large size-slider-carousel-image-large wp-post-image\" alt=\"Badeanstalten Aarhus\" srcset=\"https:\/\/aarch.dk\/wp-content\/uploads\/2025\/10\/Anders-Sune-Berg-Badeanstalt-01-400x453.jpg 400w, https:\/\/aarch.dk\/wp-content\/uploads\/2025\/10\/Anders-Sune-Berg-Badeanstalt-01-375x425.jpg 375w\" sizes=\"auto, (max-width: 400px) 100vw, 400px\" \/><\/a><div class='slide-content'><header class=\"entry-content-header\"><span class=\"blog-date minor-meta\">10.11.2025<\/span><h3 class='slide-entry-title entry-title'  itemprop=\"headline\" ><a href='https:\/\/aarch.dk\/en\/stor-forskningsbevilling-til-undersoegelse-af-dansk-restaureringskunst\/' title='Stor forskningsbevilling til historisk unders\u00f8gelse af dansk restaureringskunst'>Stor forskningsbevilling til historisk unders\u00f8gelse af dansk restaureringskunst<\/a><\/h3><span class=\"av-vertical-delimiter\"><\/span><\/header><div class='slide-meta'><div class='slide-meta-comments'><a href='https:\/\/aarch.dk\/en\/stor-forskningsbevilling-til-undersoegelse-af-dansk-restaureringskunst\/#respond'>0 Comments<\/a><\/div><div class='slide-meta-del'>\/<\/div><time class='slide-meta-time updated'  itemprop=\"datePublished\" datetime=\"2025-11-10T10:00:43+01:00\" >10.11.2025<\/time><\/div><div class='slide-entry-excerpt entry-content'  itemprop=\"text\" >\r\n\r\n\r\n\r\n\r\n\r\n\r\n\r\n\r\n\r\n<\/div><\/div><footer class=\"entry-footer\"><\/footer><span class='hidden'>\n\t\t\t\t<span class='av-structured-data'  itemprop=\"image\" itemscope=\"itemscope\" itemtype=\"https:\/\/schema.org\/ImageObject\" >\n\t\t\t\t\t\t<span itemprop='url'>https:\/\/aarch.dk\/wp-content\/uploads\/2025\/10\/Anders-Sune-Berg-Badeanstalt-01.jpg<\/span>\n\t\t\t\t\t\t<span itemprop='height'>1060<\/span>\n\t\t\t\t\t\t<span itemprop='width'>833<\/span>\n\t\t\t\t<\/span>\n\t\t\t\t<span class='av-structured-data'  itemprop=\"publisher\" itemtype=\"https:\/\/schema.org\/Organization\" itemscope=\"itemscope\" >\n\t\t\t\t\t\t<span itemprop='name'>Trine Steffenauer<\/span>\n\t\t\t\t\t\t<span itemprop='logo' itemscope itemtype='https:\/\/schema.org\/ImageObject'>\n\t\t\t\t\t\t\t<span itemprop='url'>https:\/\/s3-eu-central-1.amazonaws.com\/aarchdk\/wp-content\/uploads\/2019\/02\/03164631\/aarch-logo-dark.svg<\/span>\n\t\t\t\t\t\t <\/span>\n\t\t\t\t<\/span><span class='av-structured-data'  itemprop=\"author\" itemscope=\"itemscope\" itemtype=\"https:\/\/schema.org\/Person\" ><span itemprop='name'>Trine Steffenauer<\/span><\/span><span class='av-structured-data'  itemprop=\"datePublished\" datetime=\"2025-11-10T10:00:43+01:00\" >2025-11-10 10:00:43<\/span><span class='av-structured-data'  itemprop=\"dateModified\" itemtype=\"https:\/\/schema.org\/dateModified\" >2025-11-14 08:21:25<\/span><span class='av-structured-data'  itemprop=\"mainEntityOfPage\" itemtype=\"https:\/\/schema.org\/mainEntityOfPage\" ><span itemprop='name'>Stor forskningsbevilling til historisk unders\u00f8gelse af dansk restaureringskunst<\/span><\/span><\/span><\/article><\/div><\/div><\/div><\/div>\n<\/div><\/div>\n<\/div>\n","protected":false},"excerpt":{"rendered":"","protected":false},"author":6,"featured_media":111236,"comment_status":"open","ping_status":"closed","sticky":false,"template":"","format":"standard","meta":{"_acf_changed":false,"footnotes":""},"categories":[392],"tags":[857,620],"class_list":["post-111229","post","type-post","status-publish","format-standard","has-post-thumbnail","hentry","category-news","tag-forside-nyhed-en","tag-frontpage-news"],"yoast_head":"<!-- This site is optimized with the Yoast SEO plugin v27.2 - https:\/\/yoast.com\/product\/yoast-seo-wordpress\/ -->\n<title>Young architects can help municipalities develop - Aarhus School of Architecture<\/title>\n<meta name=\"robots\" content=\"index, follow, max-snippet:-1, max-image-preview:large, max-video-preview:-1\" \/>\n<link rel=\"canonical\" href=\"https:\/\/aarch.dk\/en\/young-architects-can-help-municipalities-develop\/\" \/>\n<meta property=\"og:locale\" content=\"en_US\" \/>\n<meta property=\"og:type\" content=\"article\" \/>\n<meta property=\"og:title\" content=\"Young architects can help municipalities develop - Aarhus School of Architecture\" \/>\n<meta property=\"og:url\" content=\"https:\/\/aarch.dk\/en\/young-architects-can-help-municipalities-develop\/\" \/>\n<meta property=\"og:site_name\" content=\"Aarhus School of Architecture\" \/>\n<meta property=\"article:published_time\" content=\"2020-12-02T09:59:53+00:00\" \/>\n<meta property=\"article:modified_time\" content=\"2025-03-03T11:42:45+00:00\" \/>\n<meta property=\"og:image\" content=\"https:\/\/aarch.dk\/wp-content\/uploads\/2020\/12\/K9A8277.jpg\" \/>\n\t<meta property=\"og:image:width\" content=\"1920\" \/>\n\t<meta property=\"og:image:height\" content=\"1280\" \/>\n\t<meta property=\"og:image:type\" content=\"image\/jpeg\" \/>\n<meta name=\"author\" content=\"Signe Janderup\" \/>\n<meta name=\"twitter:card\" content=\"summary_large_image\" \/>\n<meta name=\"twitter:label1\" content=\"Written by\" \/>\n\t<meta name=\"twitter:data1\" content=\"Signe Janderup\" \/>\n\t<meta name=\"twitter:label2\" content=\"Est. reading time\" \/>\n\t<meta name=\"twitter:data2\" content=\"12 minutes\" \/>\n<script type=\"application\/ld+json\" class=\"yoast-schema-graph\">{\"@context\":\"https:\/\/schema.org\",\"@graph\":[{\"@type\":\"Article\",\"@id\":\"https:\/\/aarch.dk\/en\/young-architects-can-help-municipalities-develop\/#article\",\"isPartOf\":{\"@id\":\"https:\/\/aarch.dk\/en\/young-architects-can-help-municipalities-develop\/\"},\"author\":{\"name\":\"Signe Janderup\",\"@id\":\"https:\/\/aarch.dk\/#\/schema\/person\/8b2982cb129575f26192645513be282d\"},\"headline\":\"Young architects can help municipalities develop\",\"datePublished\":\"2020-12-02T09:59:53+00:00\",\"dateModified\":\"2025-03-03T11:42:45+00:00\",\"mainEntityOfPage\":{\"@id\":\"https:\/\/aarch.dk\/en\/young-architects-can-help-municipalities-develop\/\"},\"wordCount\":4624,\"commentCount\":0,\"image\":{\"@id\":\"https:\/\/aarch.dk\/en\/young-architects-can-help-municipalities-develop\/#primaryimage\"},\"thumbnailUrl\":\"https:\/\/aarch.dk\/wp-content\/uploads\/2020\/12\/K9A8277.jpg\",\"keywords\":[\"Forside-nyhed\",\"Frontpage-news\"],\"articleSection\":[\"News\"],\"inLanguage\":\"en-US\",\"potentialAction\":[{\"@type\":\"CommentAction\",\"name\":\"Comment\",\"target\":[\"https:\/\/aarch.dk\/en\/young-architects-can-help-municipalities-develop\/#respond\"]}]},{\"@type\":\"WebPage\",\"@id\":\"https:\/\/aarch.dk\/en\/young-architects-can-help-municipalities-develop\/\",\"url\":\"https:\/\/aarch.dk\/en\/young-architects-can-help-municipalities-develop\/\",\"name\":\"Young architects can help municipalities develop - Aarhus School of Architecture\",\"isPartOf\":{\"@id\":\"https:\/\/aarch.dk\/#website\"},\"primaryImageOfPage\":{\"@id\":\"https:\/\/aarch.dk\/en\/young-architects-can-help-municipalities-develop\/#primaryimage\"},\"image\":{\"@id\":\"https:\/\/aarch.dk\/en\/young-architects-can-help-municipalities-develop\/#primaryimage\"},\"thumbnailUrl\":\"https:\/\/aarch.dk\/wp-content\/uploads\/2020\/12\/K9A8277.jpg\",\"datePublished\":\"2020-12-02T09:59:53+00:00\",\"dateModified\":\"2025-03-03T11:42:45+00:00\",\"author\":{\"@id\":\"https:\/\/aarch.dk\/#\/schema\/person\/8b2982cb129575f26192645513be282d\"},\"breadcrumb\":{\"@id\":\"https:\/\/aarch.dk\/en\/young-architects-can-help-municipalities-develop\/#breadcrumb\"},\"inLanguage\":\"en-US\",\"potentialAction\":[{\"@type\":\"ReadAction\",\"target\":[\"https:\/\/aarch.dk\/en\/young-architects-can-help-municipalities-develop\/\"]}]},{\"@type\":\"ImageObject\",\"inLanguage\":\"en-US\",\"@id\":\"https:\/\/aarch.dk\/en\/young-architects-can-help-municipalities-develop\/#primaryimage\",\"url\":\"https:\/\/aarch.dk\/wp-content\/uploads\/2020\/12\/K9A8277.jpg\",\"contentUrl\":\"https:\/\/aarch.dk\/wp-content\/uploads\/2020\/12\/K9A8277.jpg\",\"width\":1920,\"height\":1280,\"caption\":\"Andreas Munksgaard Weir came directly from the architectural education in Copenhagen to a job as a planner in Vordingborg Municipality.\"},{\"@type\":\"BreadcrumbList\",\"@id\":\"https:\/\/aarch.dk\/en\/young-architects-can-help-municipalities-develop\/#breadcrumb\",\"itemListElement\":[{\"@type\":\"ListItem\",\"position\":1,\"name\":\"Home\",\"item\":\"https:\/\/aarch.dk\/en\/\"},{\"@type\":\"ListItem\",\"position\":2,\"name\":\"Forside-nyhed\",\"item\":\"https:\/\/aarch.dk\/en\/tag\/forside-nyhed-en\/\"},{\"@type\":\"ListItem\",\"position\":3,\"name\":\"Young architects can help municipalities develop\"}]},{\"@type\":\"WebSite\",\"@id\":\"https:\/\/aarch.dk\/#website\",\"url\":\"https:\/\/aarch.dk\/\",\"name\":\"Aarhus School of Architecture\",\"description\":\"\",\"potentialAction\":[{\"@type\":\"SearchAction\",\"target\":{\"@type\":\"EntryPoint\",\"urlTemplate\":\"https:\/\/aarch.dk\/?s={search_term_string}\"},\"query-input\":{\"@type\":\"PropertyValueSpecification\",\"valueRequired\":true,\"valueName\":\"search_term_string\"}}],\"inLanguage\":\"en-US\"},{\"@type\":\"Person\",\"@id\":\"https:\/\/aarch.dk\/#\/schema\/person\/8b2982cb129575f26192645513be282d\",\"name\":\"Signe Janderup\",\"image\":{\"@type\":\"ImageObject\",\"inLanguage\":\"en-US\",\"@id\":\"https:\/\/secure.gravatar.com\/avatar\/72213dffc8d5fbe06c51ad83fa8c4dd56c2b41a2cee4a5a640b16a2bf31a43c2?s=96&d=mm&r=g\",\"url\":\"https:\/\/secure.gravatar.com\/avatar\/72213dffc8d5fbe06c51ad83fa8c4dd56c2b41a2cee4a5a640b16a2bf31a43c2?s=96&d=mm&r=g\",\"contentUrl\":\"https:\/\/secure.gravatar.com\/avatar\/72213dffc8d5fbe06c51ad83fa8c4dd56c2b41a2cee4a5a640b16a2bf31a43c2?s=96&d=mm&r=g\",\"caption\":\"Signe Janderup\"}}]}<\/script>\n<!-- \/ Yoast SEO plugin. -->","yoast_head_json":{"title":"Young architects can help municipalities develop - Aarhus School of Architecture","robots":{"index":"index","follow":"follow","max-snippet":"max-snippet:-1","max-image-preview":"max-image-preview:large","max-video-preview":"max-video-preview:-1"},"canonical":"https:\/\/aarch.dk\/en\/young-architects-can-help-municipalities-develop\/","og_locale":"en_US","og_type":"article","og_title":"Young architects can help municipalities develop - Aarhus School of Architecture","og_url":"https:\/\/aarch.dk\/en\/young-architects-can-help-municipalities-develop\/","og_site_name":"Aarhus School of Architecture","article_published_time":"2020-12-02T09:59:53+00:00","article_modified_time":"2025-03-03T11:42:45+00:00","og_image":[{"width":1920,"height":1280,"url":"https:\/\/aarch.dk\/wp-content\/uploads\/2020\/12\/K9A8277.jpg","type":"image\/jpeg"}],"author":"Signe Janderup","twitter_card":"summary_large_image","twitter_misc":{"Written by":"Signe Janderup","Est. reading time":"12 minutes"},"schema":{"@context":"https:\/\/schema.org","@graph":[{"@type":"Article","@id":"https:\/\/aarch.dk\/en\/young-architects-can-help-municipalities-develop\/#article","isPartOf":{"@id":"https:\/\/aarch.dk\/en\/young-architects-can-help-municipalities-develop\/"},"author":{"name":"Signe Janderup","@id":"https:\/\/aarch.dk\/#\/schema\/person\/8b2982cb129575f26192645513be282d"},"headline":"Young architects can help municipalities develop","datePublished":"2020-12-02T09:59:53+00:00","dateModified":"2025-03-03T11:42:45+00:00","mainEntityOfPage":{"@id":"https:\/\/aarch.dk\/en\/young-architects-can-help-municipalities-develop\/"},"wordCount":4624,"commentCount":0,"image":{"@id":"https:\/\/aarch.dk\/en\/young-architects-can-help-municipalities-develop\/#primaryimage"},"thumbnailUrl":"https:\/\/aarch.dk\/wp-content\/uploads\/2020\/12\/K9A8277.jpg","keywords":["Forside-nyhed","Frontpage-news"],"articleSection":["News"],"inLanguage":"en-US","potentialAction":[{"@type":"CommentAction","name":"Comment","target":["https:\/\/aarch.dk\/en\/young-architects-can-help-municipalities-develop\/#respond"]}]},{"@type":"WebPage","@id":"https:\/\/aarch.dk\/en\/young-architects-can-help-municipalities-develop\/","url":"https:\/\/aarch.dk\/en\/young-architects-can-help-municipalities-develop\/","name":"Young architects can help municipalities develop - Aarhus School of Architecture","isPartOf":{"@id":"https:\/\/aarch.dk\/#website"},"primaryImageOfPage":{"@id":"https:\/\/aarch.dk\/en\/young-architects-can-help-municipalities-develop\/#primaryimage"},"image":{"@id":"https:\/\/aarch.dk\/en\/young-architects-can-help-municipalities-develop\/#primaryimage"},"thumbnailUrl":"https:\/\/aarch.dk\/wp-content\/uploads\/2020\/12\/K9A8277.jpg","datePublished":"2020-12-02T09:59:53+00:00","dateModified":"2025-03-03T11:42:45+00:00","author":{"@id":"https:\/\/aarch.dk\/#\/schema\/person\/8b2982cb129575f26192645513be282d"},"breadcrumb":{"@id":"https:\/\/aarch.dk\/en\/young-architects-can-help-municipalities-develop\/#breadcrumb"},"inLanguage":"en-US","potentialAction":[{"@type":"ReadAction","target":["https:\/\/aarch.dk\/en\/young-architects-can-help-municipalities-develop\/"]}]},{"@type":"ImageObject","inLanguage":"en-US","@id":"https:\/\/aarch.dk\/en\/young-architects-can-help-municipalities-develop\/#primaryimage","url":"https:\/\/aarch.dk\/wp-content\/uploads\/2020\/12\/K9A8277.jpg","contentUrl":"https:\/\/aarch.dk\/wp-content\/uploads\/2020\/12\/K9A8277.jpg","width":1920,"height":1280,"caption":"Andreas Munksgaard Weir came directly from the architectural education in Copenhagen to a job as a planner in Vordingborg Municipality."},{"@type":"BreadcrumbList","@id":"https:\/\/aarch.dk\/en\/young-architects-can-help-municipalities-develop\/#breadcrumb","itemListElement":[{"@type":"ListItem","position":1,"name":"Home","item":"https:\/\/aarch.dk\/en\/"},{"@type":"ListItem","position":2,"name":"Forside-nyhed","item":"https:\/\/aarch.dk\/en\/tag\/forside-nyhed-en\/"},{"@type":"ListItem","position":3,"name":"Young architects can help municipalities develop"}]},{"@type":"WebSite","@id":"https:\/\/aarch.dk\/#website","url":"https:\/\/aarch.dk\/","name":"Aarhus School of Architecture","description":"","potentialAction":[{"@type":"SearchAction","target":{"@type":"EntryPoint","urlTemplate":"https:\/\/aarch.dk\/?s={search_term_string}"},"query-input":{"@type":"PropertyValueSpecification","valueRequired":true,"valueName":"search_term_string"}}],"inLanguage":"en-US"},{"@type":"Person","@id":"https:\/\/aarch.dk\/#\/schema\/person\/8b2982cb129575f26192645513be282d","name":"Signe Janderup","image":{"@type":"ImageObject","inLanguage":"en-US","@id":"https:\/\/secure.gravatar.com\/avatar\/72213dffc8d5fbe06c51ad83fa8c4dd56c2b41a2cee4a5a640b16a2bf31a43c2?s=96&d=mm&r=g","url":"https:\/\/secure.gravatar.com\/avatar\/72213dffc8d5fbe06c51ad83fa8c4dd56c2b41a2cee4a5a640b16a2bf31a43c2?s=96&d=mm&r=g","contentUrl":"https:\/\/secure.gravatar.com\/avatar\/72213dffc8d5fbe06c51ad83fa8c4dd56c2b41a2cee4a5a640b16a2bf31a43c2?s=96&d=mm&r=g","caption":"Signe Janderup"}}]}},"acf":[],"_links":{"self":[{"href":"https:\/\/aarch.dk\/en\/wp-json\/wp\/v2\/posts\/111229","targetHints":{"allow":["GET"]}}],"collection":[{"href":"https:\/\/aarch.dk\/en\/wp-json\/wp\/v2\/posts"}],"about":[{"href":"https:\/\/aarch.dk\/en\/wp-json\/wp\/v2\/types\/post"}],"author":[{"embeddable":true,"href":"https:\/\/aarch.dk\/en\/wp-json\/wp\/v2\/users\/6"}],"replies":[{"embeddable":true,"href":"https:\/\/aarch.dk\/en\/wp-json\/wp\/v2\/comments?post=111229"}],"version-history":[{"count":22,"href":"https:\/\/aarch.dk\/en\/wp-json\/wp\/v2\/posts\/111229\/revisions"}],"predecessor-version":[{"id":240406,"href":"https:\/\/aarch.dk\/en\/wp-json\/wp\/v2\/posts\/111229\/revisions\/240406"}],"wp:featuredmedia":[{"embeddable":true,"href":"https:\/\/aarch.dk\/en\/wp-json\/wp\/v2\/media\/111236"}],"wp:attachment":[{"href":"https:\/\/aarch.dk\/en\/wp-json\/wp\/v2\/media?parent=111229"}],"wp:term":[{"taxonomy":"category","embeddable":true,"href":"https:\/\/aarch.dk\/en\/wp-json\/wp\/v2\/categories?post=111229"},{"taxonomy":"post_tag","embeddable":true,"href":"https:\/\/aarch.dk\/en\/wp-json\/wp\/v2\/tags?post=111229"}],"curies":[{"name":"wp","href":"https:\/\/api.w.org\/{rel}","templated":true}]}}