{"id":118310,"date":"2021-03-23T11:32:32","date_gmt":"2021-03-23T10:32:32","guid":{"rendered":"https:\/\/aarch.dk\/?p=118310"},"modified":"2025-02-26T10:22:11","modified_gmt":"2025-02-26T09:22:11","slug":"wetlands-and-alumina-hybrid-landscapes-in-queensland","status":"publish","type":"post","link":"https:\/\/aarch.dk\/en\/wetlands-and-alumina-hybrid-landscapes-in-queensland\/","title":{"rendered":"Wetlands and alumina: Hybrid Landscapes in Queensland"},"content":{"rendered":"<div id='av_section_1'  class='avia-section main_color avia-section-default avia-no-border-styling  avia-bg-style-scroll  avia-builder-el-0  el_before_av_section  avia-builder-el-first  aarch-header-type-2  container_wrap fullsize' style=' '  ><div class='container' ><main  role=\"main\" itemprop=\"mainContentOfPage\"  class='template-page content  av-content-full alpha units'><div class='post-entry post-entry-type-page post-entry-118310'><div class='entry-content-wrapper clearfix'>\n<section class=\"av_textblock_section \"  itemscope=\"itemscope\" itemtype=\"https:\/\/schema.org\/BlogPosting\" itemprop=\"blogPost\" ><div class='avia_textblock aarch-header-type-2-nav '   itemprop=\"text\" ><p><a href=\"https:\/\/aarch.dk\/nyheder\/\">Nyheder<\/a><\/p>\n<\/div><\/section>\n<section class=\"av_textblock_section \"  itemscope=\"itemscope\" itemtype=\"https:\/\/schema.org\/BlogPosting\" itemprop=\"blogPost\" ><div class='avia_textblock aarch-header-type-2-title '   itemprop=\"text\" ><h1><span lang=\"EN-GB\">WETLANDS AND ALUMINA: HYBRID LANDSCAPES IN QUEENSLAND<\/span><\/h1>\n<\/div><\/section>\n<section class=\"av_textblock_section \"  itemscope=\"itemscope\" itemtype=\"https:\/\/schema.org\/BlogPosting\" itemprop=\"blogPost\" ><div class='avia_textblock aarch-header-type-2-subtitle '   itemprop=\"text\" ><p>Eleanor Margot Gibson has a vision of nature being set to work on a huge industrial area on the east coast of Australia.<\/p>\n<\/div><\/section>\n<section class=\"av_textblock_section \"  itemscope=\"itemscope\" itemtype=\"https:\/\/schema.org\/BlogPosting\" itemprop=\"blogPost\" ><div class='avia_textblock aarch-header-type-2-by-title '   itemprop=\"text\" ><p>18.03.2021<\/p>\n<\/div><\/section>\n\n<\/div><\/div><\/main><!-- close content main element --><\/div><\/div><div id='av_section_2'  class='avia-section main_color avia-section-default avia-no-border-styling  avia-bg-style-scroll  avia-builder-el-5  el_after_av_section  el_before_av_section   container_wrap fullsize' style=' '  ><div class='container' ><div class='template-page content  av-content-full alpha units'><div class='post-entry post-entry-type-page post-entry-118310'><div class='entry-content-wrapper clearfix'>\n<div class=\"flex_column av_one_fifth  flex_column_div av-zero-column-padding first  avia-builder-el-6  el_before_av_three_fifth  avia-builder-el-first  \" style='border-radius:0px; '><\/div><div class=\"flex_column av_three_fifth  flex_column_div av-zero-column-padding   avia-builder-el-7  el_after_av_one_fifth  el_before_av_one_fifth  \" style='border-radius:0px; '><section class=\"av_textblock_section \"  itemscope=\"itemscope\" itemtype=\"https:\/\/schema.org\/BlogPosting\" itemprop=\"blogPost\" ><div class='avia_textblock  '   itemprop=\"text\" ><p>A massive wetland system is located on the Australian east coast. Or, at least, it used to be until the 1960s. Today, the area is characterised by hectic human activity; activities which primarily result from the planet&#8217;s insatiable need for energy and raw materials. Coal terminals, alumina refineries and power plants are now located where there used to be water and vegetation.<\/p>\n<\/div><\/section><\/div><div class=\"flex_column av_one_fifth  flex_column_div av-zero-column-padding   avia-builder-el-9  el_after_av_three_fifth  avia-builder-el-last  \" style='border-radius:0px; '><\/div>\n\n<\/div><\/div><\/div><!-- close content main div --><\/div><\/div><div id='av_section_3'  class='avia-section main_color avia-section-no-padding avia-no-border-styling  avia-bg-style-scroll  avia-builder-el-10  el_after_av_section  el_before_av_section   container_wrap fullsize' style=' '  ><div class='container' ><div class='template-page content  av-content-full alpha units'><div class='post-entry post-entry-type-page post-entry-118310'><div class='entry-content-wrapper clearfix'>\n<div class=\"flex_column av_one_fourth  flex_column_div av-zero-column-padding first  avia-builder-el-11  el_before_av_one_half  avia-builder-el-first  \" style='border-radius:0px; '><\/div><div class=\"flex_column av_one_half  flex_column_div   avia-builder-el-12  el_after_av_one_fourth  el_before_av_one_fourth  \" style='padding:0px 0px 0px 0px ; border-radius:0px; '><div  class='avia-image-container  av-styling-    avia-builder-el-13  avia-builder-el-no-sibling  avia-align-center '  itemprop=\"image\" itemscope=\"itemscope\" itemtype=\"https:\/\/schema.org\/ImageObject\"  ><div class='avia-image-container-inner'><div class='avia-image-overlay-wrap'><img class='avia_image' src='https:\/\/aarch.dk\/wp-content\/uploads\/2021\/03\/3_web.gif' alt='Industrial area in Queensland \/\/ Illustration: Eleanor Margot Gibson' title='Industrial area in Queensland \/\/ Illustration: Eleanor Margot Gibson' height=\"442\" width=\"725\"  itemprop=\"thumbnailUrl\"  \/><\/div><\/div><\/div><\/div><div class=\"flex_column av_one_fourth  flex_column_div av-zero-column-padding   avia-builder-el-14  el_after_av_one_half  avia-builder-el-last  \" style='border-radius:0px; '><\/div>\n\n<\/div><\/div><\/div><!-- close content main div --><\/div><\/div><div id='av_section_4'  class='avia-section main_color avia-section-default avia-no-border-styling  avia-bg-style-scroll  avia-builder-el-15  el_after_av_section  el_before_av_section   container_wrap fullsize' style=' '  ><div class='container' ><div class='template-page content  av-content-full alpha units'><div class='post-entry post-entry-type-page post-entry-118310'><div class='entry-content-wrapper clearfix'>\n<div class=\"flex_column av_one_fifth  flex_column_div av-zero-column-padding first  avia-builder-el-16  el_before_av_three_fifth  avia-builder-el-first  \" style='border-radius:0px; '><\/div><div class=\"flex_column av_three_fifth  flex_column_div av-zero-column-padding   avia-builder-el-17  el_after_av_one_fifth  el_before_av_one_fifth  \" style='border-radius:0px; '><p><section class=\"av_textblock_section \"  itemscope=\"itemscope\" itemtype=\"https:\/\/schema.org\/BlogPosting\" itemprop=\"blogPost\" ><div class='avia_textblock  '   itemprop=\"text\" ><p>This is, however, all about to change. The fossil era is coming to an end. What will the future bring for the city of Gladstone &#8211; today a hub for the shipping of coal and alumina? Eleanor Margot Gibson proposes an answer to this question in her Master&#8217;s project Reimagining the Company Town: A Model For Future Landscapes of Coexistence, a project she defended in January 2021.<\/p>\n<p>&#8216;There is a strong contrast between the landscape and the industry. The landscape has changed not as a result of natural processes but as a consequence of human activities,&#8217; she says.<\/p>\n<\/div><\/section><br \/>\n<div  class='avia-image-container  av-styling-    avia-builder-el-19  el_after_av_textblock  el_before_av_textblock  avia-align-center '  itemprop=\"image\" itemscope=\"itemscope\" itemtype=\"https:\/\/schema.org\/ImageObject\"  ><div class='avia-image-container-inner'><div class='avia-image-overlay-wrap'><img class='avia_image' src='https:\/\/aarch.dk\/wp-content\/uploads\/2021\/03\/EMG-no-1-725x442-1.png' alt='Industrial Plant in Queensland. Illustration: Eleanor Margot Gibson.' title='Industrial Plant in Queensland. Illustration: Eleanor Margot Gibson.' height=\"442\" width=\"739\"  itemprop=\"thumbnailUrl\"  \/><\/div><\/div><\/div><br \/>\n<section class=\"av_textblock_section \"  itemscope=\"itemscope\" itemtype=\"https:\/\/schema.org\/BlogPosting\" itemprop=\"blogPost\" ><div class='avia_textblock  '   itemprop=\"text\" ><p>When the large industrial plants are gradually decommissioned, Eleanor proposes they should be left untouched and be allowed to gradually merge with nature. Nature will then, over time, be sending water, animals, and long green tentacles into cracks and holes in the concrete and in the fences &#8211; transforming the area into a hybrid between nature and the imprint left by human beings; an imprint which will slowly be erased.<\/p>\n<p>&#8216;The project involves two scales: a 100-year plan for the entire region, in which the fragments of the facilities lie like skeletons around which nature can grow. On a smaller scale, I propose the transformation of the iconic alumina refinery into a Critical Zone Observatory, where visitors can gain an insight into the interrelated ecosystems and climatic changes of the area.&#8217;<\/p>\n<\/div><\/section><br \/>\n<div  class='avia-image-container  av-styling-    avia-builder-el-21  el_after_av_textblock  el_before_av_textblock  avia-align-center '  itemprop=\"image\" itemscope=\"itemscope\" itemtype=\"https:\/\/schema.org\/ImageObject\"  ><div class='avia-image-container-inner'><div class='avia-image-overlay-wrap'><img class='avia_image' src='https:\/\/aarch.dk\/wp-content\/uploads\/2021\/03\/2_web_gif.gif' alt='Queensland, Australia \/\/ Illustration: Eleanor Margot Gibson' title='Queensland, Australia \/\/ Illustration: Eleanor Margot Gibson' height=\"442\" width=\"725\"  itemprop=\"thumbnailUrl\"  \/><\/div><\/div><\/div><br \/>\n<section class=\"av_textblock_section \"  itemscope=\"itemscope\" itemtype=\"https:\/\/schema.org\/BlogPosting\" itemprop=\"blogPost\" ><div class='avia_textblock  '   itemprop=\"text\" ><p>Eleanor&#8217;s project provides a model that can be applied elsewhere in the world where there are similar circumstances.<\/p>\n<p>After graduating from Aarhus School of Architecture, she is now looking for new places where she can develop her professional expertise, ideally with a focus on the encounter between mankind and nature.<\/p>\n<p>She is specifically looking for practices, design studios, and other partners who take an interest in the consequences of sea level rise and in how we can deal with climate change in a systemic way.<\/p>\n<\/div><\/section><br \/>\n<div  class='avia-image-container  av-styling-  av-has-copyright av-copyright-always   avia-builder-el-23  el_after_av_textblock  el_before_av_textblock  avia-align-center '  itemprop=\"image\" itemscope=\"itemscope\" itemtype=\"https:\/\/schema.org\/ImageObject\"  ><div class='avia-image-container-inner'><div class='avia-image-overlay-wrap'><img class='avia_image' src='https:\/\/aarch.dk\/wp-content\/uploads\/2021\/03\/Eleanor_portr\u00e6t-med-O-937x1030.png' alt='Wetlands and alumina: Hybrid Landscapes in Queensland' title='Eleanor Margot Gibson. Foto: Privat' height=\"1030\" width=\"937\"  itemprop=\"thumbnailUrl\"  \/><\/div><small class='avia-copyright'>Eleanor Margot Gibson. Foto: Privat<\/small><\/div><\/div><br \/>\n<section class=\"av_textblock_section \"  itemscope=\"itemscope\" itemtype=\"https:\/\/schema.org\/BlogPosting\" itemprop=\"blogPost\" ><div class='avia_textblock  '   itemprop=\"text\" ><p>&#8216;We need to broaden the perspective of architectural practice and look at ecology and politics when we design and build. In my opinion such a focus adds to our capacity for action and contributes meaning to the work of architects.&#8217;<\/p>\n<p>In Gladstone, there are still no signs of Eleanor&#8217;s vision and the coal goes on rattling along the conveyor belts. But of course, the success of a 100-year plan cannot be judged after only one month.<\/p>\n<p>See Eleanor&#8217;s entire project at our graduation site.<\/p>\n<\/div><\/section><\/p><\/div><div class=\"flex_column av_one_fifth  flex_column_div av-zero-column-padding   avia-builder-el-25  el_after_av_three_fifth  avia-builder-el-last  \" style='border-radius:0px; '><\/div><\/div><\/div><\/div><!-- close content main div --><\/div><\/div><div id='av_section_5'  class='avia-section main_color avia-section-default avia-no-border-styling  avia-bg-style-scroll  avia-builder-el-26  el_after_av_section  el_before_av_section   container_wrap fullsize' style=' '  ><div class='container' ><div class='template-page content  av-content-full alpha units'><div class='post-entry post-entry-type-page post-entry-118310'><div class='entry-content-wrapper clearfix'>\n<div class=\"flex_column av_one_full  flex_column_div av-zero-column-padding first  avia-builder-el-27  el_before_av_one_fifth  avia-builder-el-first  \" style='border-radius:0px; '><div   class='hr hr-default   avia-builder-el-28  avia-builder-el-no-sibling '><span class='hr-inner ' ><span class='hr-inner-style'><\/span><\/span><\/div><\/div><div class=\"flex_column av_one_fifth  flex_column_div av-zero-column-padding first  avia-builder-el-29  el_after_av_one_full  el_before_av_three_fifth  column-top-margin\" style='border-radius:0px; '><\/div><div class=\"flex_column av_three_fifth  flex_column_div av-zero-column-padding   avia-builder-el-30  el_after_av_one_fifth  el_before_av_one_fifth  column-top-margin\" style='border-radius:0px; '><div  class='av-social-sharing-box  avia-builder-el-31  avia-builder-el-no-sibling  '><div class='av-share-box'><ul class='av-share-box-list noLightbox'><li class='av-share-link av-social-link-facebook' ><a target=\"_blank\" aria-label=\"Share on Facebook\" href='https:\/\/www.facebook.com\/sharer.php?u=https:\/\/aarch.dk\/en\/wetlands-and-alumina-hybrid-landscapes-in-queensland\/&#038;t=Wetlands%20and%20alumina%3A%20Hybrid%20Landscapes%20in%20Queensland' aria-hidden='false' data-av_icon='\ue8f3' data-av_iconfont='entypo-fontello' title='' data-avia-related-tooltip='Share on Facebook' rel=\"noopener\"><span class='avia_hidden_link_text'>Share on Facebook<\/span><\/a><\/li><li class='av-share-link av-social-link-twitter' ><a target=\"_blank\" aria-label=\"Share on Twitter\" href='https:\/\/twitter.com\/share?text=Wetlands%20and%20alumina%3A%20Hybrid%20Landscapes%20in%20Queensland&#038;url=https:\/\/aarch.dk\/en\/?p=118310' aria-hidden='false' data-av_icon='\ue8f1' data-av_iconfont='entypo-fontello' title='' data-avia-related-tooltip='Share on Twitter' rel=\"noopener\"><span class='avia_hidden_link_text'>Share on Twitter<\/span><\/a><\/li><li class='av-share-link av-social-link-linkedin' ><a target=\"_blank\" aria-label=\"Share on LinkedIn\" href='https:\/\/linkedin.com\/shareArticle?mini=true&#038;title=Wetlands%20and%20alumina%3A%20Hybrid%20Landscapes%20in%20Queensland&#038;url=https:\/\/aarch.dk\/en\/wetlands-and-alumina-hybrid-landscapes-in-queensland\/' aria-hidden='false' data-av_icon='\ue8fc' data-av_iconfont='entypo-fontello' title='' data-avia-related-tooltip='Share on LinkedIn' rel=\"noopener\"><span class='avia_hidden_link_text'>Share on LinkedIn<\/span><\/a><\/li><li class='av-share-link av-social-link-mail' ><a  aria-label=\"Share by Mail\" href='mailto:?subject=Wetlands%20and%20alumina%3A%20Hybrid%20Landscapes%20in%20Queensland&#038;body=https:\/\/aarch.dk\/en\/wetlands-and-alumina-hybrid-landscapes-in-queensland\/' aria-hidden='false' data-av_icon='\ue805' data-av_iconfont='entypo-fontello' title='' data-avia-related-tooltip='Share by Mail'><span class='avia_hidden_link_text'>Share by Mail<\/span><\/a><\/li><\/ul><\/div><\/div><\/div><div class=\"flex_column av_one_fifth  flex_column_div av-zero-column-padding   avia-builder-el-32  el_after_av_three_fifth  avia-builder-el-last  column-top-margin\" style='border-radius:0px; '><\/div>\n<\/p>\n<\/div><\/div><\/div><!-- close content main div --><\/div><\/div><div id='av_section_6'  class='avia-section main_color avia-section-default avia-no-border-styling  avia-bg-style-scroll  avia-builder-el-33  el_after_av_section  el_before_av_section  section-label  container_wrap fullsize' style=' '  ><div class='container' ><div class='template-page content  av-content-full alpha units'><div class='post-entry post-entry-type-page post-entry-118310'><div class='entry-content-wrapper clearfix'>\n<section class=\"av_textblock_section \"  itemscope=\"itemscope\" itemtype=\"https:\/\/schema.org\/BlogPosting\" itemprop=\"blogPost\" ><div class='avia_textblock  '   itemprop=\"text\" ><p class=\"section-label-text\">Relateret<\/p>\n<\/div><\/section>\n\n<\/div><\/div><\/div><!-- close content main div --><\/div><\/div><div id='av_section_7'  class='avia-section main_color avia-section-huge avia-no-border-styling  avia-bg-style-scroll  avia-builder-el-35  el_after_av_section  el_before_av_layout_row  content-padding-bottom-0  container_wrap fullsize' style='background-color: #1b47a9;  '  ><div class='container' ><div class='template-page content  av-content-full alpha units'><div class='post-entry post-entry-type-page post-entry-118310'><div class='entry-content-wrapper clearfix'>\n<div class='flex_column_table av-equal-height-column-flextable -flextable' ><div class=\"flex_column av_three_fifth  flex_column_table_cell av-equal-height-column av-align-bottom av-zero-column-padding first  avia-builder-el-36  el_before_av_one_fifth  avia-builder-el-first  \" style='border-radius:0px; '><section class=\"av_textblock_section \"  itemscope=\"itemscope\" itemtype=\"https:\/\/schema.org\/BlogPosting\" itemprop=\"blogPost\" ><div class='avia_textblock  '   itemprop=\"text\" ><p class=\"font-size-xsmall margin-bottom-30 color-00\"><strong class=\"color-00\">M\u00c5SKE ER DU OGS\u00c5 INTERESSERET I DETTE<\/strong><\/p>\n<h3 class=\"font-size-large margin-bottom-0 color-00\">RELATERET INDHOLD<\/h3>\n<\/div><\/section><\/div><div class='av-flex-placeholder'><\/div><div class=\"flex_column av_one_fifth  flex_column_table_cell av-equal-height-column av-align-bottom av-zero-column-padding   avia-builder-el-38  el_after_av_three_fifth  el_before_av_one_fifth  \" style='border-radius:0px; '><\/div><div class='av-flex-placeholder'><\/div><div class=\"flex_column av_one_fifth  flex_column_table_cell av-equal-height-column av-align-bottom av-zero-column-padding   avia-builder-el-39  el_after_av_one_fifth  avia-builder-el-last  \" style='border-radius:0px; '><section class=\"av_textblock_section \"  itemscope=\"itemscope\" itemtype=\"https:\/\/schema.org\/BlogPosting\" itemprop=\"blogPost\" ><div class='avia_textblock  '   itemprop=\"text\" ><p class=\"linkArrow color-white margin-bottom-0\"><a href=\"https:\/\/aarch.dk\/nyheder\/\">Se alle nyheder<\/a><\/p>\n<\/div><\/section><\/div><\/div><!--close column table wrapper. Autoclose: 1 -->\n\n<\/div><\/div><\/div><!-- close content main div --><\/div><\/div><div id='av-layout-grid-1'  class='av-layout-grid-container entry-content-wrapper main_color av-flex-cells     avia-builder-el-41  el_after_av_section  avia-builder-el-last  content-padding-top-0 submenu-not-first container_wrap fullsize' style=' '  >\n<div class=\"flex_cell no_margin av_one_full  avia-builder-el-42  avia-builder-el-no-sibling  grid-cell-top-50 grid-cell-bottom-150 grid-cell-left-80 grid-cell-right-80  av-zero-padding \"  style='background: #1b47a9; vertical-align:top; padding:0px; background-color:#1b47a9; ' ><div class='flex_cell_inner' ><div class=\"flex_column av_one_full  flex_column_div av-zero-column-padding first  avia-builder-el-43  avia-builder-el-no-sibling  \" style='border-radius:0px; '><div  data-autoplay=''  data-interval='5'  data-animation='fade'  data-show_slide_delay='90'  class='avia-content-slider avia-content-slider-active avia-content-slider1 avia-content-slider-even  avia-builder-el-44  avia-builder-el-no-sibling  '  itemscope=\"itemscope\" itemtype=\"https:\/\/schema.org\/Blog\" ><div class='avia-content-slider-inner'><div class='slide-entry-wrap'><article class='slide-entry flex_column  post-entry post-entry-261242 type-post slide-entry-overview slide-loop-1 slide-parity-odd  av_one_fourth first real-thumbnail'  itemscope=\"itemscope\" itemtype=\"https:\/\/schema.org\/BlogPosting\" itemprop=\"blogPost\" ><a href='https:\/\/aarch.dk\/en\/thinking-through-making-since-1976-profile-of-jonathan-foote\/' data-rel='slide-1' class='slide-image' title=''><img loading=\"lazy\" decoding=\"async\" width=\"400\" height=\"453\" src=\"https:\/\/aarch.dk\/wp-content\/uploads\/2026\/04\/Jonathan-Foote-26_-400x453.jpg\" class=\"attachment-slider-carousel-image-large size-slider-carousel-image-large wp-post-image\" alt=\"Associate Professor Jonathan Foote in the library of The Aarhus School of Architecture\" srcset=\"https:\/\/aarch.dk\/wp-content\/uploads\/2026\/04\/Jonathan-Foote-26_-400x453.jpg 400w, https:\/\/aarch.dk\/wp-content\/uploads\/2026\/04\/Jonathan-Foote-26_-375x425.jpg 375w\" sizes=\"auto, (max-width: 400px) 100vw, 400px\" \/><\/a><div class='slide-content'><header class=\"entry-content-header\"><span class=\"blog-date minor-meta\">24.04.2026<\/span><h3 class='slide-entry-title entry-title'  itemprop=\"headline\" ><a href='https:\/\/aarch.dk\/en\/thinking-through-making-since-1976-profile-of-jonathan-foote\/' title='Thinking through making (since 1976): Profile of Jonathan Foote'>Thinking through making (since 1976): Profile of Jonathan Foote<\/a><\/h3><span class=\"av-vertical-delimiter\"><\/span><\/header><div class='slide-meta'><div class='slide-meta-comments'><a href='https:\/\/aarch.dk\/en\/thinking-through-making-since-1976-profile-of-jonathan-foote\/#respond'>0 Comments<\/a><\/div><div class='slide-meta-del'>\/<\/div><time class='slide-meta-time updated'  itemprop=\"datePublished\" datetime=\"2026-04-24T13:52:29+02:00\" >24.04.2026<\/time><\/div><div class='slide-entry-excerpt entry-content'  itemprop=\"text\" >\r\n\r\n\r\n\r\n\r\n\r\n\r\n\r\n\r\n\r\n<\/div><\/div><footer class=\"entry-footer\"><\/footer><span class='hidden'>\n\t\t\t\t<span class='av-structured-data'  itemprop=\"image\" itemscope=\"itemscope\" itemtype=\"https:\/\/schema.org\/ImageObject\" >\n\t\t\t\t\t\t<span itemprop='url'>https:\/\/aarch.dk\/wp-content\/uploads\/2026\/04\/Jonathan-Foote-26_-scaled.jpg<\/span>\n\t\t\t\t\t\t<span itemprop='height'>1707<\/span>\n\t\t\t\t\t\t<span itemprop='width'>2560<\/span>\n\t\t\t\t<\/span>\n\t\t\t\t<span class='av-structured-data'  itemprop=\"publisher\" itemtype=\"https:\/\/schema.org\/Organization\" itemscope=\"itemscope\" >\n\t\t\t\t\t\t<span itemprop='name'>Niels Rysz<\/span>\n\t\t\t\t\t\t<span itemprop='logo' itemscope itemtype='https:\/\/schema.org\/ImageObject'>\n\t\t\t\t\t\t\t<span itemprop='url'>https:\/\/s3-eu-central-1.amazonaws.com\/aarchdk\/wp-content\/uploads\/2019\/02\/03164631\/aarch-logo-dark.svg<\/span>\n\t\t\t\t\t\t <\/span>\n\t\t\t\t<\/span><span class='av-structured-data'  itemprop=\"author\" itemscope=\"itemscope\" itemtype=\"https:\/\/schema.org\/Person\" ><span itemprop='name'>Niels Rysz<\/span><\/span><span class='av-structured-data'  itemprop=\"datePublished\" datetime=\"2025-11-11T10:00:13+01:00\" >2026-04-24 13:52:29<\/span><span class='av-structured-data'  itemprop=\"dateModified\" itemtype=\"https:\/\/schema.org\/dateModified\" >2026-04-27 10:40:10<\/span><span class='av-structured-data'  itemprop=\"mainEntityOfPage\" itemtype=\"https:\/\/schema.org\/mainEntityOfPage\" ><span itemprop='name'>Thinking through making (since 1976): Profile of Jonathan Foote<\/span><\/span><\/span><\/article><article class='slide-entry flex_column  post-entry post-entry-259685 type-post slide-entry-overview slide-loop-2 slide-parity-even  av_one_fourth  real-thumbnail'  itemscope=\"itemscope\" itemtype=\"https:\/\/schema.org\/BlogPosting\" itemprop=\"blogPost\" ><a href='https:\/\/aarch.dk\/en\/arkitekturbiennalen-workswords-kommer-til-aarhus\/' data-rel='slide-1' class='slide-image' title=''><img loading=\"lazy\" decoding=\"async\" width=\"400\" height=\"453\" src=\"https:\/\/aarch.dk\/wp-content\/uploads\/2018\/10\/ep7-nat-13-400x453.jpg\" class=\"attachment-slider-carousel-image-large size-slider-carousel-image-large wp-post-image\" alt=\"Aarhus School of Architecture at Exners Plads 7\" srcset=\"https:\/\/aarch.dk\/wp-content\/uploads\/2018\/10\/ep7-nat-13-400x453.jpg 400w, https:\/\/aarch.dk\/wp-content\/uploads\/2018\/10\/ep7-nat-13-375x425.jpg 375w\" sizes=\"auto, (max-width: 400px) 100vw, 400px\" \/><\/a><div class='slide-content'><header class=\"entry-content-header\"><span class=\"blog-date minor-meta\">17.02.2026<\/span><h3 class='slide-entry-title entry-title'  itemprop=\"headline\" ><a href='https:\/\/aarch.dk\/en\/arkitekturbiennalen-workswords-kommer-til-aarhus\/' title='The Architecture Bienniale WORKS+WORDS comes to Aarhus'>The Architecture Bienniale WORKS+WORDS comes to Aarhus<\/a><\/h3><span class=\"av-vertical-delimiter\"><\/span><\/header><div class='slide-meta'><div class='slide-meta-comments'><a href='https:\/\/aarch.dk\/en\/arkitekturbiennalen-workswords-kommer-til-aarhus\/#respond'>0 Comments<\/a><\/div><div class='slide-meta-del'>\/<\/div><time class='slide-meta-time updated'  itemprop=\"datePublished\" datetime=\"2026-02-17T09:36:54+01:00\" >17.02.2026<\/time><\/div><div class='slide-entry-excerpt entry-content'  itemprop=\"text\" >\r\n\r\n\r\n\r\n\r\n\r\n\r\n\r\n<\/div><\/div><footer class=\"entry-footer\"><\/footer><span class='hidden'>\n\t\t\t\t<span class='av-structured-data'  itemprop=\"image\" itemscope=\"itemscope\" itemtype=\"https:\/\/schema.org\/ImageObject\" >\n\t\t\t\t\t\t<span itemprop='url'>https:\/\/aarch.dk\/wp-content\/uploads\/2018\/10\/ep7-nat-13-scaled.jpg<\/span>\n\t\t\t\t\t\t<span itemprop='height'>1917<\/span>\n\t\t\t\t\t\t<span itemprop='width'>2560<\/span>\n\t\t\t\t<\/span>\n\t\t\t\t<span class='av-structured-data'  itemprop=\"publisher\" itemtype=\"https:\/\/schema.org\/Organization\" itemscope=\"itemscope\" >\n\t\t\t\t\t\t<span itemprop='name'>Niels Rysz<\/span>\n\t\t\t\t\t\t<span itemprop='logo' itemscope itemtype='https:\/\/schema.org\/ImageObject'>\n\t\t\t\t\t\t\t<span itemprop='url'>https:\/\/s3-eu-central-1.amazonaws.com\/aarchdk\/wp-content\/uploads\/2019\/02\/03164631\/aarch-logo-dark.svg<\/span>\n\t\t\t\t\t\t <\/span>\n\t\t\t\t<\/span><span class='av-structured-data'  itemprop=\"author\" itemscope=\"itemscope\" itemtype=\"https:\/\/schema.org\/Person\" ><span itemprop='name'>Niels Rysz<\/span><\/span><span class='av-structured-data'  itemprop=\"datePublished\" datetime=\"2025-11-11T10:00:13+01:00\" >2026-02-17 09:36:54<\/span><span class='av-structured-data'  itemprop=\"dateModified\" itemtype=\"https:\/\/schema.org\/dateModified\" >2026-02-17 11:15:21<\/span><span class='av-structured-data'  itemprop=\"mainEntityOfPage\" itemtype=\"https:\/\/schema.org\/mainEntityOfPage\" ><span itemprop='name'>The Architecture Bienniale WORKS+WORDS comes to Aarhus<\/span><\/span><\/span><\/article><article class='slide-entry flex_column  post-entry post-entry-257557 type-post slide-entry-overview slide-loop-3 slide-parity-odd  av_one_fourth  real-thumbnail'  itemscope=\"itemscope\" itemtype=\"https:\/\/schema.org\/BlogPosting\" itemprop=\"blogPost\" ><a href='https:\/\/aarch.dk\/en\/nyt-forskernetvaerk-vil-undersoege-vedligehold-i-almene-boligbyggerier\/' data-rel='slide-1' class='slide-image' title=''><img loading=\"lazy\" decoding=\"async\" width=\"400\" height=\"453\" src=\"https:\/\/aarch.dk\/wp-content\/uploads\/2025\/12\/25_eu-repairs-6_A_sGRH-kopi-400x453.jpeg\" class=\"attachment-slider-carousel-image-large size-slider-carousel-image-large wp-post-image\" alt=\"Forskernetv\u00e6rket har allerede v\u00e6ret p\u00e5 bes\u00f8g i nogle af boligomr\u00e5derne. Foto: Carolina Dayer.\" srcset=\"https:\/\/aarch.dk\/wp-content\/uploads\/2025\/12\/25_eu-repairs-6_A_sGRH-kopi-400x453.jpeg 400w, https:\/\/aarch.dk\/wp-content\/uploads\/2025\/12\/25_eu-repairs-6_A_sGRH-kopi-375x425.jpeg 375w\" sizes=\"auto, (max-width: 400px) 100vw, 400px\" \/><\/a><div class='slide-content'><header class=\"entry-content-header\"><span class=\"blog-date minor-meta\">05.12.2025<\/span><h3 class='slide-entry-title entry-title'  itemprop=\"headline\" ><a href='https:\/\/aarch.dk\/en\/nyt-forskernetvaerk-vil-undersoege-vedligehold-i-almene-boligbyggerier\/' title='New Research Network to Explore Cultures of Maintenance in Social Housing'>New Research Network to Explore Cultures of Maintenance in Social Housing<\/a><\/h3><span class=\"av-vertical-delimiter\"><\/span><\/header><div class='slide-meta'><div class='slide-meta-comments'><a href='https:\/\/aarch.dk\/en\/nyt-forskernetvaerk-vil-undersoege-vedligehold-i-almene-boligbyggerier\/#respond'>0 Comments<\/a><\/div><div class='slide-meta-del'>\/<\/div><time class='slide-meta-time updated'  itemprop=\"datePublished\" datetime=\"2025-12-05T11:20:03+01:00\" >05.12.2025<\/time><\/div><div class='slide-entry-excerpt entry-content'  itemprop=\"text\" >\r\n\r\n\r\n\r\n\r\n\r\n\r\n\r\n<\/div><\/div><footer class=\"entry-footer\"><\/footer><span class='hidden'>\n\t\t\t\t<span class='av-structured-data'  itemprop=\"image\" itemscope=\"itemscope\" itemtype=\"https:\/\/schema.org\/ImageObject\" >\n\t\t\t\t\t\t<span itemprop='url'>https:\/\/aarch.dk\/wp-content\/uploads\/2025\/12\/25_eu-repairs-6_A_sGRH-kopi.jpeg<\/span>\n\t\t\t\t\t\t<span itemprop='height'>742<\/span>\n\t\t\t\t\t\t<span itemprop='width'>1200<\/span>\n\t\t\t\t<\/span>\n\t\t\t\t<span class='av-structured-data'  itemprop=\"publisher\" itemtype=\"https:\/\/schema.org\/Organization\" itemscope=\"itemscope\" >\n\t\t\t\t\t\t<span itemprop='name'>Niels Rysz<\/span>\n\t\t\t\t\t\t<span itemprop='logo' itemscope itemtype='https:\/\/schema.org\/ImageObject'>\n\t\t\t\t\t\t\t<span itemprop='url'>https:\/\/s3-eu-central-1.amazonaws.com\/aarchdk\/wp-content\/uploads\/2019\/02\/03164631\/aarch-logo-dark.svg<\/span>\n\t\t\t\t\t\t <\/span>\n\t\t\t\t<\/span><span class='av-structured-data'  itemprop=\"author\" itemscope=\"itemscope\" itemtype=\"https:\/\/schema.org\/Person\" ><span itemprop='name'>Niels Rysz<\/span><\/span><span class='av-structured-data'  itemprop=\"datePublished\" datetime=\"2025-11-11T10:00:13+01:00\" >2025-12-05 11:20:03<\/span><span class='av-structured-data'  itemprop=\"dateModified\" itemtype=\"https:\/\/schema.org\/dateModified\" >2025-12-05 11:20:04<\/span><span class='av-structured-data'  itemprop=\"mainEntityOfPage\" itemtype=\"https:\/\/schema.org\/mainEntityOfPage\" ><span itemprop='name'>New Research Network to Explore Cultures of Maintenance in Social Housing<\/span><\/span><\/span><\/article><article class='slide-entry flex_column  post-entry post-entry-256735 type-post slide-entry-overview slide-loop-4 slide-parity-even  post-entry-last  av_one_fourth  real-thumbnail'  itemscope=\"itemscope\" itemtype=\"https:\/\/schema.org\/BlogPosting\" itemprop=\"blogPost\" ><a href='https:\/\/aarch.dk\/en\/aarhus-school-of-architecture-turns-60\/' data-rel='slide-1' class='slide-image' title=''><img loading=\"lazy\" decoding=\"async\" width=\"400\" height=\"453\" src=\"https:\/\/aarch.dk\/wp-content\/uploads\/2022\/08\/Exners_lowres-400x453.jpg\" class=\"attachment-slider-carousel-image-large size-slider-carousel-image-large wp-post-image\" alt=\"Nyt netv\u00e6rk for v\u00e6ksttegnestuer\" srcset=\"https:\/\/aarch.dk\/wp-content\/uploads\/2022\/08\/Exners_lowres-400x453.jpg 400w, https:\/\/aarch.dk\/wp-content\/uploads\/2022\/08\/Exners_lowres-375x425.jpg 375w\" sizes=\"auto, (max-width: 400px) 100vw, 400px\" \/><\/a><div class='slide-content'><header class=\"entry-content-header\"><span class=\"blog-date minor-meta\">11.11.2025<\/span><h3 class='slide-entry-title entry-title'  itemprop=\"headline\" ><a href='https:\/\/aarch.dk\/en\/aarhus-school-of-architecture-turns-60\/' title='Aarhus School of Architecture turns 60'>Aarhus School of Architecture turns 60<\/a><\/h3><span class=\"av-vertical-delimiter\"><\/span><\/header><div class='slide-meta'><div class='slide-meta-comments'><a href='https:\/\/aarch.dk\/en\/aarhus-school-of-architecture-turns-60\/#respond'>0 Comments<\/a><\/div><div class='slide-meta-del'>\/<\/div><time class='slide-meta-time updated'  itemprop=\"datePublished\" datetime=\"2025-11-11T10:00:13+01:00\" >11.11.2025<\/time><\/div><div class='slide-entry-excerpt entry-content'  itemprop=\"text\" >\r\n\r\n\r\n\r\n\r\n\r\n\r\n\r\n\r\n\r\n\r\n\r\n<\/div><\/div><footer class=\"entry-footer\"><\/footer><span class='hidden'>\n\t\t\t\t<span class='av-structured-data'  itemprop=\"image\" itemscope=\"itemscope\" itemtype=\"https:\/\/schema.org\/ImageObject\" >\n\t\t\t\t\t\t<span itemprop='url'>https:\/\/aarch.dk\/wp-content\/uploads\/2022\/08\/Exners_lowres.jpg<\/span>\n\t\t\t\t\t\t<span itemprop='height'>683<\/span>\n\t\t\t\t\t\t<span itemprop='width'>1024<\/span>\n\t\t\t\t<\/span>\n\t\t\t\t<span class='av-structured-data'  itemprop=\"publisher\" itemtype=\"https:\/\/schema.org\/Organization\" itemscope=\"itemscope\" >\n\t\t\t\t\t\t<span itemprop='name'>Trine Steffenauer<\/span>\n\t\t\t\t\t\t<span itemprop='logo' itemscope itemtype='https:\/\/schema.org\/ImageObject'>\n\t\t\t\t\t\t\t<span itemprop='url'>https:\/\/s3-eu-central-1.amazonaws.com\/aarchdk\/wp-content\/uploads\/2019\/02\/03164631\/aarch-logo-dark.svg<\/span>\n\t\t\t\t\t\t <\/span>\n\t\t\t\t<\/span><span class='av-structured-data'  itemprop=\"author\" itemscope=\"itemscope\" itemtype=\"https:\/\/schema.org\/Person\" ><span itemprop='name'>Trine Steffenauer<\/span><\/span><span class='av-structured-data'  itemprop=\"datePublished\" datetime=\"2025-11-11T10:00:13+01:00\" >2025-11-11 10:00:13<\/span><span class='av-structured-data'  itemprop=\"dateModified\" itemtype=\"https:\/\/schema.org\/dateModified\" >2025-11-11 10:41:30<\/span><span class='av-structured-data'  itemprop=\"mainEntityOfPage\" itemtype=\"https:\/\/schema.org\/mainEntityOfPage\" ><span itemprop='name'>Aarhus School of Architecture turns 60<\/span><\/span><\/span><\/article><\/div><\/div><\/div><\/div>\n<\/div><\/div>\n<\/div>\n","protected":false},"excerpt":{"rendered":"","protected":false},"author":37,"featured_media":118468,"comment_status":"open","ping_status":"closed","sticky":false,"template":"","format":"standard","meta":{"_acf_changed":false,"footnotes":""},"categories":[17],"tags":[1110],"class_list":["post-118310","post","type-post","status-publish","format-standard","has-post-thumbnail","hentry","category-uncategorized","tag-tema-1-en"],"yoast_head":"<!-- This site is optimized with the Yoast SEO plugin v27.2 - https:\/\/yoast.com\/product\/yoast-seo-wordpress\/ -->\n<title>Wetlands and alumina: Hybrid Landscapes in Queensland - Aarhus School of Architecture<\/title>\n<meta name=\"robots\" content=\"index, follow, max-snippet:-1, max-image-preview:large, max-video-preview:-1\" \/>\n<link rel=\"canonical\" href=\"https:\/\/aarch.dk\/en\/wetlands-and-alumina-hybrid-landscapes-in-queensland\/\" \/>\n<meta property=\"og:locale\" content=\"en_US\" \/>\n<meta property=\"og:type\" content=\"article\" \/>\n<meta property=\"og:title\" content=\"Wetlands and alumina: Hybrid Landscapes in Queensland - Aarhus School of Architecture\" \/>\n<meta property=\"og:url\" content=\"https:\/\/aarch.dk\/en\/wetlands-and-alumina-hybrid-landscapes-in-queensland\/\" \/>\n<meta property=\"og:site_name\" content=\"Aarhus School of Architecture\" \/>\n<meta property=\"article:published_time\" content=\"2021-03-23T10:32:32+00:00\" \/>\n<meta property=\"article:modified_time\" content=\"2025-02-26T09:22:11+00:00\" \/>\n<meta property=\"og:image\" content=\"https:\/\/aarch.dk\/wp-content\/uploads\/2021\/03\/udvalgt-453x400-emg.gif\" \/>\n\t<meta property=\"og:image:width\" content=\"400\" \/>\n\t<meta property=\"og:image:height\" content=\"453\" \/>\n\t<meta property=\"og:image:type\" content=\"image\/gif\" \/>\n<meta name=\"author\" content=\"Niels Rysz\" \/>\n<meta name=\"twitter:card\" content=\"summary_large_image\" \/>\n<meta name=\"twitter:label1\" content=\"Written by\" \/>\n\t<meta name=\"twitter:data1\" content=\"Niels Rysz\" \/>\n\t<meta name=\"twitter:label2\" content=\"Est. reading time\" \/>\n\t<meta name=\"twitter:data2\" content=\"9 minutes\" \/>\n<script type=\"application\/ld+json\" class=\"yoast-schema-graph\">{\"@context\":\"https:\/\/schema.org\",\"@graph\":[{\"@type\":\"Article\",\"@id\":\"https:\/\/aarch.dk\/en\/wetlands-and-alumina-hybrid-landscapes-in-queensland\/#article\",\"isPartOf\":{\"@id\":\"https:\/\/aarch.dk\/en\/wetlands-and-alumina-hybrid-landscapes-in-queensland\/\"},\"author\":{\"name\":\"Niels Rysz\",\"@id\":\"https:\/\/aarch.dk\/#\/schema\/person\/077ebb8cf42358d32800bc4d7919c79f\"},\"headline\":\"Wetlands and alumina: Hybrid Landscapes in Queensland\",\"datePublished\":\"2021-03-23T10:32:32+00:00\",\"dateModified\":\"2025-02-26T09:22:11+00:00\",\"mainEntityOfPage\":{\"@id\":\"https:\/\/aarch.dk\/en\/wetlands-and-alumina-hybrid-landscapes-in-queensland\/\"},\"wordCount\":3558,\"commentCount\":0,\"image\":{\"@id\":\"https:\/\/aarch.dk\/en\/wetlands-and-alumina-hybrid-landscapes-in-queensland\/#primaryimage\"},\"thumbnailUrl\":\"https:\/\/aarch.dk\/wp-content\/uploads\/2021\/03\/udvalgt-453x400-emg.gif\",\"keywords\":[\"Tema 1\"],\"inLanguage\":\"en-US\",\"potentialAction\":[{\"@type\":\"CommentAction\",\"name\":\"Comment\",\"target\":[\"https:\/\/aarch.dk\/en\/wetlands-and-alumina-hybrid-landscapes-in-queensland\/#respond\"]}]},{\"@type\":\"WebPage\",\"@id\":\"https:\/\/aarch.dk\/en\/wetlands-and-alumina-hybrid-landscapes-in-queensland\/\",\"url\":\"https:\/\/aarch.dk\/en\/wetlands-and-alumina-hybrid-landscapes-in-queensland\/\",\"name\":\"Wetlands and alumina: Hybrid Landscapes in Queensland - Aarhus School of Architecture\",\"isPartOf\":{\"@id\":\"https:\/\/aarch.dk\/#website\"},\"primaryImageOfPage\":{\"@id\":\"https:\/\/aarch.dk\/en\/wetlands-and-alumina-hybrid-landscapes-in-queensland\/#primaryimage\"},\"image\":{\"@id\":\"https:\/\/aarch.dk\/en\/wetlands-and-alumina-hybrid-landscapes-in-queensland\/#primaryimage\"},\"thumbnailUrl\":\"https:\/\/aarch.dk\/wp-content\/uploads\/2021\/03\/udvalgt-453x400-emg.gif\",\"datePublished\":\"2021-03-23T10:32:32+00:00\",\"dateModified\":\"2025-02-26T09:22:11+00:00\",\"author\":{\"@id\":\"https:\/\/aarch.dk\/#\/schema\/person\/077ebb8cf42358d32800bc4d7919c79f\"},\"breadcrumb\":{\"@id\":\"https:\/\/aarch.dk\/en\/wetlands-and-alumina-hybrid-landscapes-in-queensland\/#breadcrumb\"},\"inLanguage\":\"en-US\",\"potentialAction\":[{\"@type\":\"ReadAction\",\"target\":[\"https:\/\/aarch.dk\/en\/wetlands-and-alumina-hybrid-landscapes-in-queensland\/\"]}]},{\"@type\":\"ImageObject\",\"inLanguage\":\"en-US\",\"@id\":\"https:\/\/aarch.dk\/en\/wetlands-and-alumina-hybrid-landscapes-in-queensland\/#primaryimage\",\"url\":\"https:\/\/aarch.dk\/wp-content\/uploads\/2021\/03\/udvalgt-453x400-emg.gif\",\"contentUrl\":\"https:\/\/aarch.dk\/wp-content\/uploads\/2021\/03\/udvalgt-453x400-emg.gif\",\"width\":400,\"height\":453,\"caption\":\"Queensland. Illustration: Eleanor Margot Gibson\"},{\"@type\":\"BreadcrumbList\",\"@id\":\"https:\/\/aarch.dk\/en\/wetlands-and-alumina-hybrid-landscapes-in-queensland\/#breadcrumb\",\"itemListElement\":[{\"@type\":\"ListItem\",\"position\":1,\"name\":\"Home\",\"item\":\"https:\/\/aarch.dk\/en\/\"},{\"@type\":\"ListItem\",\"position\":2,\"name\":\"Tema 1\",\"item\":\"https:\/\/aarch.dk\/en\/tag\/tema-1-en\/\"},{\"@type\":\"ListItem\",\"position\":3,\"name\":\"Wetlands and alumina: Hybrid Landscapes in Queensland\"}]},{\"@type\":\"WebSite\",\"@id\":\"https:\/\/aarch.dk\/#website\",\"url\":\"https:\/\/aarch.dk\/\",\"name\":\"Aarhus School of Architecture\",\"description\":\"\",\"potentialAction\":[{\"@type\":\"SearchAction\",\"target\":{\"@type\":\"EntryPoint\",\"urlTemplate\":\"https:\/\/aarch.dk\/?s={search_term_string}\"},\"query-input\":{\"@type\":\"PropertyValueSpecification\",\"valueRequired\":true,\"valueName\":\"search_term_string\"}}],\"inLanguage\":\"en-US\"},{\"@type\":\"Person\",\"@id\":\"https:\/\/aarch.dk\/#\/schema\/person\/077ebb8cf42358d32800bc4d7919c79f\",\"name\":\"Niels Rysz\",\"image\":{\"@type\":\"ImageObject\",\"inLanguage\":\"en-US\",\"@id\":\"https:\/\/secure.gravatar.com\/avatar\/e7ba6b2047544aae0f42adc61e9f2f95434d1006819dcef79822bd55eef9181a?s=96&d=mm&r=g\",\"url\":\"https:\/\/secure.gravatar.com\/avatar\/e7ba6b2047544aae0f42adc61e9f2f95434d1006819dcef79822bd55eef9181a?s=96&d=mm&r=g\",\"contentUrl\":\"https:\/\/secure.gravatar.com\/avatar\/e7ba6b2047544aae0f42adc61e9f2f95434d1006819dcef79822bd55eef9181a?s=96&d=mm&r=g\",\"caption\":\"Niels Rysz\"}}]}<\/script>\n<!-- \/ Yoast SEO plugin. -->","yoast_head_json":{"title":"Wetlands and alumina: Hybrid Landscapes in Queensland - Aarhus School of Architecture","robots":{"index":"index","follow":"follow","max-snippet":"max-snippet:-1","max-image-preview":"max-image-preview:large","max-video-preview":"max-video-preview:-1"},"canonical":"https:\/\/aarch.dk\/en\/wetlands-and-alumina-hybrid-landscapes-in-queensland\/","og_locale":"en_US","og_type":"article","og_title":"Wetlands and alumina: Hybrid Landscapes in Queensland - Aarhus School of Architecture","og_url":"https:\/\/aarch.dk\/en\/wetlands-and-alumina-hybrid-landscapes-in-queensland\/","og_site_name":"Aarhus School of Architecture","article_published_time":"2021-03-23T10:32:32+00:00","article_modified_time":"2025-02-26T09:22:11+00:00","og_image":[{"url":"https:\/\/aarch.dk\/wp-content\/uploads\/2021\/03\/udvalgt-453x400-emg.gif","width":400,"height":453,"type":"image\/gif"}],"author":"Niels Rysz","twitter_card":"summary_large_image","twitter_misc":{"Written by":"Niels Rysz","Est. reading time":"9 minutes"},"schema":{"@context":"https:\/\/schema.org","@graph":[{"@type":"Article","@id":"https:\/\/aarch.dk\/en\/wetlands-and-alumina-hybrid-landscapes-in-queensland\/#article","isPartOf":{"@id":"https:\/\/aarch.dk\/en\/wetlands-and-alumina-hybrid-landscapes-in-queensland\/"},"author":{"name":"Niels Rysz","@id":"https:\/\/aarch.dk\/#\/schema\/person\/077ebb8cf42358d32800bc4d7919c79f"},"headline":"Wetlands and alumina: Hybrid Landscapes in Queensland","datePublished":"2021-03-23T10:32:32+00:00","dateModified":"2025-02-26T09:22:11+00:00","mainEntityOfPage":{"@id":"https:\/\/aarch.dk\/en\/wetlands-and-alumina-hybrid-landscapes-in-queensland\/"},"wordCount":3558,"commentCount":0,"image":{"@id":"https:\/\/aarch.dk\/en\/wetlands-and-alumina-hybrid-landscapes-in-queensland\/#primaryimage"},"thumbnailUrl":"https:\/\/aarch.dk\/wp-content\/uploads\/2021\/03\/udvalgt-453x400-emg.gif","keywords":["Tema 1"],"inLanguage":"en-US","potentialAction":[{"@type":"CommentAction","name":"Comment","target":["https:\/\/aarch.dk\/en\/wetlands-and-alumina-hybrid-landscapes-in-queensland\/#respond"]}]},{"@type":"WebPage","@id":"https:\/\/aarch.dk\/en\/wetlands-and-alumina-hybrid-landscapes-in-queensland\/","url":"https:\/\/aarch.dk\/en\/wetlands-and-alumina-hybrid-landscapes-in-queensland\/","name":"Wetlands and alumina: Hybrid Landscapes in Queensland - Aarhus School of Architecture","isPartOf":{"@id":"https:\/\/aarch.dk\/#website"},"primaryImageOfPage":{"@id":"https:\/\/aarch.dk\/en\/wetlands-and-alumina-hybrid-landscapes-in-queensland\/#primaryimage"},"image":{"@id":"https:\/\/aarch.dk\/en\/wetlands-and-alumina-hybrid-landscapes-in-queensland\/#primaryimage"},"thumbnailUrl":"https:\/\/aarch.dk\/wp-content\/uploads\/2021\/03\/udvalgt-453x400-emg.gif","datePublished":"2021-03-23T10:32:32+00:00","dateModified":"2025-02-26T09:22:11+00:00","author":{"@id":"https:\/\/aarch.dk\/#\/schema\/person\/077ebb8cf42358d32800bc4d7919c79f"},"breadcrumb":{"@id":"https:\/\/aarch.dk\/en\/wetlands-and-alumina-hybrid-landscapes-in-queensland\/#breadcrumb"},"inLanguage":"en-US","potentialAction":[{"@type":"ReadAction","target":["https:\/\/aarch.dk\/en\/wetlands-and-alumina-hybrid-landscapes-in-queensland\/"]}]},{"@type":"ImageObject","inLanguage":"en-US","@id":"https:\/\/aarch.dk\/en\/wetlands-and-alumina-hybrid-landscapes-in-queensland\/#primaryimage","url":"https:\/\/aarch.dk\/wp-content\/uploads\/2021\/03\/udvalgt-453x400-emg.gif","contentUrl":"https:\/\/aarch.dk\/wp-content\/uploads\/2021\/03\/udvalgt-453x400-emg.gif","width":400,"height":453,"caption":"Queensland. Illustration: Eleanor Margot Gibson"},{"@type":"BreadcrumbList","@id":"https:\/\/aarch.dk\/en\/wetlands-and-alumina-hybrid-landscapes-in-queensland\/#breadcrumb","itemListElement":[{"@type":"ListItem","position":1,"name":"Home","item":"https:\/\/aarch.dk\/en\/"},{"@type":"ListItem","position":2,"name":"Tema 1","item":"https:\/\/aarch.dk\/en\/tag\/tema-1-en\/"},{"@type":"ListItem","position":3,"name":"Wetlands and alumina: Hybrid Landscapes in Queensland"}]},{"@type":"WebSite","@id":"https:\/\/aarch.dk\/#website","url":"https:\/\/aarch.dk\/","name":"Aarhus School of Architecture","description":"","potentialAction":[{"@type":"SearchAction","target":{"@type":"EntryPoint","urlTemplate":"https:\/\/aarch.dk\/?s={search_term_string}"},"query-input":{"@type":"PropertyValueSpecification","valueRequired":true,"valueName":"search_term_string"}}],"inLanguage":"en-US"},{"@type":"Person","@id":"https:\/\/aarch.dk\/#\/schema\/person\/077ebb8cf42358d32800bc4d7919c79f","name":"Niels Rysz","image":{"@type":"ImageObject","inLanguage":"en-US","@id":"https:\/\/secure.gravatar.com\/avatar\/e7ba6b2047544aae0f42adc61e9f2f95434d1006819dcef79822bd55eef9181a?s=96&d=mm&r=g","url":"https:\/\/secure.gravatar.com\/avatar\/e7ba6b2047544aae0f42adc61e9f2f95434d1006819dcef79822bd55eef9181a?s=96&d=mm&r=g","contentUrl":"https:\/\/secure.gravatar.com\/avatar\/e7ba6b2047544aae0f42adc61e9f2f95434d1006819dcef79822bd55eef9181a?s=96&d=mm&r=g","caption":"Niels Rysz"}}]}},"acf":[],"_links":{"self":[{"href":"https:\/\/aarch.dk\/en\/wp-json\/wp\/v2\/posts\/118310","targetHints":{"allow":["GET"]}}],"collection":[{"href":"https:\/\/aarch.dk\/en\/wp-json\/wp\/v2\/posts"}],"about":[{"href":"https:\/\/aarch.dk\/en\/wp-json\/wp\/v2\/types\/post"}],"author":[{"embeddable":true,"href":"https:\/\/aarch.dk\/en\/wp-json\/wp\/v2\/users\/37"}],"replies":[{"embeddable":true,"href":"https:\/\/aarch.dk\/en\/wp-json\/wp\/v2\/comments?post=118310"}],"version-history":[{"count":13,"href":"https:\/\/aarch.dk\/en\/wp-json\/wp\/v2\/posts\/118310\/revisions"}],"predecessor-version":[{"id":239764,"href":"https:\/\/aarch.dk\/en\/wp-json\/wp\/v2\/posts\/118310\/revisions\/239764"}],"wp:featuredmedia":[{"embeddable":true,"href":"https:\/\/aarch.dk\/en\/wp-json\/wp\/v2\/media\/118468"}],"wp:attachment":[{"href":"https:\/\/aarch.dk\/en\/wp-json\/wp\/v2\/media?parent=118310"}],"wp:term":[{"taxonomy":"category","embeddable":true,"href":"https:\/\/aarch.dk\/en\/wp-json\/wp\/v2\/categories?post=118310"},{"taxonomy":"post_tag","embeddable":true,"href":"https:\/\/aarch.dk\/en\/wp-json\/wp\/v2\/tags?post=118310"}],"curies":[{"name":"wp","href":"https:\/\/api.w.org\/{rel}","templated":true}]}}