{"id":169374,"date":"2022-12-20T13:59:11","date_gmt":"2022-12-20T12:59:11","guid":{"rendered":"https:\/\/aarch.dk\/?p=169374"},"modified":"2024-11-19T10:29:58","modified_gmt":"2024-11-19T09:29:58","slug":"the-ca%c2%b2re-conference-visits-aarhus-in-2023","status":"publish","type":"post","link":"https:\/\/aarch.dk\/en\/the-ca%c2%b2re-conference-visits-aarhus-in-2023\/","title":{"rendered":"The CA\u00b2RE conference visits Aarhus in 2023"},"content":{"rendered":"<div id='av_section_1'  class='avia-section main_color avia-section-default avia-no-border-styling  avia-bg-style-scroll  avia-builder-el-0  el_before_av_section  avia-builder-el-first  aarch-header-type-2  container_wrap fullsize' style=' '  ><div class='container' ><main  role=\"main\" itemprop=\"mainContentOfPage\"  class='template-page content  av-content-full alpha units'><div class='post-entry post-entry-type-page post-entry-169374'><div class='entry-content-wrapper clearfix'>\n<section class=\"av_textblock_section \"  itemscope=\"itemscope\" itemtype=\"https:\/\/schema.org\/BlogPosting\" itemprop=\"blogPost\" ><div class='avia_textblock aarch-header-type-2-nav '   itemprop=\"text\" ><p><a href=\"https:\/\/aarch.dk\/en\/news\/\">News<\/a><\/p>\n<\/div><\/section>\n<section class=\"av_textblock_section \"  itemscope=\"itemscope\" itemtype=\"https:\/\/schema.org\/BlogPosting\" itemprop=\"blogPost\" ><div class='avia_textblock aarch-header-type-2-title '   itemprop=\"text\" ><h1>The CA\u00b2RE conference visits Aarhus in 2023<\/h1>\n<\/div><\/section>\n<section class=\"av_textblock_section \"  itemscope=\"itemscope\" itemtype=\"https:\/\/schema.org\/BlogPosting\" itemprop=\"blogPost\" ><div class='avia_textblock aarch-header-type-2-subtitle '   itemprop=\"text\" ><p>Join an international network of professionals working with Design-Driven research across different fields.<\/p>\n<\/div><\/section>\n<section class=\"av_textblock_section \"  itemscope=\"itemscope\" itemtype=\"https:\/\/schema.org\/BlogPosting\" itemprop=\"blogPost\" ><div class='avia_textblock aarch-header-type-2-by-title '   itemprop=\"text\" ><p>20.12.2022<\/p>\n<\/div><\/section>\n\n<\/div><\/div><\/main><!-- close content main element --><\/div><\/div><div id='av_section_2'  class='avia-section main_color avia-section-default avia-no-border-styling  avia-bg-style-scroll  avia-builder-el-5  el_after_av_section  el_before_av_section   container_wrap fullsize' style=' '  ><div class='container' ><div class='template-page content  av-content-full alpha units'><div class='post-entry post-entry-type-page post-entry-169374'><div class='entry-content-wrapper clearfix'>\n<div class=\"flex_column av_one_fifth  flex_column_div av-zero-column-padding first  avia-builder-el-6  el_before_av_three_fifth  avia-builder-el-first  \" style='border-radius:0px; '><\/div><div class=\"flex_column av_three_fifth  flex_column_div av-zero-column-padding   avia-builder-el-7  el_after_av_one_fifth  el_before_av_one_fifth  \" style='border-radius:0px; '><section class=\"av_textblock_section \"  itemscope=\"itemscope\" itemtype=\"https:\/\/schema.org\/BlogPosting\" itemprop=\"blogPost\" ><div class='avia_textblock  '   itemprop=\"text\" ><p>On the 23-25 of March, the CA\u00b2RE conference will take place at Aarhus School of Architecture. The conference gathers professionals working with Design-Driven research in different artistic fields. It aims to improve Design-Driven research quality through intensive peer reviewing at critical stages. The conference is still open for submissions of abstracts for PhD candidates, postdoctoral and senior researchers in the diverse fields of Design-Driven research at any stage of their research to present and discuss their work. Read more about the call here:<br \/>\n<a href=\"https:\/\/aarhus.ca2re.eu\/call\">https:\/\/aarhus.ca2re.eu\/call<\/a><\/p>\n<p>&#8220;Our goal is to unite researchers working with Design-Driven research and accomplished supervisors and create an international network. We want to highlight this type of knowledge production happening through a vital tool in architectural practice&#8221;, says Claus Peder Pedersen, chair of the Organizing Team &amp; Scientific Committee and Head of the PhD School at the Aarhus School of Architecture.<\/p>\n<\/div><\/section><\/div><div class=\"flex_column av_one_fifth  flex_column_div av-zero-column-padding   avia-builder-el-9  el_after_av_three_fifth  avia-builder-el-last  \" style='border-radius:0px; '><\/div>\n\n<\/div><\/div><\/div><!-- close content main div --><\/div><\/div><div id='av_section_3'  class='avia-section main_color avia-section-no-padding avia-no-border-styling  avia-bg-style-scroll  avia-builder-el-10  el_after_av_section  el_before_av_section   container_wrap fullsize' style=' '  ><div class='container' ><div class='template-page content  av-content-full alpha units'><div class='post-entry post-entry-type-page post-entry-169374'><div class='entry-content-wrapper clearfix'>\n<div class=\"flex_column av_one_fourth  flex_column_div av-zero-column-padding first  avia-builder-el-11  el_before_av_one_half  avia-builder-el-first  \" style='border-radius:0px; '><\/div><div class=\"flex_column av_one_half  flex_column_div   avia-builder-el-12  el_after_av_one_fourth  el_before_av_one_fourth  \" style='padding:0px 0px 0px 0px ; border-radius:0px; '><div  class='avia-image-container  av-styling-    avia-builder-el-13  avia-builder-el-no-sibling  avia-align-center '  itemprop=\"image\" itemscope=\"itemscope\" itemtype=\"https:\/\/schema.org\/ImageObject\"  ><div class='avia-image-container-inner'><div class='avia-image-overlay-wrap'><img class='avia_image' src='https:\/\/aarch.dk\/wp-content\/uploads\/2022\/12\/CA2RE_logo.png' alt='The CA\u00b2RE conference visits Aarhus in 2023' title='CA2RE_logo' height=\"800\" width=\"766\"  itemprop=\"thumbnailUrl\"  \/><\/div><\/div><\/div><\/div><div class=\"flex_column av_one_fourth  flex_column_div av-zero-column-padding   avia-builder-el-14  el_after_av_one_half  avia-builder-el-last  \" style='border-radius:0px; '><\/div>\n\n<\/div><\/div><\/div><!-- close content main div --><\/div><\/div><div id='av_section_4'  class='avia-section main_color avia-section-default avia-no-border-styling  avia-bg-style-scroll  avia-builder-el-15  el_after_av_section  el_before_av_section   container_wrap fullsize' style=' '  ><div class='container' ><div class='template-page content  av-content-full alpha units'><div class='post-entry post-entry-type-page post-entry-169374'><div class='entry-content-wrapper clearfix'>\n<div class=\"flex_column av_one_fifth  flex_column_div av-zero-column-padding first  avia-builder-el-16  el_before_av_three_fifth  avia-builder-el-first  \" style='border-radius:0px; '><\/div><div class=\"flex_column av_three_fifth  flex_column_div av-zero-column-padding   avia-builder-el-17  el_after_av_one_fifth  el_before_av_one_fifth  \" style='border-radius:0px; '><section class=\"av_textblock_section \"  itemscope=\"itemscope\" itemtype=\"https:\/\/schema.org\/BlogPosting\" itemprop=\"blogPost\" ><div class='avia_textblock  '   itemprop=\"text\" ><h5>New theme<\/h5>\n<p>The CA\u00b2RE Conference is a biannual event hosted worldwide by the CA\u00b2RE Network. This is the 13th Care Conference, and the theme will be EXCHANGING. The conference will take place at the Aarhus School of Architecture in association with ARENA, EAAE and ELIA.<\/p>\n<p>&#8220;At the previous conferences, a lot of focus was put on PhD students, but this time, we want to include more experienced researchers. We are trying to do that with new formats such as talks and debates amongst the researches as a supplement to the more well-known research presentations&#8221;, Claus Peder Pedersen says.<\/p>\n<p>You can read more about the CA\u00b2RE Conference here: <a href=\"https:\/\/aarhus.ca2re.eu\/\">https:\/\/aarhus.ca2re.eu\/<\/a><\/p>\n<p>Signup for the conference here.<\/p>\n<\/div><\/section><\/div><div class=\"flex_column av_one_fifth  flex_column_div av-zero-column-padding   avia-builder-el-19  el_after_av_three_fifth  avia-builder-el-last  \" style='border-radius:0px; '><\/div><\/div><\/div><\/div><!-- close content main div --><\/div><\/div><div id='av_section_5'  class='avia-section main_color avia-section-default avia-no-border-styling  avia-bg-style-scroll  avia-builder-el-20  el_after_av_section  el_before_av_section   container_wrap fullsize' style=' '  ><div class='container' ><div class='template-page content  av-content-full alpha units'><div class='post-entry post-entry-type-page post-entry-169374'><div class='entry-content-wrapper clearfix'>\n<div class=\"flex_column av_one_full  flex_column_div av-zero-column-padding first  avia-builder-el-21  el_before_av_one_fifth  avia-builder-el-first  \" style='border-radius:0px; '><div   class='hr hr-default   avia-builder-el-22  avia-builder-el-no-sibling '><span class='hr-inner ' ><span class='hr-inner-style'><\/span><\/span><\/div><\/div><div class=\"flex_column av_one_fifth  flex_column_div av-zero-column-padding first  avia-builder-el-23  el_after_av_one_full  el_before_av_three_fifth  column-top-margin\" style='border-radius:0px; '><\/div><div class=\"flex_column av_three_fifth  flex_column_div av-zero-column-padding   avia-builder-el-24  el_after_av_one_fifth  el_before_av_one_fifth  column-top-margin\" style='border-radius:0px; '><div  class='av-social-sharing-box  avia-builder-el-25  avia-builder-el-no-sibling  '><div class='av-share-box'><ul class='av-share-box-list noLightbox'><li class='av-share-link av-social-link-facebook' ><a target=\"_blank\" aria-label=\"Share on Facebook\" href='https:\/\/www.facebook.com\/sharer.php?u=https:\/\/aarch.dk\/en\/the-ca%c2%b2re-conference-visits-aarhus-in-2023\/&#038;t=The%20CA%C2%B2RE%20conference%20visits%20Aarhus%20in%202023' aria-hidden='false' data-av_icon='\ue8f3' data-av_iconfont='entypo-fontello' title='' data-avia-related-tooltip='Share on Facebook' rel=\"noopener\"><span class='avia_hidden_link_text'>Share on Facebook<\/span><\/a><\/li><li class='av-share-link av-social-link-twitter' ><a target=\"_blank\" aria-label=\"Share on Twitter\" href='https:\/\/twitter.com\/share?text=The%20CA%C2%B2RE%20conference%20visits%20Aarhus%20in%202023&#038;url=https:\/\/aarch.dk\/en\/?p=169374' aria-hidden='false' data-av_icon='\ue8f1' data-av_iconfont='entypo-fontello' title='' data-avia-related-tooltip='Share on Twitter' rel=\"noopener\"><span class='avia_hidden_link_text'>Share on Twitter<\/span><\/a><\/li><li class='av-share-link av-social-link-linkedin' ><a target=\"_blank\" aria-label=\"Share on LinkedIn\" href='https:\/\/linkedin.com\/shareArticle?mini=true&#038;title=The%20CA%C2%B2RE%20conference%20visits%20Aarhus%20in%202023&#038;url=https:\/\/aarch.dk\/en\/the-ca%c2%b2re-conference-visits-aarhus-in-2023\/' aria-hidden='false' data-av_icon='\ue8fc' data-av_iconfont='entypo-fontello' title='' data-avia-related-tooltip='Share on LinkedIn' rel=\"noopener\"><span class='avia_hidden_link_text'>Share on LinkedIn<\/span><\/a><\/li><li class='av-share-link av-social-link-mail' ><a  aria-label=\"Share by Mail\" href='mailto:?subject=The%20CA%C2%B2RE%20conference%20visits%20Aarhus%20in%202023&#038;body=https:\/\/aarch.dk\/en\/the-ca%c2%b2re-conference-visits-aarhus-in-2023\/' aria-hidden='false' data-av_icon='\ue805' data-av_iconfont='entypo-fontello' title='' data-avia-related-tooltip='Share by Mail'><span class='avia_hidden_link_text'>Share by Mail<\/span><\/a><\/li><\/ul><\/div><\/div><\/div><div class=\"flex_column av_one_fifth  flex_column_div av-zero-column-padding   avia-builder-el-26  el_after_av_three_fifth  avia-builder-el-last  column-top-margin\" style='border-radius:0px; '><\/div>\n<\/p>\n<\/div><\/div><\/div><!-- close content main div --><\/div><\/div><div id='av_section_6'  class='avia-section main_color avia-section-default avia-no-border-styling  avia-bg-style-scroll  avia-builder-el-27  el_after_av_section  el_before_av_section  section-label  container_wrap fullsize' style=' '  ><div class='container' ><div class='template-page content  av-content-full alpha units'><div class='post-entry post-entry-type-page post-entry-169374'><div class='entry-content-wrapper clearfix'>\n<section class=\"av_textblock_section \"  itemscope=\"itemscope\" itemtype=\"https:\/\/schema.org\/BlogPosting\" itemprop=\"blogPost\" ><div class='avia_textblock  '   itemprop=\"text\" ><p class=\"section-label-text\">Related<\/p>\n<\/div><\/section>\n\n<\/div><\/div><\/div><!-- close content main div --><\/div><\/div><div id='av_section_7'  class='avia-section main_color avia-section-huge avia-no-border-styling  avia-bg-style-scroll  avia-builder-el-29  el_after_av_section  el_before_av_layout_row  content-padding-bottom-0  container_wrap fullsize' style='background-color: #1b47a9;  '  ><div class='container' ><div class='template-page content  av-content-full alpha units'><div class='post-entry post-entry-type-page post-entry-169374'><div class='entry-content-wrapper clearfix'>\n<div class='flex_column_table av-equal-height-column-flextable -flextable' ><div class=\"flex_column av_three_fifth  flex_column_table_cell av-equal-height-column av-align-bottom av-zero-column-padding first  avia-builder-el-30  el_before_av_one_fifth  avia-builder-el-first  \" style='border-radius:0px; '><section class=\"av_textblock_section \"  itemscope=\"itemscope\" itemtype=\"https:\/\/schema.org\/BlogPosting\" itemprop=\"blogPost\" ><div class='avia_textblock  '   itemprop=\"text\" ><p class=\"font-size-xsmall margin-bottom-30 color-00\"><strong class=\"color-00\">YOU MAY ALSO BE INTERESTED IN<br \/>\n<\/strong><\/p>\n<h3 class=\"font-size-large margin-bottom-0 color-00\">RELATED CONTENT<\/h3>\n<\/div><\/section><\/div><div class='av-flex-placeholder'><\/div><div class=\"flex_column av_one_fifth  flex_column_table_cell av-equal-height-column av-align-bottom av-zero-column-padding   avia-builder-el-32  el_after_av_three_fifth  el_before_av_one_fifth  \" style='border-radius:0px; '><\/div><div class='av-flex-placeholder'><\/div><div class=\"flex_column av_one_fifth  flex_column_table_cell av-equal-height-column av-align-bottom av-zero-column-padding   avia-builder-el-33  el_after_av_one_fifth  avia-builder-el-last  \" style='border-radius:0px; '><section class=\"av_textblock_section \"  itemscope=\"itemscope\" itemtype=\"https:\/\/schema.org\/BlogPosting\" itemprop=\"blogPost\" ><div class='avia_textblock  '   itemprop=\"text\" ><p class=\"linkArrow color-white margin-bottom-0\"><a href=\"https:\/\/aarch.dk\/en\/news\/\">See all news<\/a><\/p>\n<\/div><\/section><\/div><\/div><!--close column table wrapper. Autoclose: 1 -->\n\n<\/div><\/div><\/div><!-- close content main div --><\/div><\/div><div id='av-layout-grid-1'  class='av-layout-grid-container entry-content-wrapper main_color av-flex-cells     avia-builder-el-35  el_after_av_section  avia-builder-el-last  content-padding-top-0 submenu-not-first container_wrap fullsize' style=' '  >\n<div class=\"flex_cell no_margin av_one_full  avia-builder-el-36  avia-builder-el-no-sibling  grid-cell-top-50 grid-cell-bottom-150 grid-cell-left-80 grid-cell-right-80  av-zero-padding \"  style='background: #1b47a9; vertical-align:top; padding:0px; background-color:#1b47a9; ' ><div class='flex_cell_inner' ><div class=\"flex_column av_one_full  flex_column_div av-zero-column-padding first  avia-builder-el-37  avia-builder-el-no-sibling  \" style='border-radius:0px; '><div  data-autoplay=''  data-interval='5'  data-animation='fade'  data-show_slide_delay='90'  class='avia-content-slider avia-content-slider-active avia-content-slider1 avia-content-slider-even  avia-builder-el-38  avia-builder-el-no-sibling  '  itemscope=\"itemscope\" itemtype=\"https:\/\/schema.org\/Blog\" ><div class='avia-content-slider-inner'><div class='slide-entry-wrap'><article class='slide-entry flex_column  post-entry post-entry-259685 type-post slide-entry-overview slide-loop-1 slide-parity-odd  av_one_fourth first real-thumbnail'  itemscope=\"itemscope\" itemtype=\"https:\/\/schema.org\/BlogPosting\" itemprop=\"blogPost\" ><a href='https:\/\/aarch.dk\/en\/arkitekturbiennalen-workswords-kommer-til-aarhus\/' data-rel='slide-1' class='slide-image' title=''><img loading=\"lazy\" decoding=\"async\" width=\"400\" height=\"453\" src=\"https:\/\/aarch.dk\/wp-content\/uploads\/2018\/10\/ep7-nat-13-400x453.jpg\" class=\"attachment-slider-carousel-image-large size-slider-carousel-image-large wp-post-image\" alt=\"Aarhus School of Architecture at Exners Plads 7\" srcset=\"https:\/\/aarch.dk\/wp-content\/uploads\/2018\/10\/ep7-nat-13-400x453.jpg 400w, https:\/\/aarch.dk\/wp-content\/uploads\/2018\/10\/ep7-nat-13-375x425.jpg 375w\" sizes=\"auto, (max-width: 400px) 100vw, 400px\" \/><\/a><div class='slide-content'><header class=\"entry-content-header\"><span class=\"blog-date minor-meta\">17.02.2026<\/span><h3 class='slide-entry-title entry-title'  itemprop=\"headline\" ><a href='https:\/\/aarch.dk\/en\/arkitekturbiennalen-workswords-kommer-til-aarhus\/' title='The Architecture Bienniale WORKS+WORDS comes to Aarhus'>The Architecture Bienniale WORKS+WORDS comes to Aarhus<\/a><\/h3><span class=\"av-vertical-delimiter\"><\/span><\/header><div class='slide-meta'><div class='slide-meta-comments'><a href='https:\/\/aarch.dk\/en\/arkitekturbiennalen-workswords-kommer-til-aarhus\/#respond'>0 Comments<\/a><\/div><div class='slide-meta-del'>\/<\/div><time class='slide-meta-time updated'  itemprop=\"datePublished\" datetime=\"2026-02-17T09:36:54+01:00\" >17.02.2026<\/time><\/div><div class='slide-entry-excerpt entry-content'  itemprop=\"text\" >\r\n\r\n\r\n\r\n\r\n\r\n\r\n\r\n<\/div><\/div><footer class=\"entry-footer\"><\/footer><span class='hidden'>\n\t\t\t\t<span class='av-structured-data'  itemprop=\"image\" itemscope=\"itemscope\" itemtype=\"https:\/\/schema.org\/ImageObject\" >\n\t\t\t\t\t\t<span itemprop='url'>https:\/\/aarch.dk\/wp-content\/uploads\/2018\/10\/ep7-nat-13-scaled.jpg<\/span>\n\t\t\t\t\t\t<span itemprop='height'>1917<\/span>\n\t\t\t\t\t\t<span itemprop='width'>2560<\/span>\n\t\t\t\t<\/span>\n\t\t\t\t<span class='av-structured-data'  itemprop=\"publisher\" itemtype=\"https:\/\/schema.org\/Organization\" itemscope=\"itemscope\" >\n\t\t\t\t\t\t<span itemprop='name'>Niels Rysz<\/span>\n\t\t\t\t\t\t<span itemprop='logo' itemscope itemtype='https:\/\/schema.org\/ImageObject'>\n\t\t\t\t\t\t\t<span itemprop='url'>https:\/\/s3-eu-central-1.amazonaws.com\/aarchdk\/wp-content\/uploads\/2019\/02\/03164631\/aarch-logo-dark.svg<\/span>\n\t\t\t\t\t\t <\/span>\n\t\t\t\t<\/span><span class='av-structured-data'  itemprop=\"author\" itemscope=\"itemscope\" itemtype=\"https:\/\/schema.org\/Person\" ><span itemprop='name'>Niels Rysz<\/span><\/span><span class='av-structured-data'  itemprop=\"datePublished\" datetime=\"2025-11-10T10:00:43+01:00\" >2026-02-17 09:36:54<\/span><span class='av-structured-data'  itemprop=\"dateModified\" itemtype=\"https:\/\/schema.org\/dateModified\" >2026-02-17 11:15:21<\/span><span class='av-structured-data'  itemprop=\"mainEntityOfPage\" itemtype=\"https:\/\/schema.org\/mainEntityOfPage\" ><span itemprop='name'>The Architecture Bienniale WORKS+WORDS comes to Aarhus<\/span><\/span><\/span><\/article><article class='slide-entry flex_column  post-entry post-entry-257557 type-post slide-entry-overview slide-loop-2 slide-parity-even  av_one_fourth  real-thumbnail'  itemscope=\"itemscope\" itemtype=\"https:\/\/schema.org\/BlogPosting\" itemprop=\"blogPost\" ><a href='https:\/\/aarch.dk\/en\/nyt-forskernetvaerk-vil-undersoege-vedligehold-i-almene-boligbyggerier\/' data-rel='slide-1' class='slide-image' title=''><img loading=\"lazy\" decoding=\"async\" width=\"400\" height=\"453\" src=\"https:\/\/aarch.dk\/wp-content\/uploads\/2025\/12\/25_eu-repairs-6_A_sGRH-kopi-400x453.jpeg\" class=\"attachment-slider-carousel-image-large size-slider-carousel-image-large wp-post-image\" alt=\"Forskernetv\u00e6rket har allerede v\u00e6ret p\u00e5 bes\u00f8g i nogle af boligomr\u00e5derne. Foto: Carolina Dayer.\" srcset=\"https:\/\/aarch.dk\/wp-content\/uploads\/2025\/12\/25_eu-repairs-6_A_sGRH-kopi-400x453.jpeg 400w, https:\/\/aarch.dk\/wp-content\/uploads\/2025\/12\/25_eu-repairs-6_A_sGRH-kopi-375x425.jpeg 375w\" sizes=\"auto, (max-width: 400px) 100vw, 400px\" \/><\/a><div class='slide-content'><header class=\"entry-content-header\"><span class=\"blog-date minor-meta\">05.12.2025<\/span><h3 class='slide-entry-title entry-title'  itemprop=\"headline\" ><a href='https:\/\/aarch.dk\/en\/nyt-forskernetvaerk-vil-undersoege-vedligehold-i-almene-boligbyggerier\/' title='New Research Network to Explore Cultures of Maintenance in Social Housing'>New Research Network to Explore Cultures of Maintenance in Social Housing<\/a><\/h3><span class=\"av-vertical-delimiter\"><\/span><\/header><div class='slide-meta'><div class='slide-meta-comments'><a href='https:\/\/aarch.dk\/en\/nyt-forskernetvaerk-vil-undersoege-vedligehold-i-almene-boligbyggerier\/#respond'>0 Comments<\/a><\/div><div class='slide-meta-del'>\/<\/div><time class='slide-meta-time updated'  itemprop=\"datePublished\" datetime=\"2025-12-05T11:20:03+01:00\" >05.12.2025<\/time><\/div><div class='slide-entry-excerpt entry-content'  itemprop=\"text\" >\r\n\r\n\r\n\r\n\r\n\r\n\r\n\r\n<\/div><\/div><footer class=\"entry-footer\"><\/footer><span class='hidden'>\n\t\t\t\t<span class='av-structured-data'  itemprop=\"image\" itemscope=\"itemscope\" itemtype=\"https:\/\/schema.org\/ImageObject\" >\n\t\t\t\t\t\t<span itemprop='url'>https:\/\/aarch.dk\/wp-content\/uploads\/2025\/12\/25_eu-repairs-6_A_sGRH-kopi.jpeg<\/span>\n\t\t\t\t\t\t<span itemprop='height'>742<\/span>\n\t\t\t\t\t\t<span itemprop='width'>1200<\/span>\n\t\t\t\t<\/span>\n\t\t\t\t<span class='av-structured-data'  itemprop=\"publisher\" itemtype=\"https:\/\/schema.org\/Organization\" itemscope=\"itemscope\" >\n\t\t\t\t\t\t<span itemprop='name'>Niels Rysz<\/span>\n\t\t\t\t\t\t<span itemprop='logo' itemscope itemtype='https:\/\/schema.org\/ImageObject'>\n\t\t\t\t\t\t\t<span itemprop='url'>https:\/\/s3-eu-central-1.amazonaws.com\/aarchdk\/wp-content\/uploads\/2019\/02\/03164631\/aarch-logo-dark.svg<\/span>\n\t\t\t\t\t\t <\/span>\n\t\t\t\t<\/span><span class='av-structured-data'  itemprop=\"author\" itemscope=\"itemscope\" itemtype=\"https:\/\/schema.org\/Person\" ><span itemprop='name'>Niels Rysz<\/span><\/span><span class='av-structured-data'  itemprop=\"datePublished\" datetime=\"2025-11-10T10:00:43+01:00\" >2025-12-05 11:20:03<\/span><span class='av-structured-data'  itemprop=\"dateModified\" itemtype=\"https:\/\/schema.org\/dateModified\" >2025-12-05 11:20:04<\/span><span class='av-structured-data'  itemprop=\"mainEntityOfPage\" itemtype=\"https:\/\/schema.org\/mainEntityOfPage\" ><span itemprop='name'>New Research Network to Explore Cultures of Maintenance in Social Housing<\/span><\/span><\/span><\/article><article class='slide-entry flex_column  post-entry post-entry-256735 type-post slide-entry-overview slide-loop-3 slide-parity-odd  av_one_fourth  real-thumbnail'  itemscope=\"itemscope\" itemtype=\"https:\/\/schema.org\/BlogPosting\" itemprop=\"blogPost\" ><a href='https:\/\/aarch.dk\/en\/aarhus-school-of-architecture-turns-60\/' data-rel='slide-1' class='slide-image' title=''><img loading=\"lazy\" decoding=\"async\" width=\"400\" height=\"453\" src=\"https:\/\/aarch.dk\/wp-content\/uploads\/2022\/08\/Exners_lowres-400x453.jpg\" class=\"attachment-slider-carousel-image-large size-slider-carousel-image-large wp-post-image\" alt=\"Nyt netv\u00e6rk for v\u00e6ksttegnestuer\" srcset=\"https:\/\/aarch.dk\/wp-content\/uploads\/2022\/08\/Exners_lowres-400x453.jpg 400w, https:\/\/aarch.dk\/wp-content\/uploads\/2022\/08\/Exners_lowres-375x425.jpg 375w\" sizes=\"auto, (max-width: 400px) 100vw, 400px\" \/><\/a><div class='slide-content'><header class=\"entry-content-header\"><span class=\"blog-date minor-meta\">11.11.2025<\/span><h3 class='slide-entry-title entry-title'  itemprop=\"headline\" ><a href='https:\/\/aarch.dk\/en\/aarhus-school-of-architecture-turns-60\/' title='Aarhus School of Architecture turns 60'>Aarhus School of Architecture turns 60<\/a><\/h3><span class=\"av-vertical-delimiter\"><\/span><\/header><div class='slide-meta'><div class='slide-meta-comments'><a href='https:\/\/aarch.dk\/en\/aarhus-school-of-architecture-turns-60\/#respond'>0 Comments<\/a><\/div><div class='slide-meta-del'>\/<\/div><time class='slide-meta-time updated'  itemprop=\"datePublished\" datetime=\"2025-11-11T10:00:13+01:00\" >11.11.2025<\/time><\/div><div class='slide-entry-excerpt entry-content'  itemprop=\"text\" >\r\n\r\n\r\n\r\n\r\n\r\n\r\n\r\n\r\n\r\n\r\n\r\n<\/div><\/div><footer class=\"entry-footer\"><\/footer><span class='hidden'>\n\t\t\t\t<span class='av-structured-data'  itemprop=\"image\" itemscope=\"itemscope\" itemtype=\"https:\/\/schema.org\/ImageObject\" >\n\t\t\t\t\t\t<span itemprop='url'>https:\/\/aarch.dk\/wp-content\/uploads\/2022\/08\/Exners_lowres.jpg<\/span>\n\t\t\t\t\t\t<span itemprop='height'>683<\/span>\n\t\t\t\t\t\t<span itemprop='width'>1024<\/span>\n\t\t\t\t<\/span>\n\t\t\t\t<span class='av-structured-data'  itemprop=\"publisher\" itemtype=\"https:\/\/schema.org\/Organization\" itemscope=\"itemscope\" >\n\t\t\t\t\t\t<span itemprop='name'>Trine Steffenauer<\/span>\n\t\t\t\t\t\t<span itemprop='logo' itemscope itemtype='https:\/\/schema.org\/ImageObject'>\n\t\t\t\t\t\t\t<span itemprop='url'>https:\/\/s3-eu-central-1.amazonaws.com\/aarchdk\/wp-content\/uploads\/2019\/02\/03164631\/aarch-logo-dark.svg<\/span>\n\t\t\t\t\t\t <\/span>\n\t\t\t\t<\/span><span class='av-structured-data'  itemprop=\"author\" itemscope=\"itemscope\" itemtype=\"https:\/\/schema.org\/Person\" ><span itemprop='name'>Trine Steffenauer<\/span><\/span><span class='av-structured-data'  itemprop=\"datePublished\" datetime=\"2025-11-10T10:00:43+01:00\" >2025-11-11 10:00:13<\/span><span class='av-structured-data'  itemprop=\"dateModified\" itemtype=\"https:\/\/schema.org\/dateModified\" >2025-11-11 10:41:30<\/span><span class='av-structured-data'  itemprop=\"mainEntityOfPage\" itemtype=\"https:\/\/schema.org\/mainEntityOfPage\" ><span itemprop='name'>Aarhus School of Architecture turns 60<\/span><\/span><\/span><\/article><article class='slide-entry flex_column  post-entry post-entry-256942 type-post slide-entry-overview slide-loop-4 slide-parity-even  post-entry-last  av_one_fourth  real-thumbnail'  itemscope=\"itemscope\" itemtype=\"https:\/\/schema.org\/BlogPosting\" itemprop=\"blogPost\" ><a href='https:\/\/aarch.dk\/en\/stor-forskningsbevilling-til-undersoegelse-af-dansk-restaureringskunst\/' data-rel='slide-1' class='slide-image' title=''><img loading=\"lazy\" decoding=\"async\" width=\"400\" height=\"453\" src=\"https:\/\/aarch.dk\/wp-content\/uploads\/2025\/10\/Anders-Sune-Berg-Badeanstalt-01-400x453.jpg\" class=\"attachment-slider-carousel-image-large size-slider-carousel-image-large wp-post-image\" alt=\"Badeanstalten Aarhus\" srcset=\"https:\/\/aarch.dk\/wp-content\/uploads\/2025\/10\/Anders-Sune-Berg-Badeanstalt-01-400x453.jpg 400w, https:\/\/aarch.dk\/wp-content\/uploads\/2025\/10\/Anders-Sune-Berg-Badeanstalt-01-375x425.jpg 375w\" sizes=\"auto, (max-width: 400px) 100vw, 400px\" \/><\/a><div class='slide-content'><header class=\"entry-content-header\"><span class=\"blog-date minor-meta\">10.11.2025<\/span><h3 class='slide-entry-title entry-title'  itemprop=\"headline\" ><a href='https:\/\/aarch.dk\/en\/stor-forskningsbevilling-til-undersoegelse-af-dansk-restaureringskunst\/' title='Stor forskningsbevilling til historisk unders\u00f8gelse af dansk restaureringskunst'>Stor forskningsbevilling til historisk unders\u00f8gelse af dansk restaureringskunst<\/a><\/h3><span class=\"av-vertical-delimiter\"><\/span><\/header><div class='slide-meta'><div class='slide-meta-comments'><a href='https:\/\/aarch.dk\/en\/stor-forskningsbevilling-til-undersoegelse-af-dansk-restaureringskunst\/#respond'>0 Comments<\/a><\/div><div class='slide-meta-del'>\/<\/div><time class='slide-meta-time updated'  itemprop=\"datePublished\" datetime=\"2025-11-10T10:00:43+01:00\" >10.11.2025<\/time><\/div><div class='slide-entry-excerpt entry-content'  itemprop=\"text\" >\r\n\r\n\r\n\r\n\r\n\r\n\r\n\r\n\r\n\r\n<\/div><\/div><footer class=\"entry-footer\"><\/footer><span class='hidden'>\n\t\t\t\t<span class='av-structured-data'  itemprop=\"image\" itemscope=\"itemscope\" itemtype=\"https:\/\/schema.org\/ImageObject\" >\n\t\t\t\t\t\t<span itemprop='url'>https:\/\/aarch.dk\/wp-content\/uploads\/2025\/10\/Anders-Sune-Berg-Badeanstalt-01.jpg<\/span>\n\t\t\t\t\t\t<span itemprop='height'>1060<\/span>\n\t\t\t\t\t\t<span itemprop='width'>833<\/span>\n\t\t\t\t<\/span>\n\t\t\t\t<span class='av-structured-data'  itemprop=\"publisher\" itemtype=\"https:\/\/schema.org\/Organization\" itemscope=\"itemscope\" >\n\t\t\t\t\t\t<span itemprop='name'>Trine Steffenauer<\/span>\n\t\t\t\t\t\t<span itemprop='logo' itemscope itemtype='https:\/\/schema.org\/ImageObject'>\n\t\t\t\t\t\t\t<span itemprop='url'>https:\/\/s3-eu-central-1.amazonaws.com\/aarchdk\/wp-content\/uploads\/2019\/02\/03164631\/aarch-logo-dark.svg<\/span>\n\t\t\t\t\t\t <\/span>\n\t\t\t\t<\/span><span class='av-structured-data'  itemprop=\"author\" itemscope=\"itemscope\" itemtype=\"https:\/\/schema.org\/Person\" ><span itemprop='name'>Trine Steffenauer<\/span><\/span><span class='av-structured-data'  itemprop=\"datePublished\" datetime=\"2025-11-10T10:00:43+01:00\" >2025-11-10 10:00:43<\/span><span class='av-structured-data'  itemprop=\"dateModified\" itemtype=\"https:\/\/schema.org\/dateModified\" >2025-11-14 08:21:25<\/span><span class='av-structured-data'  itemprop=\"mainEntityOfPage\" itemtype=\"https:\/\/schema.org\/mainEntityOfPage\" ><span itemprop='name'>Stor forskningsbevilling til historisk unders\u00f8gelse af dansk restaureringskunst<\/span><\/span><\/span><\/article><\/div><\/div><\/div><\/div>\n<\/div><\/div>\n<\/div>\n","protected":false},"excerpt":{"rendered":"","protected":false},"author":9,"featured_media":169372,"comment_status":"open","ping_status":"closed","sticky":false,"template":"","format":"standard","meta":{"_acf_changed":false,"footnotes":""},"categories":[392],"tags":[857,620],"class_list":["post-169374","post","type-post","status-publish","format-standard","has-post-thumbnail","hentry","category-news","tag-forside-nyhed-en","tag-frontpage-news"],"yoast_head":"<!-- This site is optimized with the Yoast SEO plugin v27.2 - https:\/\/yoast.com\/product\/yoast-seo-wordpress\/ -->\n<title>The CA\u00b2RE conference visits Aarhus in 2023 - Aarhus School of Architecture<\/title>\n<meta name=\"robots\" content=\"index, follow, max-snippet:-1, max-image-preview:large, max-video-preview:-1\" \/>\n<link rel=\"canonical\" href=\"https:\/\/aarch.dk\/en\/the-ca\u00b2re-conference-visits-aarhus-in-2023\/\" \/>\n<meta property=\"og:locale\" content=\"en_US\" \/>\n<meta property=\"og:type\" content=\"article\" \/>\n<meta property=\"og:title\" content=\"The CA\u00b2RE conference visits Aarhus in 2023 - Aarhus School of Architecture\" \/>\n<meta property=\"og:url\" content=\"https:\/\/aarch.dk\/en\/the-ca\u00b2re-conference-visits-aarhus-in-2023\/\" \/>\n<meta property=\"og:site_name\" content=\"Aarhus School of Architecture\" \/>\n<meta property=\"article:published_time\" content=\"2022-12-20T12:59:11+00:00\" \/>\n<meta property=\"article:modified_time\" content=\"2024-11-19T09:29:58+00:00\" \/>\n<meta property=\"og:image\" content=\"https:\/\/aarch.dk\/wp-content\/uploads\/2022\/12\/Care-sort.png\" \/>\n\t<meta property=\"og:image:width\" content=\"400\" \/>\n\t<meta property=\"og:image:height\" content=\"453\" \/>\n\t<meta property=\"og:image:type\" content=\"image\/png\" \/>\n<meta name=\"author\" content=\"Mads\" \/>\n<meta name=\"twitter:card\" content=\"summary_large_image\" \/>\n<meta name=\"twitter:label1\" content=\"Written by\" \/>\n\t<meta name=\"twitter:data1\" content=\"Mads\" \/>\n\t<meta name=\"twitter:label2\" content=\"Est. reading time\" \/>\n\t<meta name=\"twitter:data2\" content=\"7 minutes\" \/>\n<script type=\"application\/ld+json\" class=\"yoast-schema-graph\">{\"@context\":\"https:\/\/schema.org\",\"@graph\":[{\"@type\":\"Article\",\"@id\":\"https:\/\/aarch.dk\/en\/the-ca%c2%b2re-conference-visits-aarhus-in-2023\/#article\",\"isPartOf\":{\"@id\":\"https:\/\/aarch.dk\/en\/the-ca%c2%b2re-conference-visits-aarhus-in-2023\/\"},\"author\":{\"name\":\"Mads\",\"@id\":\"https:\/\/aarch.dk\/#\/schema\/person\/6617e2b99c8ac3934a939532ec3bc645\"},\"headline\":\"The CA\u00b2RE conference visits Aarhus in 2023\",\"datePublished\":\"2022-12-20T12:59:11+00:00\",\"dateModified\":\"2024-11-19T09:29:58+00:00\",\"mainEntityOfPage\":{\"@id\":\"https:\/\/aarch.dk\/en\/the-ca%c2%b2re-conference-visits-aarhus-in-2023\/\"},\"wordCount\":3026,\"commentCount\":0,\"image\":{\"@id\":\"https:\/\/aarch.dk\/en\/the-ca%c2%b2re-conference-visits-aarhus-in-2023\/#primaryimage\"},\"thumbnailUrl\":\"https:\/\/aarch.dk\/wp-content\/uploads\/2022\/12\/Care-sort.png\",\"keywords\":[\"Forside-nyhed\",\"Frontpage-news\"],\"articleSection\":[\"News\"],\"inLanguage\":\"en-US\",\"potentialAction\":[{\"@type\":\"CommentAction\",\"name\":\"Comment\",\"target\":[\"https:\/\/aarch.dk\/en\/the-ca%c2%b2re-conference-visits-aarhus-in-2023\/#respond\"]}]},{\"@type\":\"WebPage\",\"@id\":\"https:\/\/aarch.dk\/en\/the-ca%c2%b2re-conference-visits-aarhus-in-2023\/\",\"url\":\"https:\/\/aarch.dk\/en\/the-ca%c2%b2re-conference-visits-aarhus-in-2023\/\",\"name\":\"The CA\u00b2RE conference visits Aarhus in 2023 - Aarhus School of Architecture\",\"isPartOf\":{\"@id\":\"https:\/\/aarch.dk\/#website\"},\"primaryImageOfPage\":{\"@id\":\"https:\/\/aarch.dk\/en\/the-ca%c2%b2re-conference-visits-aarhus-in-2023\/#primaryimage\"},\"image\":{\"@id\":\"https:\/\/aarch.dk\/en\/the-ca%c2%b2re-conference-visits-aarhus-in-2023\/#primaryimage\"},\"thumbnailUrl\":\"https:\/\/aarch.dk\/wp-content\/uploads\/2022\/12\/Care-sort.png\",\"datePublished\":\"2022-12-20T12:59:11+00:00\",\"dateModified\":\"2024-11-19T09:29:58+00:00\",\"author\":{\"@id\":\"https:\/\/aarch.dk\/#\/schema\/person\/6617e2b99c8ac3934a939532ec3bc645\"},\"breadcrumb\":{\"@id\":\"https:\/\/aarch.dk\/en\/the-ca%c2%b2re-conference-visits-aarhus-in-2023\/#breadcrumb\"},\"inLanguage\":\"en-US\",\"potentialAction\":[{\"@type\":\"ReadAction\",\"target\":[\"https:\/\/aarch.dk\/en\/the-ca%c2%b2re-conference-visits-aarhus-in-2023\/\"]}]},{\"@type\":\"ImageObject\",\"inLanguage\":\"en-US\",\"@id\":\"https:\/\/aarch.dk\/en\/the-ca%c2%b2re-conference-visits-aarhus-in-2023\/#primaryimage\",\"url\":\"https:\/\/aarch.dk\/wp-content\/uploads\/2022\/12\/Care-sort.png\",\"contentUrl\":\"https:\/\/aarch.dk\/wp-content\/uploads\/2022\/12\/Care-sort.png\",\"width\":400,\"height\":453,\"caption\":\"The CA\u00b2RE conference visits Aarhus in 2023\"},{\"@type\":\"BreadcrumbList\",\"@id\":\"https:\/\/aarch.dk\/en\/the-ca%c2%b2re-conference-visits-aarhus-in-2023\/#breadcrumb\",\"itemListElement\":[{\"@type\":\"ListItem\",\"position\":1,\"name\":\"Home\",\"item\":\"https:\/\/aarch.dk\/en\/\"},{\"@type\":\"ListItem\",\"position\":2,\"name\":\"Forside-nyhed\",\"item\":\"https:\/\/aarch.dk\/en\/tag\/forside-nyhed-en\/\"},{\"@type\":\"ListItem\",\"position\":3,\"name\":\"The CA\u00b2RE conference visits Aarhus in 2023\"}]},{\"@type\":\"WebSite\",\"@id\":\"https:\/\/aarch.dk\/#website\",\"url\":\"https:\/\/aarch.dk\/\",\"name\":\"Aarhus School of Architecture\",\"description\":\"\",\"potentialAction\":[{\"@type\":\"SearchAction\",\"target\":{\"@type\":\"EntryPoint\",\"urlTemplate\":\"https:\/\/aarch.dk\/?s={search_term_string}\"},\"query-input\":{\"@type\":\"PropertyValueSpecification\",\"valueRequired\":true,\"valueName\":\"search_term_string\"}}],\"inLanguage\":\"en-US\"},{\"@type\":\"Person\",\"@id\":\"https:\/\/aarch.dk\/#\/schema\/person\/6617e2b99c8ac3934a939532ec3bc645\",\"name\":\"Mads\",\"image\":{\"@type\":\"ImageObject\",\"inLanguage\":\"en-US\",\"@id\":\"https:\/\/secure.gravatar.com\/avatar\/a78faf836a0d79bf099871e7410b36ad4a8491af727e695b7d178f165303c5e5?s=96&d=mm&r=g\",\"url\":\"https:\/\/secure.gravatar.com\/avatar\/a78faf836a0d79bf099871e7410b36ad4a8491af727e695b7d178f165303c5e5?s=96&d=mm&r=g\",\"contentUrl\":\"https:\/\/secure.gravatar.com\/avatar\/a78faf836a0d79bf099871e7410b36ad4a8491af727e695b7d178f165303c5e5?s=96&d=mm&r=g\",\"caption\":\"Mads\"}}]}<\/script>\n<!-- \/ Yoast SEO plugin. -->","yoast_head_json":{"title":"The CA\u00b2RE conference visits Aarhus in 2023 - Aarhus School of Architecture","robots":{"index":"index","follow":"follow","max-snippet":"max-snippet:-1","max-image-preview":"max-image-preview:large","max-video-preview":"max-video-preview:-1"},"canonical":"https:\/\/aarch.dk\/en\/the-ca\u00b2re-conference-visits-aarhus-in-2023\/","og_locale":"en_US","og_type":"article","og_title":"The CA\u00b2RE conference visits Aarhus in 2023 - Aarhus School of Architecture","og_url":"https:\/\/aarch.dk\/en\/the-ca\u00b2re-conference-visits-aarhus-in-2023\/","og_site_name":"Aarhus School of Architecture","article_published_time":"2022-12-20T12:59:11+00:00","article_modified_time":"2024-11-19T09:29:58+00:00","og_image":[{"width":400,"height":453,"url":"https:\/\/aarch.dk\/wp-content\/uploads\/2022\/12\/Care-sort.png","type":"image\/png"}],"author":"Mads","twitter_card":"summary_large_image","twitter_misc":{"Written by":"Mads","Est. reading time":"7 minutes"},"schema":{"@context":"https:\/\/schema.org","@graph":[{"@type":"Article","@id":"https:\/\/aarch.dk\/en\/the-ca%c2%b2re-conference-visits-aarhus-in-2023\/#article","isPartOf":{"@id":"https:\/\/aarch.dk\/en\/the-ca%c2%b2re-conference-visits-aarhus-in-2023\/"},"author":{"name":"Mads","@id":"https:\/\/aarch.dk\/#\/schema\/person\/6617e2b99c8ac3934a939532ec3bc645"},"headline":"The CA\u00b2RE conference visits Aarhus in 2023","datePublished":"2022-12-20T12:59:11+00:00","dateModified":"2024-11-19T09:29:58+00:00","mainEntityOfPage":{"@id":"https:\/\/aarch.dk\/en\/the-ca%c2%b2re-conference-visits-aarhus-in-2023\/"},"wordCount":3026,"commentCount":0,"image":{"@id":"https:\/\/aarch.dk\/en\/the-ca%c2%b2re-conference-visits-aarhus-in-2023\/#primaryimage"},"thumbnailUrl":"https:\/\/aarch.dk\/wp-content\/uploads\/2022\/12\/Care-sort.png","keywords":["Forside-nyhed","Frontpage-news"],"articleSection":["News"],"inLanguage":"en-US","potentialAction":[{"@type":"CommentAction","name":"Comment","target":["https:\/\/aarch.dk\/en\/the-ca%c2%b2re-conference-visits-aarhus-in-2023\/#respond"]}]},{"@type":"WebPage","@id":"https:\/\/aarch.dk\/en\/the-ca%c2%b2re-conference-visits-aarhus-in-2023\/","url":"https:\/\/aarch.dk\/en\/the-ca%c2%b2re-conference-visits-aarhus-in-2023\/","name":"The CA\u00b2RE conference visits Aarhus in 2023 - Aarhus School of Architecture","isPartOf":{"@id":"https:\/\/aarch.dk\/#website"},"primaryImageOfPage":{"@id":"https:\/\/aarch.dk\/en\/the-ca%c2%b2re-conference-visits-aarhus-in-2023\/#primaryimage"},"image":{"@id":"https:\/\/aarch.dk\/en\/the-ca%c2%b2re-conference-visits-aarhus-in-2023\/#primaryimage"},"thumbnailUrl":"https:\/\/aarch.dk\/wp-content\/uploads\/2022\/12\/Care-sort.png","datePublished":"2022-12-20T12:59:11+00:00","dateModified":"2024-11-19T09:29:58+00:00","author":{"@id":"https:\/\/aarch.dk\/#\/schema\/person\/6617e2b99c8ac3934a939532ec3bc645"},"breadcrumb":{"@id":"https:\/\/aarch.dk\/en\/the-ca%c2%b2re-conference-visits-aarhus-in-2023\/#breadcrumb"},"inLanguage":"en-US","potentialAction":[{"@type":"ReadAction","target":["https:\/\/aarch.dk\/en\/the-ca%c2%b2re-conference-visits-aarhus-in-2023\/"]}]},{"@type":"ImageObject","inLanguage":"en-US","@id":"https:\/\/aarch.dk\/en\/the-ca%c2%b2re-conference-visits-aarhus-in-2023\/#primaryimage","url":"https:\/\/aarch.dk\/wp-content\/uploads\/2022\/12\/Care-sort.png","contentUrl":"https:\/\/aarch.dk\/wp-content\/uploads\/2022\/12\/Care-sort.png","width":400,"height":453,"caption":"The CA\u00b2RE conference visits Aarhus in 2023"},{"@type":"BreadcrumbList","@id":"https:\/\/aarch.dk\/en\/the-ca%c2%b2re-conference-visits-aarhus-in-2023\/#breadcrumb","itemListElement":[{"@type":"ListItem","position":1,"name":"Home","item":"https:\/\/aarch.dk\/en\/"},{"@type":"ListItem","position":2,"name":"Forside-nyhed","item":"https:\/\/aarch.dk\/en\/tag\/forside-nyhed-en\/"},{"@type":"ListItem","position":3,"name":"The CA\u00b2RE conference visits Aarhus in 2023"}]},{"@type":"WebSite","@id":"https:\/\/aarch.dk\/#website","url":"https:\/\/aarch.dk\/","name":"Aarhus School of Architecture","description":"","potentialAction":[{"@type":"SearchAction","target":{"@type":"EntryPoint","urlTemplate":"https:\/\/aarch.dk\/?s={search_term_string}"},"query-input":{"@type":"PropertyValueSpecification","valueRequired":true,"valueName":"search_term_string"}}],"inLanguage":"en-US"},{"@type":"Person","@id":"https:\/\/aarch.dk\/#\/schema\/person\/6617e2b99c8ac3934a939532ec3bc645","name":"Mads","image":{"@type":"ImageObject","inLanguage":"en-US","@id":"https:\/\/secure.gravatar.com\/avatar\/a78faf836a0d79bf099871e7410b36ad4a8491af727e695b7d178f165303c5e5?s=96&d=mm&r=g","url":"https:\/\/secure.gravatar.com\/avatar\/a78faf836a0d79bf099871e7410b36ad4a8491af727e695b7d178f165303c5e5?s=96&d=mm&r=g","contentUrl":"https:\/\/secure.gravatar.com\/avatar\/a78faf836a0d79bf099871e7410b36ad4a8491af727e695b7d178f165303c5e5?s=96&d=mm&r=g","caption":"Mads"}}]}},"acf":[],"_links":{"self":[{"href":"https:\/\/aarch.dk\/en\/wp-json\/wp\/v2\/posts\/169374","targetHints":{"allow":["GET"]}}],"collection":[{"href":"https:\/\/aarch.dk\/en\/wp-json\/wp\/v2\/posts"}],"about":[{"href":"https:\/\/aarch.dk\/en\/wp-json\/wp\/v2\/types\/post"}],"author":[{"embeddable":true,"href":"https:\/\/aarch.dk\/en\/wp-json\/wp\/v2\/users\/9"}],"replies":[{"embeddable":true,"href":"https:\/\/aarch.dk\/en\/wp-json\/wp\/v2\/comments?post=169374"}],"version-history":[{"count":7,"href":"https:\/\/aarch.dk\/en\/wp-json\/wp\/v2\/posts\/169374\/revisions"}],"predecessor-version":[{"id":232191,"href":"https:\/\/aarch.dk\/en\/wp-json\/wp\/v2\/posts\/169374\/revisions\/232191"}],"wp:featuredmedia":[{"embeddable":true,"href":"https:\/\/aarch.dk\/en\/wp-json\/wp\/v2\/media\/169372"}],"wp:attachment":[{"href":"https:\/\/aarch.dk\/en\/wp-json\/wp\/v2\/media?parent=169374"}],"wp:term":[{"taxonomy":"category","embeddable":true,"href":"https:\/\/aarch.dk\/en\/wp-json\/wp\/v2\/categories?post=169374"},{"taxonomy":"post_tag","embeddable":true,"href":"https:\/\/aarch.dk\/en\/wp-json\/wp\/v2\/tags?post=169374"}],"curies":[{"name":"wp","href":"https:\/\/api.w.org\/{rel}","templated":true}]}}