{"id":17527,"date":"2018-10-12T10:43:59","date_gmt":"2018-10-12T08:43:59","guid":{"rendered":"https:\/\/aarch.dk\/kan-bygget-velfaerd-eksporteres\/"},"modified":"2024-08-22T09:28:11","modified_gmt":"2024-08-22T07:28:11","slug":"kan-bygget-velfaerd-eksporteres","status":"publish","type":"post","link":"https:\/\/aarch.dk\/en\/kan-bygget-velfaerd-eksporteres\/","title":{"rendered":"Kan bygget velf\u00e6rd eksporteres?"},"content":{"rendered":"<div id='av_section_1'  class='avia-section main_color avia-section-default avia-no-border-styling  avia-bg-style-scroll  avia-builder-el-0  el_before_av_section  avia-builder-el-first  content-padding-bottom-0  container_wrap fullsize' style=' '  ><div class='container' ><main  role=\"main\" itemprop=\"mainContentOfPage\"  class='template-page content  av-content-full alpha units'><div class='post-entry post-entry-type-page post-entry-17527'><div class='entry-content-wrapper clearfix'>\n<div class=\"flex_column av_one_fifth  flex_column_div av-zero-column-padding first  avia-builder-el-1  el_before_av_three_fifth  avia-builder-el-first  \" style='border-radius:0px; '><\/div><div class=\"flex_column av_three_fifth  flex_column_div av-zero-column-padding   avia-builder-el-2  el_after_av_one_fifth  el_before_av_one_fifth  \" style='border-radius:0px; '><section class=\"av_textblock_section \"  itemscope=\"itemscope\" itemtype=\"https:\/\/schema.org\/BlogPosting\" itemprop=\"blogPost\" ><div class='avia_textblock  '   itemprop=\"text\" ><p class=\"font-size-small margin-bottom-30\" style=\"text-align: center;\">Udgivelse \/ 2016<\/p>\n<h1 class=\"color-blue\" style=\"text-align: center;\"><strong>Kan bygget velf\u00e6rd eksporteres?<\/strong><\/h1>\n<h4 style=\"text-align: center;\">OPEN ROOM publikationsserie: Nr. 4<\/h4>\n<\/div><\/section><\/div><div class=\"flex_column av_one_fifth  flex_column_div av-zero-column-padding   avia-builder-el-4  el_after_av_three_fifth  avia-builder-el-last  \" style='border-radius:0px; '><\/div>\n\n<\/div><\/div><\/main><!-- close content main element --><\/div><\/div><div id='av_section_2'  class='avia-section main_color avia-section-default avia-no-border-styling  avia-bg-style-scroll  avia-builder-el-5  el_after_av_section  el_before_av_section   container_wrap fullsize' style=' '  ><div class='container' ><div class='template-page content  av-content-full alpha units'><div class='post-entry post-entry-type-page post-entry-17527'><div class='entry-content-wrapper clearfix'>\n<div class=\"flex_column av_one_fifth  flex_column_div av-zero-column-padding first  avia-builder-el-6  el_before_av_three_fifth  avia-builder-el-first  \" style='border-radius:0px; '><\/div><div class=\"flex_column av_three_fifth  flex_column_div av-zero-column-padding   avia-builder-el-7  el_after_av_one_fifth  el_before_av_one_fifth  \" style='border-radius:0px; '><section class=\"av_textblock_section \"  itemscope=\"itemscope\" itemtype=\"https:\/\/schema.org\/BlogPosting\" itemprop=\"blogPost\" ><div class='avia_textblock  '   itemprop=\"text\" ><p>Publikationen <em>Kan bygget velf\u00e6rd eksporteres? <\/em>s\u00e6tter fokus p\u00e5 arkitektur, etik og danske arkitektvirksomheders eksport.\u00a0Diskussionen foldes ud gennem emner som korruption, penge, eksotik og arkitektur som diplomati.<\/p>\n<p>\u201cMed globaliseringen er arkitekturens afh\u00e6ngighed af impulser, regler, penge, vaner og kulturer, der findes udenfor eller over en national kontekst st\u00f8rre. Det har betydning for arkitekturen og den m\u00e5de den skal forst\u00e5s, udvikles og bruges p\u00e5,\u201d skriver professor Tom Nielsen i bogens indledende artikel, og forts\u00e6tter:<\/p>\n<p>\u201cSp\u00f8rgsm\u00e5let om arkitektureksport er i dag ikke kun prim\u00e6rt et professions- og forretningsrelateret sp\u00f8rgsm\u00e5l. Det er ogs\u00e5 et centralt tema i diskussionen om og hvordan arkitekturen og arkitekterne er relevante i nutidens samfund.\u201d<\/p>\n<\/div><\/section><\/div><div class=\"flex_column av_one_fifth  flex_column_div av-zero-column-padding   avia-builder-el-9  el_after_av_three_fifth  avia-builder-el-last  \" style='border-radius:0px; '><\/div>\n\n<\/div><\/div><\/div><!-- close content main div --><\/div><\/div><div id='av_section_3'  class='avia-section main_color avia-section-default avia-no-border-styling  avia-bg-style-scroll  avia-builder-el-10  el_after_av_section  el_before_av_section   container_wrap fullsize' style=' '  ><div class='container' ><div class='template-page content  av-content-full alpha units'><div class='post-entry post-entry-type-page post-entry-17527'><div class='entry-content-wrapper clearfix'>\n<div class=\"flex_column av_one_fifth  flex_column_div av-zero-column-padding first  avia-builder-el-11  el_before_av_three_fifth  avia-builder-el-first  \" style='border-radius:0px; '><\/div><div class=\"flex_column av_three_fifth  flex_column_div av-zero-column-padding   avia-builder-el-12  el_after_av_one_fifth  el_before_av_one_fifth  \" style='border-radius:0px; '><div  class='avia-image-container  av-styling-    avia-builder-el-13  avia-builder-el-no-sibling  avia-align-center '  itemprop=\"image\" itemscope=\"itemscope\" itemtype=\"https:\/\/schema.org\/ImageObject\"  ><div class='avia-image-container-inner'><div class='avia-image-overlay-wrap'><a href='https:\/\/aarch.dk\/wp-content\/uploads\/2018\/10\/Kan-bygget-velf\u00e6rd-eksporteres-600.jpg' class='avia_image'  ><img class='avia_image ' src='https:\/\/aarch.dk\/wp-content\/uploads\/2018\/10\/Kan-bygget-velf\u00e6rd-eksporteres-600.jpg' alt='Kan bygget velf\u00e6rd eksporteres?' title='Kan-bygget-velf\u00e6rd-eksporteres-600'  itemprop=\"thumbnailUrl\"  \/><\/a><\/div><\/div><\/div><\/div><div class=\"flex_column av_one_fifth  flex_column_div av-zero-column-padding   avia-builder-el-14  el_after_av_three_fifth  avia-builder-el-last  \" style='border-radius:0px; '><\/div>\n\n<\/div><\/div><\/div><!-- close content main div --><\/div><\/div><div id='av_section_4'  class='avia-section main_color avia-section-default avia-no-border-styling  avia-bg-style-scroll  avia-builder-el-15  el_after_av_section  el_before_av_section   container_wrap fullsize' style=' '  ><div class='container' ><div class='template-page content  av-content-full alpha units'><div class='post-entry post-entry-type-page post-entry-17527'><div class='entry-content-wrapper clearfix'>\n<div class=\"flex_column av_one_fifth  flex_column_div av-zero-column-padding first  avia-builder-el-16  el_before_av_three_fifth  avia-builder-el-first  \" style='border-radius:0px; '><\/div><div class=\"flex_column av_three_fifth  flex_column_div av-zero-column-padding   avia-builder-el-17  el_after_av_one_fifth  el_before_av_one_fifth  \" style='border-radius:0px; '><section class=\"av_textblock_section \"  itemscope=\"itemscope\" itemtype=\"https:\/\/schema.org\/BlogPosting\" itemprop=\"blogPost\" ><div class='avia_textblock  '   itemprop=\"text\" ><p>Publikationen bygger p\u00e5 fire opl\u00e6g fra OPEN ROOM seminaret\u00a0<em>Kan velf\u00e6rdsarkitektur eksporteres?\u00a0<\/em>af:<\/p>\n<ul>\n<li>Rasmus Kierkegaard, Schmidt Hammer Lassen Architects<\/li>\n<li>Lars Christensen, seniorr\u00e5dgiver, Eksportr\u00e5det Udenrigsministeriet<\/li>\n<li>Kristoffer Lindhardt Weiss, filosof, arkitekturformidler og partner i Wallner Weiss<\/li>\n<li>Tom Nielsen, professor, Arkitektskolens Aarhus.<\/li>\n<\/ul>\n<p>Publikationen er en h\u00e5ndbog, hvor forskellige temaer diskuteres kort med udgangspunkt i udsagn fra seminaret. Hvert tema indledes med en redaktionel introduktion.<\/p>\n<p><strong>Titel:<\/strong> Kan bygget velf\u00e6rd eksporteres?<br \/>\n<strong>Udgivelses\u00e5r:<\/strong> 2016<br \/>\n<strong>Sprog:<\/strong> Dansk<br \/>\n<strong>ISBN:<\/strong> 978-87-90979-60-7<br \/>\n<strong>Forlag:<\/strong> Arkitektskolens Forlag<br \/>\n<strong>Indbinding:<\/strong> Softcover<br \/>\n<strong>Sidetal:<\/strong> 86<br \/>\n<strong>Pris:<\/strong> 100 DKK<\/p>\n<h5>Download publikation<\/h5>\n<p>Download publikationen som PDF:<\/p>\n<ul>\n<li><a href=\"https:\/\/aarch.dk\/wp-content\/uploads\/2018\/10\/20170316_MA_OPEN-ROOM_04_WEBpdf-1.pdf\">Kan bygget velf\u00e6rd eksporteres?\u00a0<\/a><\/li>\n<\/ul>\n<h5>OPEN ROOM<\/h5>\n<p>OPEN ROOM er en serie p\u00e5 fem publikationer, som f\u00f8lger op p\u00e5 en r\u00e6kke seminarer om aktuelle samfundsm\u00e6ssige emner, som arkitekter og andre faggrupper har debatteret sammen.<\/p>\n<ul>\n<li><a href=\"https:\/\/aarch.dk\/en\/moderne-arbejdsrum-frihed-vs-friktion\/\">Moderne Arbejdsrum \u2013 Frihed vs Friktion<\/a><\/li>\n<li><a href=\"https:\/\/aarch.dk\/en\/?p=17561\">Technology is the answer, but what is the Question?<\/a><\/li>\n<li><a href=\"https:\/\/aarch.dk\/en\/digital-fabrication-in-tomorrows-architecture\/\">Digital Fabrication in Tomorrow\u2019s Architecture<\/a><\/li>\n<li>Kan bygget velf\u00e6rd eksporteres?<\/li>\n<li><a href=\"https:\/\/aarch.dk\/en\/skab-byen-sammen\/\">Skab Byen Sammen<\/a><\/li>\n<\/ul>\n<\/div><\/section><\/div><div class=\"flex_column av_one_fifth  flex_column_div av-zero-column-padding   avia-builder-el-19  el_after_av_three_fifth  avia-builder-el-last  \" style='border-radius:0px; '><\/div><\/div><\/div><\/div><!-- close content main div --><\/div><\/div><div id='av_section_5'  class='avia-section main_color avia-section-no-padding avia-no-border-styling  avia-bg-style-scroll  avia-builder-el-20  el_after_av_section  el_before_av_section   container_wrap fullsize' style=' '  ><div class='container' ><div class='template-page content  av-content-full alpha units'><div class='post-entry post-entry-type-page post-entry-17527'><div class='entry-content-wrapper clearfix'>\n<div class='flex_column_table av-equal-height-column-flextable -flextable' ><div class=\"flex_column av_one_fifth  flex_column_table_cell av-equal-height-column av-align-top av-zero-column-padding first  avia-builder-el-21  el_before_av_three_fifth  avia-builder-el-first  \" style='border-radius:0px; '><section class=\"av_textblock_section \"  itemscope=\"itemscope\" itemtype=\"https:\/\/schema.org\/BlogPosting\" itemprop=\"blogPost\" ><div class='avia_textblock rotate-absolute-title-90 right '   itemprop=\"text\" ><h4>KONTAKT<\/h4>\n<\/div><\/section><\/div><div class='av-flex-placeholder'><\/div><div class=\"flex_column av_three_fifth  flex_column_table_cell av-equal-height-column av-align-top av-zero-column-padding   avia-builder-el-23  el_after_av_one_fifth  el_before_av_one_fifth  \" style='border-radius:0px; '><p><div  data-autoplay=''  data-interval='5'  data-animation='fade'  data-show_slide_delay='90'  class='avia-content-slider avia-content-grid-active avia-content-slider1 avia-content-slider-odd  avia-builder-el-24  el_before_av_blog  avia-builder-el-first  '  itemscope=\"itemscope\" itemtype=\"https:\/\/schema.org\/Blog\" ><div class='avia-content-slider-inner'><div class='slide-entry-wrap'><article class='slide-entry flex_column  post-entry post-entry-246649 type-person slide-entry-overview slide-loop-1 slide-parity-odd  post-entry-last  av_fullwidth first fake-thumbnail'  itemscope=\"itemscope\" itemtype=\"https:\/\/schema.org\/CreativeWork\" ><a href='https:\/\/aarch.dk\/en\/person-eng\/tom-nielsen\/' data-rel='slide-1' class='slide-image' title=''><span class=' fallback-post-type-icon' aria-hidden='true' data-av_icon='\ue836' data-av_iconfont='entypo-fontello'><\/span><span class='slider-fallback-image'><\/span><\/a><div class='slide-content'><header class=\"entry-content-header\"><h3 class='slide-entry-title entry-title'  itemprop=\"headline\" ><a href='https:\/\/aarch.dk\/en\/person-eng\/tom-nielsen\/' title='Tom Nielsen'>Tom Nielsen<\/a><\/h3><span class=\"av-vertical-delimiter\"><\/span><\/header><div class='slide-entry-excerpt entry-content'  itemprop=\"text\" >Professor, Cand.arch., PhD<div class=\"read-more-link\"><a href=\"https:\/\/aarch.dk\/en\/person-eng\/tom-nielsen\/\" class=\"more-link\">View profile<span class=\"more-link-arrow\"><\/span><\/a><\/div><\/div><\/div><footer class=\"entry-footer\"><\/footer><span class='hidden'>\n\t\t\t\t<span class='av-structured-data'  itemprop=\"image\" itemscope=\"itemscope\" itemtype=\"https:\/\/schema.org\/ImageObject\" >\n\t\t\t\t\t\t<span itemprop='url'>https:\/\/s3-eu-central-1.amazonaws.com\/aarchdk\/wp-content\/uploads\/2019\/02\/03164631\/aarch-logo-dark.svg<\/span>\n\t\t\t\t\t\t<span itemprop='height'>0<\/span>\n\t\t\t\t\t\t<span itemprop='width'>0<\/span>\n\t\t\t\t<\/span>\n\t\t\t\t<span class='av-structured-data'  itemprop=\"publisher\" itemtype=\"https:\/\/schema.org\/Organization\" itemscope=\"itemscope\" >\n\t\t\t\t\t\t<span itemprop='name'>apparat<\/span>\n\t\t\t\t\t\t<span itemprop='logo' itemscope itemtype='https:\/\/schema.org\/ImageObject'>\n\t\t\t\t\t\t\t<span itemprop='url'>https:\/\/s3-eu-central-1.amazonaws.com\/aarchdk\/wp-content\/uploads\/2019\/02\/03164631\/aarch-logo-dark.svg<\/span>\n\t\t\t\t\t\t <\/span>\n\t\t\t\t<\/span><span class='av-structured-data'  itemprop=\"author\" itemscope=\"itemscope\" itemtype=\"https:\/\/schema.org\/Person\" ><span itemprop='name'>apparat<\/span><\/span><span class='av-structured-data'  itemprop=\"datePublished\" datetime=\"2025-08-15T13:45:41+02:00\" >2025-08-15 13:45:41<\/span><span class='av-structured-data'  itemprop=\"dateModified\" itemtype=\"https:\/\/schema.org\/dateModified\" >2025-08-15 13:45:41<\/span><span class='av-structured-data'  itemprop=\"mainEntityOfPage\" itemtype=\"https:\/\/schema.org\/mainEntityOfPage\" ><span itemprop='name'>Tom Nielsen<\/span><\/span><\/span><\/article><\/div><\/div><\/div><br \/>\n<\/p><\/div><div class='av-flex-placeholder'><\/div><div class=\"flex_column av_one_fifth  flex_column_table_cell av-equal-height-column av-align-top av-zero-column-padding   \" style='border-radius:0px; '><\/div><\/div><!--close column table wrapper. Autoclose: 1 -->\n<\/p>\n<\/div><\/div><\/div><!-- close content main div --><\/div><\/div><div id='av_section_6'  class='avia-section main_color avia-section-default avia-no-border-styling  avia-bg-style-scroll   container_wrap fullsize' style=' '  ><div class='container' ><div class='template-page content  av-content-full alpha units'><div class='post-entry post-entry-type-page post-entry-17527'><div class='entry-content-wrapper clearfix'>\n<div class=\"flex_column av_one_full  flex_column_div av-zero-column-padding first  \" style='border-radius:0px; '><div   class='hr hr-default  '><span class='hr-inner ' ><span class='hr-inner-style'><\/span><\/span><\/div><\/div><div class=\"flex_column av_one_fifth  flex_column_div av-zero-column-padding first  \" style='border-radius:0px; '><\/div><div class=\"flex_column av_three_fifth  flex_column_div av-zero-column-padding   \" style='border-radius:0px; '><div  class='av-social-sharing-box  '><div class='av-share-box'><ul class='av-share-box-list noLightbox'><li class='av-share-link av-social-link-facebook' ><a target=\"_blank\" aria-label=\"Share on Facebook\" href='https:\/\/www.facebook.com\/sharer.php?u=https:\/\/aarch.dk\/en\/person-eng\/tom-nielsen\/&#038;t=Tom%20Nielsen' aria-hidden='false' data-av_icon='\ue8f3' data-av_iconfont='entypo-fontello' title='' data-avia-related-tooltip='Share on Facebook' rel=\"noopener\"><span class='avia_hidden_link_text'>Share on Facebook<\/span><\/a><\/li><li class='av-share-link av-social-link-twitter' ><a target=\"_blank\" aria-label=\"Share on Twitter\" href='https:\/\/twitter.com\/share?text=Tom%20Nielsen&#038;url=https:\/\/aarch.dk\/en\/?p=246649' aria-hidden='false' data-av_icon='\ue8f1' data-av_iconfont='entypo-fontello' title='' data-avia-related-tooltip='Share on Twitter' rel=\"noopener\"><span class='avia_hidden_link_text'>Share on Twitter<\/span><\/a><\/li><li class='av-share-link av-social-link-linkedin' ><a target=\"_blank\" aria-label=\"Share on LinkedIn\" href='https:\/\/linkedin.com\/shareArticle?mini=true&#038;title=Tom%20Nielsen&#038;url=https:\/\/aarch.dk\/en\/person-eng\/tom-nielsen\/' aria-hidden='false' data-av_icon='\ue8fc' data-av_iconfont='entypo-fontello' title='' data-avia-related-tooltip='Share on LinkedIn' rel=\"noopener\"><span class='avia_hidden_link_text'>Share on LinkedIn<\/span><\/a><\/li><li class='av-share-link av-social-link-mail' ><a  aria-label=\"Share by Mail\" href='mailto:?subject=Tom%20Nielsen&#038;body=https:\/\/aarch.dk\/en\/person-eng\/tom-nielsen\/' aria-hidden='false' data-av_icon='\ue805' data-av_iconfont='entypo-fontello' title='' data-avia-related-tooltip='Share by Mail'><span class='avia_hidden_link_text'>Share by Mail<\/span><\/a><\/li><\/ul><\/div><\/div><\/div><div class=\"flex_column av_one_fifth  flex_column_div av-zero-column-padding   \" style='border-radius:0px; '><\/div>\n\n<\/div><\/div><\/div><!-- close content main div --><\/div><\/div><div id='av_section_7'  class='avia-section main_color avia-section-default avia-no-border-styling  avia-bg-style-scroll  section-label  container_wrap fullsize' style=' '  ><div class='container' ><div class='template-page content  av-content-full alpha units'><div class='post-entry post-entry-type-page post-entry-17527'><div class='entry-content-wrapper clearfix'>\n<section class=\"av_textblock_section \"  itemscope=\"itemscope\" itemtype=\"https:\/\/schema.org\/CreativeWork\" ><div class='avia_textblock  '   itemprop=\"text\" ><p class=\"section-label-text\">Relateret<\/p>\n<\/div><\/section>\n\n<\/div><\/div><\/div><!-- close content main div --><\/div><\/div><div id='av_section_8'  class='avia-section main_color avia-section-huge avia-no-border-styling  avia-bg-style-scroll  content-padding-bottom-0  container_wrap fullsize' style='background-color: #1b47a9;  '  ><div class='container' ><div class='template-page content  av-content-full alpha units'><div class='post-entry post-entry-type-page post-entry-17527'><div class='entry-content-wrapper clearfix'>\n<div class='flex_column_table av-equal-height-column-flextable -flextable' ><div class=\"flex_column av_three_fifth  flex_column_table_cell av-equal-height-column av-align-bottom av-zero-column-padding first  \" style='border-radius:0px; '><section class=\"av_textblock_section \"  itemscope=\"itemscope\" itemtype=\"https:\/\/schema.org\/CreativeWork\" ><div class='avia_textblock  '   itemprop=\"text\" ><p class=\"font-size-xsmall margin-bottom-30 color-00\"><strong class=\"color-00\">M\u00c5SKE ER DU OGS\u00c5 INTERESSERET I DETTE<\/strong><\/p>\n<h3 class=\"font-size-large margin-bottom-0 color-00\">RELATERET INDHOLD<\/h3>\n<\/div><\/section><\/div><\/div><!--close column table wrapper. Autoclose: 1 --><div class='flex_column_table av-equal-height-column-flextable -flextable' ><div class='av-flex-placeholder'><\/div><div class=\"flex_column av_one_fifth  flex_column_table_cell av-equal-height-column av-align-bottom av-zero-column-padding   \" style='border-radius:0px; '><\/div><\/div><!--close column table wrapper. Autoclose: 1 --><div class='flex_column_table av-equal-height-column-flextable -flextable' ><div class='av-flex-placeholder'><\/div><div class=\"flex_column av_one_fifth  flex_column_table_cell av-equal-height-column av-align-bottom av-zero-column-padding   \" style='border-radius:0px; '><section class=\"av_textblock_section \"  itemscope=\"itemscope\" itemtype=\"https:\/\/schema.org\/CreativeWork\" ><div class='avia_textblock  '   itemprop=\"text\" ><p class=\"linkArrow color-white margin-bottom-0\"><a href=\"https:\/\/aarch.dk\/en\/?attachment_id=110735\">Se alle publikationer<\/a><\/p>\n<\/div><\/section><\/div><\/div><!--close column table wrapper. Autoclose: 1 -->\n\n<\/div><\/div><\/div><!-- close content main div --><\/div><\/div><div id='av-layout-grid-1'  class='av-layout-grid-container entry-content-wrapper main_color av-flex-cells     content-padding-top-0 container_wrap fullsize' style=' '  >\n<div class=\"flex_cell no_margin av_one_full  grid-cell-top-50 grid-cell-bottom-150 grid-cell-left-80 grid-cell-right-80  av-zero-padding \"  style='background: #1b47a9; vertical-align:top; padding:0px; background-color:#1b47a9; ' ><div class='flex_cell_inner' ><div class=\"flex_column av_one_full  flex_column_div av-zero-column-padding first  \" style='border-radius:0px; '><div  data-autoplay=''  data-interval='5'  data-animation='fade'  data-show_slide_delay='90'  class='avia-content-slider avia-content-slider-active avia-content-slider2 avia-content-slider-even  '  itemscope=\"itemscope\" itemtype=\"https:\/\/schema.org\/Blog\" ><div class='avia-content-slider-inner'><div class='slide-entry-wrap'><article class='slide-entry flex_column  post-entry post-entry-259169 type-post slide-entry-overview slide-loop-1 slide-parity-odd  av_one_fourth first real-thumbnail'  itemscope=\"itemscope\" itemtype=\"https:\/\/schema.org\/BlogPosting\" itemprop=\"blogPost\" ><a href='https:\/\/aarch.dk\/en\/greenland_building_laboratory\/' data-rel='slide-2' class='slide-image' title=''><img loading=\"lazy\" decoding=\"async\" width=\"400\" height=\"453\" src=\"https:\/\/aarch.dk\/wp-content\/uploads\/2026\/01\/Fig7_Selvbygger-GTO-1-scaled-e1769758747924-400x453.jpg\" class=\"attachment-slider-carousel-image-large size-slider-carousel-image-large wp-post-image\" alt=\"\" srcset=\"https:\/\/aarch.dk\/wp-content\/uploads\/2026\/01\/Fig7_Selvbygger-GTO-1-scaled-e1769758747924-400x453.jpg 400w, https:\/\/aarch.dk\/wp-content\/uploads\/2026\/01\/Fig7_Selvbygger-GTO-1-scaled-e1769758747924-375x425.jpg 375w\" sizes=\"auto, (max-width: 400px) 100vw, 400px\" \/><\/a><div class='slide-content'><header class=\"entry-content-header\"><span class=\"blog-date minor-meta\"><span class=\"blog-categories minor-meta\">Publication <\/span><\/span><h3 class='slide-entry-title entry-title'  itemprop=\"headline\" ><a href='https:\/\/aarch.dk\/en\/greenland_building_laboratory\/' title='A BUILDING LABORATORY FOR GREENLAND'>A BUILDING LABORATORY FOR GREENLAND<\/a><\/h3><span class=\"av-vertical-delimiter\"><\/span><\/header><div class='slide-meta'><div class='slide-meta-comments'><a href='https:\/\/aarch.dk\/en\/greenland_building_laboratory\/#respond'>0 Comments<\/a><\/div><div class='slide-meta-del'>\/<\/div><time class='slide-meta-time updated'  itemprop=\"datePublished\" datetime=\"2026-01-30T08:39:44+01:00\" >30.01.2026<\/time><\/div><div class='slide-entry-excerpt entry-content'  itemprop=\"text\" >\r\n\r\n\r\n\r\n\r\n\r\n\r\n\r\n\r\n\r\n\r\n\r\n<\/div><\/div><footer class=\"entry-footer\"><\/footer><span class='hidden'>\n\t\t\t\t<span class='av-structured-data'  itemprop=\"image\" itemscope=\"itemscope\" itemtype=\"https:\/\/schema.org\/ImageObject\" >\n\t\t\t\t\t\t<span itemprop='url'>https:\/\/aarch.dk\/wp-content\/uploads\/2026\/01\/Fig7_Selvbygger-GTO-1-scaled-e1769758747924.jpg<\/span>\n\t\t\t\t\t\t<span itemprop='height'>1107<\/span>\n\t\t\t\t\t\t<span itemprop='width'>1107<\/span>\n\t\t\t\t<\/span>\n\t\t\t\t<span class='av-structured-data'  itemprop=\"publisher\" itemtype=\"https:\/\/schema.org\/Organization\" itemscope=\"itemscope\" >\n\t\t\t\t\t\t<span itemprop='name'>Jonathan Foote<\/span>\n\t\t\t\t\t\t<span itemprop='logo' itemscope itemtype='https:\/\/schema.org\/ImageObject'>\n\t\t\t\t\t\t\t<span itemprop='url'>https:\/\/s3-eu-central-1.amazonaws.com\/aarchdk\/wp-content\/uploads\/2019\/02\/03164631\/aarch-logo-dark.svg<\/span>\n\t\t\t\t\t\t <\/span>\n\t\t\t\t<\/span><span class='av-structured-data'  itemprop=\"author\" itemscope=\"itemscope\" itemtype=\"https:\/\/schema.org\/Person\" ><span itemprop='name'>Jonathan Foote<\/span><\/span><span class='av-structured-data'  itemprop=\"datePublished\" datetime=\"2018-10-12T14:09:18+02:00\" >2026-01-30 08:39:44<\/span><span class='av-structured-data'  itemprop=\"dateModified\" itemtype=\"https:\/\/schema.org\/dateModified\" >2026-01-30 08:47:23<\/span><span class='av-structured-data'  itemprop=\"mainEntityOfPage\" itemtype=\"https:\/\/schema.org\/mainEntityOfPage\" ><span itemprop='name'>A BUILDING LABORATORY FOR GREENLAND<\/span><\/span><\/span><\/article><article class='slide-entry flex_column  post-entry post-entry-252157 type-post slide-entry-overview slide-loop-2 slide-parity-even  av_one_fourth  real-thumbnail'  itemscope=\"itemscope\" itemtype=\"https:\/\/schema.org\/BlogPosting\" itemprop=\"blogPost\" ><a href='https:\/\/aarch.dk\/en\/wordsandworks\/' data-rel='slide-2' class='slide-image' title=''><img loading=\"lazy\" decoding=\"async\" width=\"400\" height=\"453\" src=\"https:\/\/aarch.dk\/wp-content\/uploads\/2025\/07\/thumbnail-400x453.jpg\" class=\"attachment-slider-carousel-image-large size-slider-carousel-image-large wp-post-image\" alt=\"\" srcset=\"https:\/\/aarch.dk\/wp-content\/uploads\/2025\/07\/thumbnail-400x453.jpg 400w, https:\/\/aarch.dk\/wp-content\/uploads\/2025\/07\/thumbnail-375x425.jpg 375w\" sizes=\"auto, (max-width: 400px) 100vw, 400px\" \/><\/a><div class='slide-content'><header class=\"entry-content-header\"><span class=\"blog-date minor-meta\"><span class=\"blog-categories minor-meta\">Installation, Publication <\/span><\/span><h3 class='slide-entry-title entry-title'  itemprop=\"headline\" ><a href='https:\/\/aarch.dk\/en\/wordsandworks\/' title='The Nordic Order'>The Nordic Order<\/a><\/h3><span class=\"av-vertical-delimiter\"><\/span><\/header><div class='slide-meta'><div class='slide-meta-comments'><a href='https:\/\/aarch.dk\/en\/wordsandworks\/#respond'>0 Comments<\/a><\/div><div class='slide-meta-del'>\/<\/div><time class='slide-meta-time updated'  itemprop=\"datePublished\" datetime=\"2025-07-29T20:27:45+02:00\" >29.07.2025<\/time><\/div><div class='slide-entry-excerpt entry-content'  itemprop=\"text\" >\r\n\r\n\r\n\r\n\r\n\r\n\r\n\r\n\r\n\r\n\r\n\r\n\r\n\r\n<\/div><\/div><footer class=\"entry-footer\"><\/footer><span class='hidden'>\n\t\t\t\t<span class='av-structured-data'  itemprop=\"image\" itemscope=\"itemscope\" itemtype=\"https:\/\/schema.org\/ImageObject\" >\n\t\t\t\t\t\t<span itemprop='url'>https:\/\/aarch.dk\/wp-content\/uploads\/2025\/07\/thumbnail.jpg<\/span>\n\t\t\t\t\t\t<span itemprop='height'>1468<\/span>\n\t\t\t\t\t\t<span itemprop='width'>1468<\/span>\n\t\t\t\t<\/span>\n\t\t\t\t<span class='av-structured-data'  itemprop=\"publisher\" itemtype=\"https:\/\/schema.org\/Organization\" itemscope=\"itemscope\" >\n\t\t\t\t\t\t<span itemprop='name'>Jonathan Foote<\/span>\n\t\t\t\t\t\t<span itemprop='logo' itemscope itemtype='https:\/\/schema.org\/ImageObject'>\n\t\t\t\t\t\t\t<span itemprop='url'>https:\/\/s3-eu-central-1.amazonaws.com\/aarchdk\/wp-content\/uploads\/2019\/02\/03164631\/aarch-logo-dark.svg<\/span>\n\t\t\t\t\t\t <\/span>\n\t\t\t\t<\/span><span class='av-structured-data'  itemprop=\"author\" itemscope=\"itemscope\" itemtype=\"https:\/\/schema.org\/Person\" ><span itemprop='name'>Jonathan Foote<\/span><\/span><span class='av-structured-data'  itemprop=\"datePublished\" datetime=\"2018-10-12T14:09:18+02:00\" >2025-07-29 20:27:45<\/span><span class='av-structured-data'  itemprop=\"dateModified\" itemtype=\"https:\/\/schema.org\/dateModified\" >2026-04-05 16:36:31<\/span><span class='av-structured-data'  itemprop=\"mainEntityOfPage\" itemtype=\"https:\/\/schema.org\/mainEntityOfPage\" ><span itemprop='name'>The Nordic Order<\/span><\/span><\/span><\/article><article class='slide-entry flex_column  post-entry post-entry-185376 type-post slide-entry-overview slide-loop-3 slide-parity-odd  av_one_fourth  real-thumbnail'  itemscope=\"itemscope\" itemtype=\"https:\/\/schema.org\/BlogPosting\" itemprop=\"blogPost\" ><a href='https:\/\/aarch.dk\/en\/post-extractive-material-practice\/' data-rel='slide-2' class='slide-image' title=''><img loading=\"lazy\" decoding=\"async\" width=\"400\" height=\"453\" src=\"https:\/\/aarch.dk\/wp-content\/uploads\/2023\/06\/Call-for-papers-UIA-2023-CPH-453-400x453.png\" class=\"attachment-slider-carousel-image-large size-slider-carousel-image-large wp-post-image\" alt=\"POST-EXTRACTIVE MATERIAL PRACTICE\" srcset=\"https:\/\/aarch.dk\/wp-content\/uploads\/2023\/06\/Call-for-papers-UIA-2023-CPH-453.png 400w, https:\/\/aarch.dk\/wp-content\/uploads\/2023\/06\/Call-for-papers-UIA-2023-CPH-453-265x300.png 265w, https:\/\/aarch.dk\/wp-content\/uploads\/2023\/06\/Call-for-papers-UIA-2023-CPH-453-375x425.png 375w\" sizes=\"auto, (max-width: 400px) 100vw, 400px\" \/><\/a><div class='slide-content'><header class=\"entry-content-header\"><span class=\"blog-date minor-meta\"><span class=\"blog-categories minor-meta\">Publication <\/span><\/span><h3 class='slide-entry-title entry-title'  itemprop=\"headline\" ><a href='https:\/\/aarch.dk\/en\/post-extractive-material-practice\/' title='POST-EXTRACTIVE MATERIAL PRACTICE'>POST-EXTRACTIVE MATERIAL PRACTICE<\/a><\/h3><span class=\"av-vertical-delimiter\"><\/span><\/header><div class='slide-meta'><div class='slide-meta-comments'><a href='https:\/\/aarch.dk\/en\/post-extractive-material-practice\/#respond'>0 Comments<\/a><\/div><div class='slide-meta-del'>\/<\/div><time class='slide-meta-time updated'  itemprop=\"datePublished\" datetime=\"2023-07-26T14:37:08+02:00\" >26.07.2023<\/time><\/div><div class='slide-entry-excerpt entry-content'  itemprop=\"text\" >\r\n\r\n\r\n\r\n\r\n\r\n\r\n\r\n\r\n\r\n<\/div><\/div><footer class=\"entry-footer\"><\/footer><span class='hidden'>\n\t\t\t\t<span class='av-structured-data'  itemprop=\"image\" itemscope=\"itemscope\" itemtype=\"https:\/\/schema.org\/ImageObject\" >\n\t\t\t\t\t\t<span itemprop='url'>https:\/\/aarch.dk\/wp-content\/uploads\/2023\/06\/Call-for-papers-UIA-2023-CPH-453.png<\/span>\n\t\t\t\t\t\t<span itemprop='height'>453<\/span>\n\t\t\t\t\t\t<span itemprop='width'>400<\/span>\n\t\t\t\t<\/span>\n\t\t\t\t<span class='av-structured-data'  itemprop=\"publisher\" itemtype=\"https:\/\/schema.org\/Organization\" itemscope=\"itemscope\" >\n\t\t\t\t\t\t<span itemprop='name'>Mads<\/span>\n\t\t\t\t\t\t<span itemprop='logo' itemscope itemtype='https:\/\/schema.org\/ImageObject'>\n\t\t\t\t\t\t\t<span itemprop='url'>https:\/\/s3-eu-central-1.amazonaws.com\/aarchdk\/wp-content\/uploads\/2019\/02\/03164631\/aarch-logo-dark.svg<\/span>\n\t\t\t\t\t\t <\/span>\n\t\t\t\t<\/span><span class='av-structured-data'  itemprop=\"author\" itemscope=\"itemscope\" itemtype=\"https:\/\/schema.org\/Person\" ><span itemprop='name'>Mads<\/span><\/span><span class='av-structured-data'  itemprop=\"datePublished\" datetime=\"2018-10-12T14:09:18+02:00\" >2023-07-26 14:37:08<\/span><span class='av-structured-data'  itemprop=\"dateModified\" itemtype=\"https:\/\/schema.org\/dateModified\" >2026-04-05 16:39:34<\/span><span class='av-structured-data'  itemprop=\"mainEntityOfPage\" itemtype=\"https:\/\/schema.org\/mainEntityOfPage\" ><span itemprop='name'>POST-EXTRACTIVE MATERIAL PRACTICE<\/span><\/span><\/span><\/article><article class='slide-entry flex_column  post-entry post-entry-141819 type-post slide-entry-overview slide-loop-4 slide-parity-even  av_one_fourth  real-thumbnail'  itemscope=\"itemscope\" itemtype=\"https:\/\/schema.org\/BlogPosting\" itemprop=\"blogPost\" ><a href='https:\/\/aarch.dk\/en\/utzonia-book-explores-links-between-welfare-state-and-utzon\/' data-rel='slide-2' class='slide-image' title=''><img loading=\"lazy\" decoding=\"async\" width=\"400\" height=\"453\" src=\"https:\/\/aarch.dk\/wp-content\/uploads\/2022\/01\/utzonia-453x400-1.png\" class=\"attachment-slider-carousel-image-large size-slider-carousel-image-large wp-post-image\" alt=\"Utzonia\" srcset=\"https:\/\/aarch.dk\/wp-content\/uploads\/2022\/01\/utzonia-453x400-1.png 400w, https:\/\/aarch.dk\/wp-content\/uploads\/2022\/01\/utzonia-453x400-1-265x300.png 265w, https:\/\/aarch.dk\/wp-content\/uploads\/2022\/01\/utzonia-453x400-1-375x425.png 375w\" sizes=\"auto, (max-width: 400px) 100vw, 400px\" \/><\/a><div class='slide-content'><header class=\"entry-content-header\"><span class=\"blog-date minor-meta\"><span class=\"blog-categories minor-meta\">Publication, Research <\/span><\/span><h3 class='slide-entry-title entry-title'  itemprop=\"headline\" ><a href='https:\/\/aarch.dk\/en\/utzonia-book-explores-links-between-welfare-state-and-utzon\/' title='UTZONIA: BOOK EXPLORES LINKS BETWEEN WELFARE STATE AND UTZON'>UTZONIA: BOOK EXPLORES LINKS BETWEEN WELFARE STATE AND UTZON<\/a><\/h3><span class=\"av-vertical-delimiter\"><\/span><\/header><div class='slide-meta'><div class='slide-meta-comments'><a href='https:\/\/aarch.dk\/en\/utzonia-book-explores-links-between-welfare-state-and-utzon\/#respond'>0 Comments<\/a><\/div><div class='slide-meta-del'>\/<\/div><time class='slide-meta-time updated'  itemprop=\"datePublished\" datetime=\"2022-01-19T11:24:46+01:00\" >19.01.2022<\/time><\/div><div class='slide-entry-excerpt entry-content'  itemprop=\"text\" >\r\n\r\n\r\n\r\n\r\n\r\n\r\n\r\n\r\n\r\n\r\n\r\n\r\n\r\n\r\n\r\n<\/div><\/div><footer class=\"entry-footer\"><\/footer><span class='hidden'>\n\t\t\t\t<span class='av-structured-data'  itemprop=\"image\" itemscope=\"itemscope\" itemtype=\"https:\/\/schema.org\/ImageObject\" >\n\t\t\t\t\t\t<span itemprop='url'>https:\/\/aarch.dk\/wp-content\/uploads\/2022\/01\/utzonia-453x400-1.png<\/span>\n\t\t\t\t\t\t<span itemprop='height'>453<\/span>\n\t\t\t\t\t\t<span itemprop='width'>400<\/span>\n\t\t\t\t<\/span>\n\t\t\t\t<span class='av-structured-data'  itemprop=\"publisher\" itemtype=\"https:\/\/schema.org\/Organization\" itemscope=\"itemscope\" >\n\t\t\t\t\t\t<span itemprop='name'>Niels Rysz<\/span>\n\t\t\t\t\t\t<span itemprop='logo' itemscope itemtype='https:\/\/schema.org\/ImageObject'>\n\t\t\t\t\t\t\t<span itemprop='url'>https:\/\/s3-eu-central-1.amazonaws.com\/aarchdk\/wp-content\/uploads\/2019\/02\/03164631\/aarch-logo-dark.svg<\/span>\n\t\t\t\t\t\t <\/span>\n\t\t\t\t<\/span><span class='av-structured-data'  itemprop=\"author\" itemscope=\"itemscope\" itemtype=\"https:\/\/schema.org\/Person\" ><span itemprop='name'>Niels Rysz<\/span><\/span><span class='av-structured-data'  itemprop=\"datePublished\" datetime=\"2018-10-12T14:09:18+02:00\" >2022-01-19 11:24:46<\/span><span class='av-structured-data'  itemprop=\"dateModified\" itemtype=\"https:\/\/schema.org\/dateModified\" >2026-01-21 11:49:47<\/span><span class='av-structured-data'  itemprop=\"mainEntityOfPage\" itemtype=\"https:\/\/schema.org\/mainEntityOfPage\" ><span itemprop='name'>UTZONIA: BOOK EXPLORES LINKS BETWEEN WELFARE STATE AND UTZON<\/span><\/span><\/span><\/article><\/div><div class='slide-entry-wrap'><article class='slide-entry flex_column  post-entry post-entry-16734 type-post slide-entry-overview slide-loop-5 slide-parity-odd  av_one_fourth first real-thumbnail'  itemscope=\"itemscope\" itemtype=\"https:\/\/schema.org\/BlogPosting\" itemprop=\"blogPost\" ><a href='https:\/\/aarch.dk\/en\/arkitekturkunstruktioner\/' data-rel='slide-2' class='slide-image' title=''><img loading=\"lazy\" decoding=\"async\" width=\"400\" height=\"453\" src=\"https:\/\/aarch.dk\/wp-content\/uploads\/2018\/10\/Arkkunstruktioner_450x600-400x453.jpg\" class=\"attachment-slider-carousel-image-large size-slider-carousel-image-large wp-post-image\" alt=\"Arkitektur-kunstruktioner\" srcset=\"https:\/\/aarch.dk\/wp-content\/uploads\/2018\/10\/Arkkunstruktioner_450x600-400x453.jpg 400w, https:\/\/aarch.dk\/wp-content\/uploads\/2018\/10\/Arkkunstruktioner_450x600-375x425.jpg 375w\" sizes=\"auto, (max-width: 400px) 100vw, 400px\" \/><\/a><div class='slide-content'><header class=\"entry-content-header\"><span class=\"blog-date minor-meta\"><span class=\"blog-categories minor-meta\">Publication <\/span><\/span><h3 class='slide-entry-title entry-title'  itemprop=\"headline\" ><a href='https:\/\/aarch.dk\/en\/arkitekturkunstruktioner\/' title='Arkitektur-kunstruktioner'>Arkitektur-kunstruktioner<\/a><\/h3><span class=\"av-vertical-delimiter\"><\/span><\/header><div class='slide-meta'><div class='slide-meta-comments'><a href='https:\/\/aarch.dk\/en\/arkitekturkunstruktioner\/#respond'>0 Comments<\/a><\/div><div class='slide-meta-del'>\/<\/div><time class='slide-meta-time updated'  itemprop=\"datePublished\" datetime=\"2018-10-12T14:17:19+02:00\" >12.10.2018<\/time><\/div><div class='slide-entry-excerpt entry-content'  itemprop=\"text\" >\r\n\r\n\r\n\r\n\r\n\r\n\r\n\r\n\r\n\r\n<\/div><\/div><footer class=\"entry-footer\"><\/footer><span class='hidden'>\n\t\t\t\t<span class='av-structured-data'  itemprop=\"image\" itemscope=\"itemscope\" itemtype=\"https:\/\/schema.org\/ImageObject\" >\n\t\t\t\t\t\t<span itemprop='url'>https:\/\/aarch.dk\/wp-content\/uploads\/2018\/10\/Arkkunstruktioner_450x600.jpg<\/span>\n\t\t\t\t\t\t<span itemprop='height'>600<\/span>\n\t\t\t\t\t\t<span itemprop='width'>450<\/span>\n\t\t\t\t<\/span>\n\t\t\t\t<span class='av-structured-data'  itemprop=\"publisher\" itemtype=\"https:\/\/schema.org\/Organization\" itemscope=\"itemscope\" >\n\t\t\t\t\t\t<span itemprop='name'>Signe Janderup<\/span>\n\t\t\t\t\t\t<span itemprop='logo' itemscope itemtype='https:\/\/schema.org\/ImageObject'>\n\t\t\t\t\t\t\t<span itemprop='url'>https:\/\/s3-eu-central-1.amazonaws.com\/aarchdk\/wp-content\/uploads\/2019\/02\/03164631\/aarch-logo-dark.svg<\/span>\n\t\t\t\t\t\t <\/span>\n\t\t\t\t<\/span><span class='av-structured-data'  itemprop=\"author\" itemscope=\"itemscope\" itemtype=\"https:\/\/schema.org\/Person\" ><span itemprop='name'>Signe Janderup<\/span><\/span><span class='av-structured-data'  itemprop=\"datePublished\" datetime=\"2018-10-12T14:09:18+02:00\" >2018-10-12 14:17:19<\/span><span class='av-structured-data'  itemprop=\"dateModified\" itemtype=\"https:\/\/schema.org\/dateModified\" >2019-01-26 18:26:12<\/span><span class='av-structured-data'  itemprop=\"mainEntityOfPage\" itemtype=\"https:\/\/schema.org\/mainEntityOfPage\" ><span itemprop='name'>Arkitektur-kunstruktioner<\/span><\/span><\/span><\/article><article class='slide-entry flex_column  post-entry post-entry-16739 type-post slide-entry-overview slide-loop-6 slide-parity-even  av_one_fourth  real-thumbnail'  itemscope=\"itemscope\" itemtype=\"https:\/\/schema.org\/BlogPosting\" itemprop=\"blogPost\" ><a href='https:\/\/aarch.dk\/en\/sustainable-compact-city\/' data-rel='slide-2' class='slide-image' title=''><img loading=\"lazy\" decoding=\"async\" width=\"352\" height=\"352\" src=\"https:\/\/aarch.dk\/wp-content\/uploads\/2018\/10\/SCC_forside_352x352.jpg\" class=\"attachment-slider-carousel-image-large size-slider-carousel-image-large wp-post-image\" alt=\"Sustainable Compact City\" srcset=\"https:\/\/aarch.dk\/wp-content\/uploads\/2018\/10\/SCC_forside_352x352.jpg 352w, https:\/\/aarch.dk\/wp-content\/uploads\/2018\/10\/SCC_forside_352x352-80x80.jpg 80w, https:\/\/aarch.dk\/wp-content\/uploads\/2018\/10\/SCC_forside_352x352-300x300.jpg 300w, https:\/\/aarch.dk\/wp-content\/uploads\/2018\/10\/SCC_forside_352x352-36x36.jpg 36w, https:\/\/aarch.dk\/wp-content\/uploads\/2018\/10\/SCC_forside_352x352-180x180.jpg 180w, https:\/\/aarch.dk\/wp-content\/uploads\/2018\/10\/SCC_forside_352x352-100x100.jpg 100w\" sizes=\"auto, (max-width: 352px) 100vw, 352px\" \/><\/a><div class='slide-content'><header class=\"entry-content-header\"><span class=\"blog-date minor-meta\"><span class=\"blog-categories minor-meta\">Publication <\/span><\/span><h3 class='slide-entry-title entry-title'  itemprop=\"headline\" ><a href='https:\/\/aarch.dk\/en\/sustainable-compact-city\/' title='Sustainable Compact City'>Sustainable Compact City<\/a><\/h3><span class=\"av-vertical-delimiter\"><\/span><\/header><div class='slide-meta'><div class='slide-meta-comments'><a href='https:\/\/aarch.dk\/en\/sustainable-compact-city\/#respond'>0 Comments<\/a><\/div><div class='slide-meta-del'>\/<\/div><time class='slide-meta-time updated'  itemprop=\"datePublished\" datetime=\"2018-10-12T14:13:31+02:00\" >12.10.2018<\/time><\/div><div class='slide-entry-excerpt entry-content'  itemprop=\"text\" >\r\n\r\n\r\n\r\n\r\n\r\n\r\n\r\n<\/div><\/div><footer class=\"entry-footer\"><\/footer><span class='hidden'>\n\t\t\t\t<span class='av-structured-data'  itemprop=\"image\" itemscope=\"itemscope\" itemtype=\"https:\/\/schema.org\/ImageObject\" >\n\t\t\t\t\t\t<span itemprop='url'>https:\/\/aarch.dk\/wp-content\/uploads\/2018\/10\/SCC_forside_352x352.jpg<\/span>\n\t\t\t\t\t\t<span itemprop='height'>352<\/span>\n\t\t\t\t\t\t<span itemprop='width'>352<\/span>\n\t\t\t\t<\/span>\n\t\t\t\t<span class='av-structured-data'  itemprop=\"publisher\" itemtype=\"https:\/\/schema.org\/Organization\" itemscope=\"itemscope\" >\n\t\t\t\t\t\t<span itemprop='name'>Signe Janderup<\/span>\n\t\t\t\t\t\t<span itemprop='logo' itemscope itemtype='https:\/\/schema.org\/ImageObject'>\n\t\t\t\t\t\t\t<span itemprop='url'>https:\/\/s3-eu-central-1.amazonaws.com\/aarchdk\/wp-content\/uploads\/2019\/02\/03164631\/aarch-logo-dark.svg<\/span>\n\t\t\t\t\t\t <\/span>\n\t\t\t\t<\/span><span class='av-structured-data'  itemprop=\"author\" itemscope=\"itemscope\" itemtype=\"https:\/\/schema.org\/Person\" ><span itemprop='name'>Signe Janderup<\/span><\/span><span class='av-structured-data'  itemprop=\"datePublished\" datetime=\"2018-10-12T14:09:18+02:00\" >2018-10-12 14:13:31<\/span><span class='av-structured-data'  itemprop=\"dateModified\" itemtype=\"https:\/\/schema.org\/dateModified\" >2018-11-30 10:36:13<\/span><span class='av-structured-data'  itemprop=\"mainEntityOfPage\" itemtype=\"https:\/\/schema.org\/mainEntityOfPage\" ><span itemprop='name'>Sustainable Compact City<\/span><\/span><\/span><\/article><article class='slide-entry flex_column  post-entry post-entry-18023 type-post slide-entry-overview slide-loop-7 slide-parity-odd  av_one_fourth  real-thumbnail'  itemscope=\"itemscope\" itemtype=\"https:\/\/schema.org\/BlogPosting\" itemprop=\"blogPost\" ><a href='https:\/\/aarch.dk\/en\/approach-the-coast\/' data-rel='slide-2' class='slide-image' title=''><img loading=\"lazy\" decoding=\"async\" width=\"352\" height=\"352\" src=\"https:\/\/aarch.dk\/wp-content\/uploads\/2018\/10\/ATC_AAA_omslag-_352x352.jpg\" class=\"attachment-slider-carousel-image-large size-slider-carousel-image-large wp-post-image\" alt=\"Approach the Coast\" srcset=\"https:\/\/aarch.dk\/wp-content\/uploads\/2018\/10\/ATC_AAA_omslag-_352x352.jpg 352w, https:\/\/aarch.dk\/wp-content\/uploads\/2018\/10\/ATC_AAA_omslag-_352x352-80x80.jpg 80w, https:\/\/aarch.dk\/wp-content\/uploads\/2018\/10\/ATC_AAA_omslag-_352x352-300x300.jpg 300w, https:\/\/aarch.dk\/wp-content\/uploads\/2018\/10\/ATC_AAA_omslag-_352x352-36x36.jpg 36w, https:\/\/aarch.dk\/wp-content\/uploads\/2018\/10\/ATC_AAA_omslag-_352x352-180x180.jpg 180w, https:\/\/aarch.dk\/wp-content\/uploads\/2018\/10\/ATC_AAA_omslag-_352x352-100x100.jpg 100w\" sizes=\"auto, (max-width: 352px) 100vw, 352px\" \/><\/a><div class='slide-content'><header class=\"entry-content-header\"><span class=\"blog-date minor-meta\"><span class=\"blog-categories minor-meta\">Publication <\/span><\/span><h3 class='slide-entry-title entry-title'  itemprop=\"headline\" ><a href='https:\/\/aarch.dk\/en\/approach-the-coast\/' title='Approach the Coast'>Approach the Coast<\/a><\/h3><span class=\"av-vertical-delimiter\"><\/span><\/header><div class='slide-meta'><div class='slide-meta-comments'><a href='https:\/\/aarch.dk\/en\/approach-the-coast\/#respond'>0 Comments<\/a><\/div><div class='slide-meta-del'>\/<\/div><time class='slide-meta-time updated'  itemprop=\"datePublished\" datetime=\"2018-10-12T14:11:39+02:00\" >12.10.2018<\/time><\/div><div class='slide-entry-excerpt entry-content'  itemprop=\"text\" >\r\n\r\n\r\n\r\n\r\n\r\n<\/div><\/div><footer class=\"entry-footer\"><\/footer><span class='hidden'>\n\t\t\t\t<span class='av-structured-data'  itemprop=\"image\" itemscope=\"itemscope\" itemtype=\"https:\/\/schema.org\/ImageObject\" >\n\t\t\t\t\t\t<span itemprop='url'>https:\/\/aarch.dk\/wp-content\/uploads\/2018\/10\/ATC_AAA_omslag-_352x352.jpg<\/span>\n\t\t\t\t\t\t<span itemprop='height'>352<\/span>\n\t\t\t\t\t\t<span itemprop='width'>352<\/span>\n\t\t\t\t<\/span>\n\t\t\t\t<span class='av-structured-data'  itemprop=\"publisher\" itemtype=\"https:\/\/schema.org\/Organization\" itemscope=\"itemscope\" >\n\t\t\t\t\t\t<span itemprop='name'>Signe Janderup<\/span>\n\t\t\t\t\t\t<span itemprop='logo' itemscope itemtype='https:\/\/schema.org\/ImageObject'>\n\t\t\t\t\t\t\t<span itemprop='url'>https:\/\/s3-eu-central-1.amazonaws.com\/aarchdk\/wp-content\/uploads\/2019\/02\/03164631\/aarch-logo-dark.svg<\/span>\n\t\t\t\t\t\t <\/span>\n\t\t\t\t<\/span><span class='av-structured-data'  itemprop=\"author\" itemscope=\"itemscope\" itemtype=\"https:\/\/schema.org\/Person\" ><span itemprop='name'>Signe Janderup<\/span><\/span><span class='av-structured-data'  itemprop=\"datePublished\" datetime=\"2018-10-12T14:09:18+02:00\" >2018-10-12 14:11:39<\/span><span class='av-structured-data'  itemprop=\"dateModified\" itemtype=\"https:\/\/schema.org\/dateModified\" >2018-11-30 10:38:26<\/span><span class='av-structured-data'  itemprop=\"mainEntityOfPage\" itemtype=\"https:\/\/schema.org\/mainEntityOfPage\" ><span itemprop='name'>Approach the Coast<\/span><\/span><\/span><\/article><article class='slide-entry flex_column  post-entry post-entry-18016 type-post slide-entry-overview slide-loop-8 slide-parity-even  post-entry-last  av_one_fourth  real-thumbnail'  itemscope=\"itemscope\" itemtype=\"https:\/\/schema.org\/BlogPosting\" itemprop=\"blogPost\" ><a href='https:\/\/aarch.dk\/en\/det-urbaniserede-territorium\/' data-rel='slide-2' class='slide-image' title=''><img loading=\"lazy\" decoding=\"async\" width=\"352\" height=\"352\" src=\"https:\/\/aarch.dk\/wp-content\/uploads\/2018\/10\/Det-urbaniserede-territorium_352x352.jpg\" class=\"attachment-slider-carousel-image-large size-slider-carousel-image-large wp-post-image\" alt=\"Det urbaniserede territorium (The Urbanised Territory)\" srcset=\"https:\/\/aarch.dk\/wp-content\/uploads\/2018\/10\/Det-urbaniserede-territorium_352x352.jpg 352w, https:\/\/aarch.dk\/wp-content\/uploads\/2018\/10\/Det-urbaniserede-territorium_352x352-80x80.jpg 80w, https:\/\/aarch.dk\/wp-content\/uploads\/2018\/10\/Det-urbaniserede-territorium_352x352-300x300.jpg 300w, https:\/\/aarch.dk\/wp-content\/uploads\/2018\/10\/Det-urbaniserede-territorium_352x352-36x36.jpg 36w, https:\/\/aarch.dk\/wp-content\/uploads\/2018\/10\/Det-urbaniserede-territorium_352x352-180x180.jpg 180w, https:\/\/aarch.dk\/wp-content\/uploads\/2018\/10\/Det-urbaniserede-territorium_352x352-100x100.jpg 100w\" sizes=\"auto, (max-width: 352px) 100vw, 352px\" \/><\/a><div class='slide-content'><header class=\"entry-content-header\"><span class=\"blog-date minor-meta\"><span class=\"blog-categories minor-meta\">Publication <\/span><\/span><h3 class='slide-entry-title entry-title'  itemprop=\"headline\" ><a href='https:\/\/aarch.dk\/en\/det-urbaniserede-territorium\/' title='Det urbaniserede territorium (The Urbanised Territory)'>Det urbaniserede territorium (The Urbanised Territory)<\/a><\/h3><span class=\"av-vertical-delimiter\"><\/span><\/header><div class='slide-meta'><div class='slide-meta-comments'><a href='https:\/\/aarch.dk\/en\/det-urbaniserede-territorium\/#respond'>0 Comments<\/a><\/div><div class='slide-meta-del'>\/<\/div><time class='slide-meta-time updated'  itemprop=\"datePublished\" datetime=\"2018-10-12T14:09:18+02:00\" >12.10.2018<\/time><\/div><div class='slide-entry-excerpt entry-content'  itemprop=\"text\" >\r\n\r\n\r\n\r\n\r\n\r\n\r\n\r\n<\/div><\/div><footer class=\"entry-footer\"><\/footer><span class='hidden'>\n\t\t\t\t<span class='av-structured-data'  itemprop=\"image\" itemscope=\"itemscope\" itemtype=\"https:\/\/schema.org\/ImageObject\" >\n\t\t\t\t\t\t<span itemprop='url'>https:\/\/aarch.dk\/wp-content\/uploads\/2018\/10\/Det-urbaniserede-territorium_352x352.jpg<\/span>\n\t\t\t\t\t\t<span itemprop='height'>352<\/span>\n\t\t\t\t\t\t<span itemprop='width'>352<\/span>\n\t\t\t\t<\/span>\n\t\t\t\t<span class='av-structured-data'  itemprop=\"publisher\" itemtype=\"https:\/\/schema.org\/Organization\" itemscope=\"itemscope\" >\n\t\t\t\t\t\t<span itemprop='name'>Signe Janderup<\/span>\n\t\t\t\t\t\t<span itemprop='logo' itemscope itemtype='https:\/\/schema.org\/ImageObject'>\n\t\t\t\t\t\t\t<span itemprop='url'>https:\/\/s3-eu-central-1.amazonaws.com\/aarchdk\/wp-content\/uploads\/2019\/02\/03164631\/aarch-logo-dark.svg<\/span>\n\t\t\t\t\t\t <\/span>\n\t\t\t\t<\/span><span class='av-structured-data'  itemprop=\"author\" itemscope=\"itemscope\" itemtype=\"https:\/\/schema.org\/Person\" ><span itemprop='name'>Signe Janderup<\/span><\/span><span class='av-structured-data'  itemprop=\"datePublished\" datetime=\"2018-10-12T14:09:18+02:00\" >2018-10-12 14:09:18<\/span><span class='av-structured-data'  itemprop=\"dateModified\" itemtype=\"https:\/\/schema.org\/dateModified\" >2018-11-30 10:41:41<\/span><span class='av-structured-data'  itemprop=\"mainEntityOfPage\" itemtype=\"https:\/\/schema.org\/mainEntityOfPage\" ><span itemprop='name'>Det urbaniserede territorium (The Urbanised Territory)<\/span><\/span><\/span><\/article><\/div><\/div><div class='avia-slideshow-arrows avia-slideshow-controls'><a href='#prev' class='prev-slide' aria-hidden='true' data-av_icon='\ue87c' data-av_iconfont='entypo-fontello'>Previous<\/a><a href='#next' class='next-slide' aria-hidden='true' data-av_icon='\ue87d' data-av_iconfont='entypo-fontello'>Next<\/a><\/div><\/div><\/div>\n<\/div><\/div>\n<\/div>\n","protected":false},"excerpt":{"rendered":"","protected":false},"author":6,"featured_media":13124,"comment_status":"open","ping_status":"open","sticky":false,"template":"","format":"standard","meta":{"_acf_changed":false,"footnotes":""},"categories":[481],"tags":[],"class_list":["post-17527","post","type-post","status-publish","format-standard","has-post-thumbnail","hentry","category-publication"],"yoast_head":"<!-- This site is optimized with the Yoast SEO plugin v27.2 - https:\/\/yoast.com\/product\/yoast-seo-wordpress\/ -->\n<title>Kan bygget velf\u00e6rd eksporteres? - Aarhus School of Architecture<\/title>\n<meta name=\"description\" content=\"Publikationen Kan bygget velf\u00e6rd eksporteres? s\u00e6tter fokus p\u00e5 arkitektur, etik og danske arkitektvirksomheders eksport.\" \/>\n<meta name=\"robots\" content=\"index, follow, max-snippet:-1, max-image-preview:large, max-video-preview:-1\" \/>\n<link rel=\"canonical\" href=\"https:\/\/aarch.dk\/en\/kan-bygget-velfaerd-eksporteres\/\" \/>\n<meta property=\"og:locale\" content=\"en_US\" \/>\n<meta property=\"og:type\" content=\"article\" \/>\n<meta property=\"og:title\" content=\"Kan bygget velf\u00e6rd eksporteres? - Aarhus School of Architecture\" \/>\n<meta property=\"og:description\" content=\"Publikationen Kan bygget velf\u00e6rd eksporteres? s\u00e6tter fokus p\u00e5 arkitektur, etik og danske arkitektvirksomheders eksport.\" \/>\n<meta property=\"og:url\" content=\"https:\/\/aarch.dk\/en\/kan-bygget-velfaerd-eksporteres\/\" \/>\n<meta property=\"og:site_name\" content=\"Aarhus School of Architecture\" \/>\n<meta property=\"article:published_time\" content=\"2018-10-12T08:43:59+00:00\" \/>\n<meta property=\"article:modified_time\" content=\"2024-08-22T07:28:11+00:00\" \/>\n<meta property=\"og:image\" content=\"https:\/\/aarch.dk\/wp-content\/uploads\/2018\/10\/Kan-bygget-velf\u00e6rd-eksporteres-600.png\" \/>\n\t<meta property=\"og:image:width\" content=\"439\" \/>\n\t<meta property=\"og:image:height\" content=\"600\" \/>\n\t<meta property=\"og:image:type\" content=\"image\/png\" \/>\n<meta name=\"author\" content=\"Signe Janderup\" \/>\n<meta name=\"twitter:card\" content=\"summary_large_image\" \/>\n<meta name=\"twitter:label1\" content=\"Written by\" \/>\n\t<meta name=\"twitter:data1\" content=\"Signe Janderup\" \/>\n\t<meta name=\"twitter:label2\" content=\"Est. reading time\" \/>\n\t<meta name=\"twitter:data2\" content=\"18 minutes\" \/>\n<script type=\"application\/ld+json\" class=\"yoast-schema-graph\">{\"@context\":\"https:\/\/schema.org\",\"@graph\":[{\"@type\":\"Article\",\"@id\":\"https:\/\/aarch.dk\/en\/kan-bygget-velfaerd-eksporteres\/#article\",\"isPartOf\":{\"@id\":\"https:\/\/aarch.dk\/en\/kan-bygget-velfaerd-eksporteres\/\"},\"author\":{\"name\":\"Signe Janderup\",\"@id\":\"https:\/\/aarch.dk\/#\/schema\/person\/8b2982cb129575f26192645513be282d\"},\"headline\":\"Kan bygget velf\u00e6rd eksporteres?\",\"datePublished\":\"2018-10-12T08:43:59+00:00\",\"dateModified\":\"2024-08-22T07:28:11+00:00\",\"mainEntityOfPage\":{\"@id\":\"https:\/\/aarch.dk\/en\/kan-bygget-velfaerd-eksporteres\/\"},\"wordCount\":3617,\"commentCount\":0,\"image\":{\"@id\":\"https:\/\/aarch.dk\/en\/kan-bygget-velfaerd-eksporteres\/#primaryimage\"},\"thumbnailUrl\":\"https:\/\/aarch.dk\/wp-content\/uploads\/2018\/10\/Kan-bygget-velf\u00e6rd-eksporteres-600.png\",\"articleSection\":[\"Publication\"],\"inLanguage\":\"en-US\",\"potentialAction\":[{\"@type\":\"CommentAction\",\"name\":\"Comment\",\"target\":[\"https:\/\/aarch.dk\/en\/kan-bygget-velfaerd-eksporteres\/#respond\"]}]},{\"@type\":\"WebPage\",\"@id\":\"https:\/\/aarch.dk\/en\/kan-bygget-velfaerd-eksporteres\/\",\"url\":\"https:\/\/aarch.dk\/en\/kan-bygget-velfaerd-eksporteres\/\",\"name\":\"Kan bygget velf\u00e6rd eksporteres? - Aarhus School of Architecture\",\"isPartOf\":{\"@id\":\"https:\/\/aarch.dk\/#website\"},\"primaryImageOfPage\":{\"@id\":\"https:\/\/aarch.dk\/en\/kan-bygget-velfaerd-eksporteres\/#primaryimage\"},\"image\":{\"@id\":\"https:\/\/aarch.dk\/en\/kan-bygget-velfaerd-eksporteres\/#primaryimage\"},\"thumbnailUrl\":\"https:\/\/aarch.dk\/wp-content\/uploads\/2018\/10\/Kan-bygget-velf\u00e6rd-eksporteres-600.png\",\"datePublished\":\"2018-10-12T08:43:59+00:00\",\"dateModified\":\"2024-08-22T07:28:11+00:00\",\"author\":{\"@id\":\"https:\/\/aarch.dk\/#\/schema\/person\/8b2982cb129575f26192645513be282d\"},\"description\":\"Publikationen Kan bygget velf\u00e6rd eksporteres? s\u00e6tter fokus p\u00e5 arkitektur, etik og danske arkitektvirksomheders eksport.\",\"breadcrumb\":{\"@id\":\"https:\/\/aarch.dk\/en\/kan-bygget-velfaerd-eksporteres\/#breadcrumb\"},\"inLanguage\":\"en-US\",\"potentialAction\":[{\"@type\":\"ReadAction\",\"target\":[\"https:\/\/aarch.dk\/en\/kan-bygget-velfaerd-eksporteres\/\"]}]},{\"@type\":\"ImageObject\",\"inLanguage\":\"en-US\",\"@id\":\"https:\/\/aarch.dk\/en\/kan-bygget-velfaerd-eksporteres\/#primaryimage\",\"url\":\"https:\/\/aarch.dk\/wp-content\/uploads\/2018\/10\/Kan-bygget-velf\u00e6rd-eksporteres-600.png\",\"contentUrl\":\"https:\/\/aarch.dk\/wp-content\/uploads\/2018\/10\/Kan-bygget-velf\u00e6rd-eksporteres-600.png\",\"width\":439,\"height\":600,\"caption\":\"Kan bygget velf\u00e6rd eksporteres?\"},{\"@type\":\"BreadcrumbList\",\"@id\":\"https:\/\/aarch.dk\/en\/kan-bygget-velfaerd-eksporteres\/#breadcrumb\",\"itemListElement\":[{\"@type\":\"ListItem\",\"position\":1,\"name\":\"Home\",\"item\":\"https:\/\/aarch.dk\/en\/\"},{\"@type\":\"ListItem\",\"position\":2,\"name\":\"Kan bygget velf\u00e6rd eksporteres?\"}]},{\"@type\":\"WebSite\",\"@id\":\"https:\/\/aarch.dk\/#website\",\"url\":\"https:\/\/aarch.dk\/\",\"name\":\"Aarhus School of Architecture\",\"description\":\"\",\"potentialAction\":[{\"@type\":\"SearchAction\",\"target\":{\"@type\":\"EntryPoint\",\"urlTemplate\":\"https:\/\/aarch.dk\/?s={search_term_string}\"},\"query-input\":{\"@type\":\"PropertyValueSpecification\",\"valueRequired\":true,\"valueName\":\"search_term_string\"}}],\"inLanguage\":\"en-US\"},{\"@type\":\"Person\",\"@id\":\"https:\/\/aarch.dk\/#\/schema\/person\/8b2982cb129575f26192645513be282d\",\"name\":\"Signe Janderup\",\"image\":{\"@type\":\"ImageObject\",\"inLanguage\":\"en-US\",\"@id\":\"https:\/\/secure.gravatar.com\/avatar\/72213dffc8d5fbe06c51ad83fa8c4dd56c2b41a2cee4a5a640b16a2bf31a43c2?s=96&d=mm&r=g\",\"url\":\"https:\/\/secure.gravatar.com\/avatar\/72213dffc8d5fbe06c51ad83fa8c4dd56c2b41a2cee4a5a640b16a2bf31a43c2?s=96&d=mm&r=g\",\"contentUrl\":\"https:\/\/secure.gravatar.com\/avatar\/72213dffc8d5fbe06c51ad83fa8c4dd56c2b41a2cee4a5a640b16a2bf31a43c2?s=96&d=mm&r=g\",\"caption\":\"Signe Janderup\"}}]}<\/script>\n<!-- \/ Yoast SEO plugin. -->","yoast_head_json":{"title":"Kan bygget velf\u00e6rd eksporteres? - Aarhus School of Architecture","description":"Publikationen Kan bygget velf\u00e6rd eksporteres? s\u00e6tter fokus p\u00e5 arkitektur, etik og danske arkitektvirksomheders eksport.","robots":{"index":"index","follow":"follow","max-snippet":"max-snippet:-1","max-image-preview":"max-image-preview:large","max-video-preview":"max-video-preview:-1"},"canonical":"https:\/\/aarch.dk\/en\/kan-bygget-velfaerd-eksporteres\/","og_locale":"en_US","og_type":"article","og_title":"Kan bygget velf\u00e6rd eksporteres? - Aarhus School of Architecture","og_description":"Publikationen Kan bygget velf\u00e6rd eksporteres? s\u00e6tter fokus p\u00e5 arkitektur, etik og danske arkitektvirksomheders eksport.","og_url":"https:\/\/aarch.dk\/en\/kan-bygget-velfaerd-eksporteres\/","og_site_name":"Aarhus School of Architecture","article_published_time":"2018-10-12T08:43:59+00:00","article_modified_time":"2024-08-22T07:28:11+00:00","og_image":[{"width":439,"height":600,"url":"https:\/\/aarch.dk\/wp-content\/uploads\/2018\/10\/Kan-bygget-velf\u00e6rd-eksporteres-600.png","type":"image\/png"}],"author":"Signe Janderup","twitter_card":"summary_large_image","twitter_misc":{"Written by":"Signe Janderup","Est. reading time":"18 minutes"},"schema":{"@context":"https:\/\/schema.org","@graph":[{"@type":"Article","@id":"https:\/\/aarch.dk\/en\/kan-bygget-velfaerd-eksporteres\/#article","isPartOf":{"@id":"https:\/\/aarch.dk\/en\/kan-bygget-velfaerd-eksporteres\/"},"author":{"name":"Signe Janderup","@id":"https:\/\/aarch.dk\/#\/schema\/person\/8b2982cb129575f26192645513be282d"},"headline":"Kan bygget velf\u00e6rd eksporteres?","datePublished":"2018-10-12T08:43:59+00:00","dateModified":"2024-08-22T07:28:11+00:00","mainEntityOfPage":{"@id":"https:\/\/aarch.dk\/en\/kan-bygget-velfaerd-eksporteres\/"},"wordCount":3617,"commentCount":0,"image":{"@id":"https:\/\/aarch.dk\/en\/kan-bygget-velfaerd-eksporteres\/#primaryimage"},"thumbnailUrl":"https:\/\/aarch.dk\/wp-content\/uploads\/2018\/10\/Kan-bygget-velf\u00e6rd-eksporteres-600.png","articleSection":["Publication"],"inLanguage":"en-US","potentialAction":[{"@type":"CommentAction","name":"Comment","target":["https:\/\/aarch.dk\/en\/kan-bygget-velfaerd-eksporteres\/#respond"]}]},{"@type":"WebPage","@id":"https:\/\/aarch.dk\/en\/kan-bygget-velfaerd-eksporteres\/","url":"https:\/\/aarch.dk\/en\/kan-bygget-velfaerd-eksporteres\/","name":"Kan bygget velf\u00e6rd eksporteres? - Aarhus School of Architecture","isPartOf":{"@id":"https:\/\/aarch.dk\/#website"},"primaryImageOfPage":{"@id":"https:\/\/aarch.dk\/en\/kan-bygget-velfaerd-eksporteres\/#primaryimage"},"image":{"@id":"https:\/\/aarch.dk\/en\/kan-bygget-velfaerd-eksporteres\/#primaryimage"},"thumbnailUrl":"https:\/\/aarch.dk\/wp-content\/uploads\/2018\/10\/Kan-bygget-velf\u00e6rd-eksporteres-600.png","datePublished":"2018-10-12T08:43:59+00:00","dateModified":"2024-08-22T07:28:11+00:00","author":{"@id":"https:\/\/aarch.dk\/#\/schema\/person\/8b2982cb129575f26192645513be282d"},"description":"Publikationen Kan bygget velf\u00e6rd eksporteres? s\u00e6tter fokus p\u00e5 arkitektur, etik og danske arkitektvirksomheders eksport.","breadcrumb":{"@id":"https:\/\/aarch.dk\/en\/kan-bygget-velfaerd-eksporteres\/#breadcrumb"},"inLanguage":"en-US","potentialAction":[{"@type":"ReadAction","target":["https:\/\/aarch.dk\/en\/kan-bygget-velfaerd-eksporteres\/"]}]},{"@type":"ImageObject","inLanguage":"en-US","@id":"https:\/\/aarch.dk\/en\/kan-bygget-velfaerd-eksporteres\/#primaryimage","url":"https:\/\/aarch.dk\/wp-content\/uploads\/2018\/10\/Kan-bygget-velf\u00e6rd-eksporteres-600.png","contentUrl":"https:\/\/aarch.dk\/wp-content\/uploads\/2018\/10\/Kan-bygget-velf\u00e6rd-eksporteres-600.png","width":439,"height":600,"caption":"Kan bygget velf\u00e6rd eksporteres?"},{"@type":"BreadcrumbList","@id":"https:\/\/aarch.dk\/en\/kan-bygget-velfaerd-eksporteres\/#breadcrumb","itemListElement":[{"@type":"ListItem","position":1,"name":"Home","item":"https:\/\/aarch.dk\/en\/"},{"@type":"ListItem","position":2,"name":"Kan bygget velf\u00e6rd eksporteres?"}]},{"@type":"WebSite","@id":"https:\/\/aarch.dk\/#website","url":"https:\/\/aarch.dk\/","name":"Aarhus School of Architecture","description":"","potentialAction":[{"@type":"SearchAction","target":{"@type":"EntryPoint","urlTemplate":"https:\/\/aarch.dk\/?s={search_term_string}"},"query-input":{"@type":"PropertyValueSpecification","valueRequired":true,"valueName":"search_term_string"}}],"inLanguage":"en-US"},{"@type":"Person","@id":"https:\/\/aarch.dk\/#\/schema\/person\/8b2982cb129575f26192645513be282d","name":"Signe Janderup","image":{"@type":"ImageObject","inLanguage":"en-US","@id":"https:\/\/secure.gravatar.com\/avatar\/72213dffc8d5fbe06c51ad83fa8c4dd56c2b41a2cee4a5a640b16a2bf31a43c2?s=96&d=mm&r=g","url":"https:\/\/secure.gravatar.com\/avatar\/72213dffc8d5fbe06c51ad83fa8c4dd56c2b41a2cee4a5a640b16a2bf31a43c2?s=96&d=mm&r=g","contentUrl":"https:\/\/secure.gravatar.com\/avatar\/72213dffc8d5fbe06c51ad83fa8c4dd56c2b41a2cee4a5a640b16a2bf31a43c2?s=96&d=mm&r=g","caption":"Signe Janderup"}}]}},"acf":[],"_links":{"self":[{"href":"https:\/\/aarch.dk\/en\/wp-json\/wp\/v2\/posts\/17527","targetHints":{"allow":["GET"]}}],"collection":[{"href":"https:\/\/aarch.dk\/en\/wp-json\/wp\/v2\/posts"}],"about":[{"href":"https:\/\/aarch.dk\/en\/wp-json\/wp\/v2\/types\/post"}],"author":[{"embeddable":true,"href":"https:\/\/aarch.dk\/en\/wp-json\/wp\/v2\/users\/6"}],"replies":[{"embeddable":true,"href":"https:\/\/aarch.dk\/en\/wp-json\/wp\/v2\/comments?post=17527"}],"version-history":[{"count":9,"href":"https:\/\/aarch.dk\/en\/wp-json\/wp\/v2\/posts\/17527\/revisions"}],"predecessor-version":[{"id":225151,"href":"https:\/\/aarch.dk\/en\/wp-json\/wp\/v2\/posts\/17527\/revisions\/225151"}],"wp:featuredmedia":[{"embeddable":true,"href":"https:\/\/aarch.dk\/en\/wp-json\/wp\/v2\/media\/13124"}],"wp:attachment":[{"href":"https:\/\/aarch.dk\/en\/wp-json\/wp\/v2\/media?parent=17527"}],"wp:term":[{"taxonomy":"category","embeddable":true,"href":"https:\/\/aarch.dk\/en\/wp-json\/wp\/v2\/categories?post=17527"},{"taxonomy":"post_tag","embeddable":true,"href":"https:\/\/aarch.dk\/en\/wp-json\/wp\/v2\/tags?post=17527"}],"curies":[{"name":"wp","href":"https:\/\/api.w.org\/{rel}","templated":true}]}}