{"id":179131,"date":"2023-04-26T14:24:52","date_gmt":"2023-04-26T12:24:52","guid":{"rendered":"https:\/\/aarch.dk\/haederspris-karen-kjaersgaard-skaber-oejeblikkets-arkitektur\/"},"modified":"2024-11-18T12:52:55","modified_gmt":"2024-11-18T11:52:55","slug":"haederspris-karen-kjaersgaard-skaber-oejeblikkets-arkitektur","status":"publish","type":"post","link":"https:\/\/aarch.dk\/en\/haederspris-karen-kjaersgaard-skaber-oejeblikkets-arkitektur\/","title":{"rendered":"Honorary Award: Karen Kj\u00e6rgaard Is Creating The Architecture Of The Moment"},"content":{"rendered":"<div id='av_section_1'  class='avia-section main_color avia-section-default avia-no-border-styling  avia-bg-style-scroll  avia-builder-el-0  el_before_av_section  avia-builder-el-first  aarch-header-type-2  container_wrap fullsize' style=' '  ><div class='container' ><main  role=\"main\" itemprop=\"mainContentOfPage\"  class='template-page content  av-content-full alpha units'><div class='post-entry post-entry-type-page post-entry-179131'><div class='entry-content-wrapper clearfix'>\n<section class=\"av_textblock_section \"  itemscope=\"itemscope\" itemtype=\"https:\/\/schema.org\/BlogPosting\" itemprop=\"blogPost\" ><div class='avia_textblock aarch-header-type-2-nav '   itemprop=\"text\" ><p><a href=\"https:\/\/aarch.dk\/nyheder\/\">Nyheder<\/a><\/p>\n<\/div><\/section>\n<section class=\"av_textblock_section \"  itemscope=\"itemscope\" itemtype=\"https:\/\/schema.org\/BlogPosting\" itemprop=\"blogPost\" ><div class='avia_textblock aarch-header-type-2-title '   itemprop=\"text\" ><h1>HONORARY AWARD: KAREN KJ\u00c6RGAARD IS CREATING THE ARCHITECTURE OF THE MOMENT<\/h1>\n<\/div><\/section>\n<section class=\"av_textblock_section \"  itemscope=\"itemscope\" itemtype=\"https:\/\/schema.org\/BlogPosting\" itemprop=\"blogPost\" ><div class='avia_textblock aarch-header-type-2-subtitle '   itemprop=\"text\" ><p>Curator Karen Kj\u00e6rgaard will be receiving Nykredit&#8217;s 2023 Honorary Award for her long-standing work with exhibitions at the intersection of art, design and architecture. Impact and humour were always her game.<\/p>\n<\/div><\/section>\n<section class=\"av_textblock_section \"  itemscope=\"itemscope\" itemtype=\"https:\/\/schema.org\/BlogPosting\" itemprop=\"blogPost\" ><div class='avia_textblock aarch-header-type-2-by-title '   itemprop=\"text\" ><p>26.04.2023<\/p>\n<\/div><\/section>\n\n<\/div><\/div><\/main><!-- close content main element --><\/div><\/div><div id='av_section_2'  class='avia-section main_color avia-section-default avia-no-border-styling  avia-bg-style-scroll  avia-builder-el-5  el_after_av_section  el_before_av_section   container_wrap fullsize' style=' '  ><div class='container' ><div class='template-page content  av-content-full alpha units'><div class='post-entry post-entry-type-page post-entry-179131'><div class='entry-content-wrapper clearfix'>\n<div class=\"flex_column av_one_fifth  flex_column_div av-zero-column-padding first  avia-builder-el-6  el_before_av_three_fifth  avia-builder-el-first  \" style='border-radius:0px; '><\/div><div class=\"flex_column av_three_fifth  flex_column_div av-zero-column-padding   avia-builder-el-7  el_after_av_one_fifth  el_before_av_one_fifth  \" style='border-radius:0px; '><section class=\"av_textblock_section \"  itemscope=\"itemscope\" itemtype=\"https:\/\/schema.org\/BlogPosting\" itemprop=\"blogPost\" ><div class='avia_textblock  '   itemprop=\"text\" ><p>On 8 May, Karen Kj\u00e6rgaard will be awarded Nykredit&#8217;s Honorary Award (Nykredits H\u00e6derspris) in recognition of her long-standing efforts as a curator and her exemplary way of presenting the complexity and diversity of architecture. Her work has resulted in more than 100 exhibitions since 1987 &#8211; the year she graduated in architecture. But she actually created her very first exhibition during her childhood in Ringkj\u00f8bing \u2013 way back in the 1960s.<\/p>\n<p>A competition on which store could create the best Christmas display had been arranged. And 12-year-old Karen suggested to her father, a butcher, that they could exhibit her dressed up as a Christmas &#8220;pixie&#8221; in the shop&#8217;s refrigerated window, along with the word &#8216;homemade&#8217;. This exhibition had several of the characteristics Karen has been repeating in her work ever since \u2013 and it took the first prize.<\/p>\n<\/div><\/section><\/div><div class=\"flex_column av_one_fifth  flex_column_div av-zero-column-padding   avia-builder-el-9  el_after_av_three_fifth  avia-builder-el-last  \" style='border-radius:0px; '><\/div>\n\n<\/div><\/div><\/div><!-- close content main div --><\/div><\/div><div id='av_section_3'  class='avia-section main_color avia-section-no-padding avia-no-border-styling  avia-bg-style-scroll  avia-builder-el-10  el_after_av_section  el_before_av_section   container_wrap fullsize' style=' '  ><div class='container' ><div class='template-page content  av-content-full alpha units'><div class='post-entry post-entry-type-page post-entry-179131'><div class='entry-content-wrapper clearfix'>\n<div class=\"flex_column av_one_fourth  flex_column_div av-zero-column-padding first  avia-builder-el-11  el_before_av_one_half  avia-builder-el-first  \" style='border-radius:0px; '><\/div><div class=\"flex_column av_one_half  flex_column_div   avia-builder-el-12  el_after_av_one_fourth  el_before_av_one_fourth  \" style='padding:0px 0px 0px 0px ; border-radius:0px; '><div  class='avia-image-container  av-styling-  av-has-copyright av-copyright-always   avia-builder-el-13  avia-builder-el-no-sibling  avia-align-center '  itemprop=\"image\" itemscope=\"itemscope\" itemtype=\"https:\/\/schema.org\/ImageObject\"  ><div class='avia-image-container-inner'><div class='avia-image-overlay-wrap'><img class='avia_image' src='https:\/\/aarch.dk\/wp-content\/uploads\/2023\/04\/KAREN-K-3-kopi.jpg' alt='Karen Kj\u00e6rgaard in front of Aarhus School of Architecture and ONSITE Gallery. She is going to receive Nykredit&#039;s Honorary Award on 8 May 2023.' title='Karen Kj\u00e6rgaard in front of Aarhus School of Architecture and ONSITE Gallery. She is going to receive Nykredit&#039;s Honorary Award on 8 May 2023.' height=\"800\" width=\"1200\"  itemprop=\"thumbnailUrl\"  \/><\/div><small class='avia-copyright'>Karen Kj\u00e6rgaard in front of Aarhus School of Architecture and ONSITE Gallery. She is going to receive Nykredit's Honorary Award on 8 May 2023.<\/small><\/div><\/div><\/div><div class=\"flex_column av_one_fourth  flex_column_div av-zero-column-padding   avia-builder-el-14  el_after_av_one_half  avia-builder-el-last  \" style='border-radius:0px; '><\/div>\n\n<\/div><\/div><\/div><!-- close content main div --><\/div><\/div><div id='av_section_4'  class='avia-section main_color avia-section-default avia-no-border-styling  avia-bg-style-scroll  avia-builder-el-15  el_after_av_section  el_before_av_section   container_wrap fullsize' style=' '  ><div class='container' ><div class='template-page content  av-content-full alpha units'><div class='post-entry post-entry-type-page post-entry-179131'><div class='entry-content-wrapper clearfix'>\n<div class=\"flex_column av_one_fifth  flex_column_div av-zero-column-padding first  avia-builder-el-16  el_before_av_three_fifth  avia-builder-el-first  \" style='border-radius:0px; '><\/div><div class=\"flex_column av_three_fifth  flex_column_div av-zero-column-padding   avia-builder-el-17  el_after_av_one_fifth  el_before_av_one_fifth  \" style='border-radius:0px; '><section class=\"av_textblock_section \"  itemscope=\"itemscope\" itemtype=\"https:\/\/schema.org\/BlogPosting\" itemprop=\"blogPost\" ><div class='avia_textblock  '   itemprop=\"text\" ><p>\u2018I can&#8217;t help but add a little detail: doing it with edginess and love. The thing that completes it. In the butcher&#8217;s shop, there had to be a goal or a motivation. Just as there has to be a goal or a motivation when, at Aarhus School of Architecture, she arranges the architecture festival OPEN. We need to have a purpose with architecture&#8217;, Karen Kj\u00e6rgaard says about her way of practising architecture.<\/p>\n<p>OPEN &#8211; a new opportunity<\/p>\n<p>As the curator responsible for Aarhus School of Architecture&#8217;s annual exhibition and showcase to the world, the OPEN architecture festival, Karen Kj\u00e6rgaard has, so far, achieved her professional zenith \u2013 or at least a professional state of zen in which she is comfortable.<\/p>\n<p>&#8216;The opening of the new school building and the decision to arrange an annual festival have given me new challenges and a unique platform where it is not just a matter of conveying information and didactic results, but also about creating new knowledge while interacting with a large audience. A place where my work as a curator can unfold and develop further \u2013 and, in the case of OPEN, working together with younger co-curators. Somewhere I can bring my master in curating and my network into play&#8217;, she says.<\/p>\n<p>Her master helped her express her work in words and text; work that has spanned several decades. First, as an \u201cexhibition architect\u201d and, later, as a, more knowledge-based, \u201ccurator\u201d.<\/p>\n<p>&#8216;In contrast with the world of the arts, in the world of architecture working as a curator is a small niche. One reason I am so happy to receive Nykredit\u2019s Honorary Award is that it places a new focus on the role of the curator of architecture as an important communicator of architecture.&#8217;<\/p>\n<\/div><\/section><\/div><div class=\"flex_column av_one_fifth  flex_column_div av-zero-column-padding   avia-builder-el-19  el_after_av_three_fifth  avia-builder-el-last  \" style='border-radius:0px; '><\/div>\n\n<\/div><\/div><\/div><!-- close content main div --><\/div><\/div><div id='av_section_5'  class='avia-section main_color avia-section-no-padding avia-no-border-styling  avia-bg-style-scroll  avia-builder-el-20  el_after_av_section  el_before_av_section   container_wrap fullsize' style=' '  ><div class='container' ><div class='template-page content  av-content-full alpha units'><div class='post-entry post-entry-type-page post-entry-179131'><div class='entry-content-wrapper clearfix'>\n<div class=\"flex_column av_one_fourth  flex_column_div av-zero-column-padding first  avia-builder-el-21  el_before_av_one_half  avia-builder-el-first  \" style='border-radius:0px; '><\/div><div class=\"flex_column av_one_half  flex_column_div   avia-builder-el-22  el_after_av_one_fourth  el_before_av_one_fourth  \" style='padding:0px 0px 0px 0px ; border-radius:0px; '><div  class='avia-image-container  av-styling-  av-has-copyright av-copyright-always   avia-builder-el-23  avia-builder-el-no-sibling  avia-align-center '  itemprop=\"image\" itemscope=\"itemscope\" itemtype=\"https:\/\/schema.org\/ImageObject\"  ><div class='avia-image-container-inner'><div class='avia-image-overlay-wrap'><img class='avia_image' src='https:\/\/aarch.dk\/wp-content\/uploads\/2023\/04\/KAREN-K-11-kopi.jpg' alt='Karen Kj\u00e6rgaard temporarily exhibited in an everyday object.' title='Karen Kj\u00e6rgaard temporarily exhibited in an everyday object.' height=\"800\" width=\"1200\"  itemprop=\"thumbnailUrl\"  \/><\/div><small class='avia-copyright'>Karen Kj\u00e6rgaard temporarily exhibited in an everyday object.<\/small><\/div><\/div><\/div><div class=\"flex_column av_one_fourth  flex_column_div av-zero-column-padding   avia-builder-el-24  el_after_av_one_half  avia-builder-el-last  \" style='border-radius:0px; '><\/div>\n\n<\/div><\/div><\/div><!-- close content main div --><\/div><\/div><div id='av_section_6'  class='avia-section main_color avia-section-default avia-no-border-styling  avia-bg-style-scroll  avia-builder-el-25  el_after_av_section  el_before_av_section   container_wrap fullsize' style=' '  ><div class='container' ><div class='template-page content  av-content-full alpha units'><div class='post-entry post-entry-type-page post-entry-179131'><div class='entry-content-wrapper clearfix'>\n<div class=\"flex_column av_one_fifth  flex_column_div av-zero-column-padding first  avia-builder-el-26  el_before_av_three_fifth  avia-builder-el-first  \" style='border-radius:0px; '><\/div><div class=\"flex_column av_three_fifth  flex_column_div av-zero-column-padding   avia-builder-el-27  el_after_av_one_fifth  el_before_av_one_fifth  \" style='border-radius:0px; '><section class=\"av_textblock_section \"  itemscope=\"itemscope\" itemtype=\"https:\/\/schema.org\/BlogPosting\" itemprop=\"blogPost\" ><div class='avia_textblock  '   itemprop=\"text\" ><p>She is also given the award based on her long career. A career that began at Aarhus School of Architecture in 1981, at a time when the education was radically different from today.<\/p>\n<p>&#8216;We used to discuss everything, and there was hardly any teaching to speak of. This meant that after one year of studying you were quite frustrated. What was the aim? No one told us. You weren&#8217;t told about the big picture until at the critiques. It was learning by doing, the hard way. If you exposed students to a similar didactic approach today, they would definitely object.&#8217;<\/p>\n<p>Karen was able to find her own way forward. During her third year of studies, she formulated a manifesto that broke with the one-sided focus on the Danish design tradition and pointed towards her final project, which ended up on the cover of Politiken&#8217;s culture section and on television.<\/p>\n<h5>Hot dog stand with neon<\/h5>\n<p>Karen designed a stainless steel hot dog stand with a light blue fibreglass roof and neon all the way around it. A project that was, at the time, unheard of and highly provocative.<\/p>\n<p>&#8216;I was on the &#8220;Furniture and Rooms&#8221; track. Where most students were nice girls who designed cabinets for storing tablecloths and nice furniture for nice homes. This was why people thought engaging with something as popular and common as a hot dog was provocative, unaesthetic, and amounted to taking a step down.&#8217;<\/p>\n<p>The result was a radically different project involving sections, 1:1 drawings, and a model in a 1:5 scale.<\/p>\n<h5>A butterfly at Friis &amp; Moltke<\/h5>\n<p>Karen was an intern at the Friis og Moltke design studio at a time when the old celebrated architects were still part of the design studio&#8217;s everyday life. The students were called butterflies (sommerfugle). It was a time when there was a visible hierarchy but also great opportunities if you were able to seize them.<\/p>\n<p>&#8216;I was placed between Moltke and Rix. Everyone was very outspoken and direct. But there was also much room for big ideas &#8211; in every possible way. Nothing was impossible, and it was a great time of my life that has shaped me professionally. And I created many exhibitions together with Rix. The directness and the brutalist architecture suited my West Jutland temperament.\u2019<\/p>\n<h5>Exhibitions are architecture<\/h5>\n<p>Karen was employed by the studio after graduating in January 1987. But already next year, she moved to Italy, where she lived for two years. It was during the mid-1990s she really began creating exhibitions in her own name. To begin with, they were mostly of a commercial nature, e.g. trade fairs, but later she also arranged them for museums and institutions. Here the curatorial aspect was more important.<\/p>\n<p>&#8216;As a discipline, working with exhibitions is similar to working with architecture. It is all about light, spaces, materials, graphics, tectonics \u2013 and communicating your message. The difference is that you work with the temporary as part of what I call the architecture of the moment&#8217;, says Karen Kj\u00e6rgaard.<\/p>\n<h5>Intuition and a good eye for the art of the possible<\/h5>\n<p>This is how she describes her core task as a curator: understanding the needs of others and supporting a message, regardless whether you are communicating to a wide or narrow audience. The leap to creating exhibitions of a more academic nature, focusing on research and didactics at Aarhus School of Architecture, where she was employed as a curator in 2012, after twenty years of independent practice, was therefore not as big as you might think; the approach and the challenges were the same, even though the content was new.<\/p>\n<p>&#8216;I had no plans of returning to the school, but my work at the school has offered a wealth of professional challenges, and much freedom &#8211; and also many opportunities to cooperate with students and colleagues. All part of my attempts to create a culture around exhibiting. The work of a curator is the result of combining other people&#8217;s work in new ways. This means you need to have a little humility. At the same time, you have to communicate what you exhibit in a way that makes it possible to understand it in new ways. I do this by experimenting and testing without conceiving of an end result in advance. Much of my work therefore also involves intuition and keeping an eye on the art of the possible. And I love working &#8216;on the floor,&#8217; constructing something physical alongside the students.\u2019<\/p>\n<h5>Disguised as mink<\/h5>\n<p>Karen\u2019s pragmatic approach to her work developed further during the 90s when she managed to persuade 12 large companies to produce the furniture she had designed for the solo exhibitions My Private Home Collection and, later, My Private Garden. Furniture that was exhibited at the Danish Design Centre, Trapholt, the Danish Museum of Art and Design, and in Switzerland.<\/p>\n<p>The companies each contributed a product that matched their skills but in a completely different context. This made it possible for her to finance these major and crucial exhibitions; exhibitions that attracted great attention.<\/p>\n<p>&#8216;All the pieces of furniture were comments on my daily life and my roles as an independent architect, assisting wife, and stay-at-home housewife. All the housewife&#8217;s tools were transformed into critical comments: The sweeping tray was transformed into a sweeping tray chair, the broom into a table, the scourer sponge into a bed, and Mother&#8217;s apron was created in white mink fur by Birger Christensen. The sequel, My Private Garden, afforded a critical and humorous look at our strained relationship with nature through Weber grills resembling UFOs and blue garden tents.<\/p>\n<h5>You have to make a living<\/h5>\n<p>Karen&#8217;s work has always been located at the intersection of art, architecture, and design, like when she was co-curator of the exhibition Danish Design At the House, celebrating the 40th anniversary of the Sydney Opera House in 2013. Or when she was the prime mover behind MINDCRAFT, Danish Crafts, and The Ministry of Culture&#8217;s major initiative in Milan, which she curated from 2008 to 2010.<\/p>\n<p>&#8216;The idea of grafting art and design onto architecture has its origins in my time with Friis &amp; Moltke. But in a way, it is part of my DNA: growing up in a commercial environment mixed with a good measure of art and soul. You had to make a living, but music and design were just as important.&#8217;<\/p>\n<h5>Play and seriousness<\/h5>\n<p>When, on 7 September 2023, Karen Kj\u00e6rgaard and her team kick off OPEN, this year&#8217;s architecture festival at Aarhus School of Architecture, she will be following the very same recipe: a strong awareness of the financial framework and a clear vision for the content.<\/p>\n<p>&#8216;It is important that with OPEN, we create a new kind of criticality that we can translate into learning to avoid the programme ending up as a simple transfer of information, pure aesthetics, or irrelevant power points. I want to do more with architecture. At the end of the day, it is, of course, a matter of funding. You have a budget, and you then have to get the most value for that money. There are many things that need to come together. And the result should preferably take us to somewhere new. In this way, my work as a curator is both rewarding and a privilege, and my days are never boring.&#8217;<\/p>\n<h5>Facts<\/h5>\n<ul>\n<li>Karen Kj\u00e6rgaard has created two major solo exhibitions: <em>My Private Home Collection<\/em> (2002) and <em>My Private Garden<\/em> (2005). She has a master&#8217;s in curation from Aarhus University (2021).<\/li>\n<li>You can learn more about her CV and activities by visiting her website.<\/li>\n<li>During the week, Karen Kj\u00e6rgaard lives in Aarhus, but you will often find her at her <a href=\"https:\/\/bobedre.dk\/boliger\/sommerhuse\/det-lille-blaa-sommerhus-ligner-noget-fra-en-droem\">self-built holiday cottage at Odden<\/a>, which, according to the Danish magazine Bo Bedre, looks like something out of a dream.<\/li>\n<\/ul>\n<\/div><\/section><\/div><div class=\"flex_column av_one_fifth  flex_column_div av-zero-column-padding   avia-builder-el-29  el_after_av_three_fifth  avia-builder-el-last  \" style='border-radius:0px; '><\/div><\/div><\/div><\/div><!-- close content main div --><\/div><\/div><div id='av_section_7'  class='avia-section main_color avia-section-default avia-no-border-styling  avia-bg-style-scroll  avia-builder-el-30  el_after_av_section  el_before_av_section   container_wrap fullsize' style=' '  ><div class='container' ><div class='template-page content  av-content-full alpha units'><div class='post-entry post-entry-type-page post-entry-179131'><div class='entry-content-wrapper clearfix'>\n<div class=\"flex_column av_one_full  flex_column_div av-zero-column-padding first  avia-builder-el-31  el_before_av_one_fifth  avia-builder-el-first  \" style='border-radius:0px; '><div   class='hr hr-default   avia-builder-el-32  avia-builder-el-no-sibling '><span class='hr-inner ' ><span class='hr-inner-style'><\/span><\/span><\/div><\/div><div class=\"flex_column av_one_fifth  flex_column_div av-zero-column-padding first  avia-builder-el-33  el_after_av_one_full  el_before_av_three_fifth  column-top-margin\" style='border-radius:0px; '><\/div><div class=\"flex_column av_three_fifth  flex_column_div av-zero-column-padding   avia-builder-el-34  el_after_av_one_fifth  el_before_av_one_fifth  column-top-margin\" style='border-radius:0px; '><div  class='av-social-sharing-box  avia-builder-el-35  avia-builder-el-no-sibling  '><div class='av-share-box'><ul class='av-share-box-list noLightbox'><li class='av-share-link av-social-link-facebook' ><a target=\"_blank\" aria-label=\"Share on Facebook\" href='https:\/\/www.facebook.com\/sharer.php?u=https:\/\/aarch.dk\/en\/haederspris-karen-kjaersgaard-skaber-oejeblikkets-arkitektur\/&#038;t=Honorary%20Award%3A%20Karen%20Kj%C3%A6rgaard%20Is%20Creating%20The%20Architecture%20Of%20The%20Moment' aria-hidden='false' data-av_icon='\ue8f3' data-av_iconfont='entypo-fontello' title='' data-avia-related-tooltip='Share on Facebook' rel=\"noopener\"><span class='avia_hidden_link_text'>Share on Facebook<\/span><\/a><\/li><li class='av-share-link av-social-link-twitter' ><a target=\"_blank\" aria-label=\"Share on Twitter\" href='https:\/\/twitter.com\/share?text=Honorary%20Award%3A%20Karen%20Kj%C3%A6rgaard%20Is%20Creating%20The%20Architecture%20Of%20The%20Moment&#038;url=https:\/\/aarch.dk\/en\/?p=179131' aria-hidden='false' data-av_icon='\ue8f1' data-av_iconfont='entypo-fontello' title='' data-avia-related-tooltip='Share on Twitter' rel=\"noopener\"><span class='avia_hidden_link_text'>Share on Twitter<\/span><\/a><\/li><li class='av-share-link av-social-link-linkedin' ><a target=\"_blank\" aria-label=\"Share on LinkedIn\" href='https:\/\/linkedin.com\/shareArticle?mini=true&#038;title=Honorary%20Award%3A%20Karen%20Kj%C3%A6rgaard%20Is%20Creating%20The%20Architecture%20Of%20The%20Moment&#038;url=https:\/\/aarch.dk\/en\/haederspris-karen-kjaersgaard-skaber-oejeblikkets-arkitektur\/' aria-hidden='false' data-av_icon='\ue8fc' data-av_iconfont='entypo-fontello' title='' data-avia-related-tooltip='Share on LinkedIn' rel=\"noopener\"><span class='avia_hidden_link_text'>Share on LinkedIn<\/span><\/a><\/li><li class='av-share-link av-social-link-mail' ><a  aria-label=\"Share by Mail\" href='mailto:?subject=Honorary%20Award%3A%20Karen%20Kj%C3%A6rgaard%20Is%20Creating%20The%20Architecture%20Of%20The%20Moment&#038;body=https:\/\/aarch.dk\/en\/haederspris-karen-kjaersgaard-skaber-oejeblikkets-arkitektur\/' aria-hidden='false' data-av_icon='\ue805' data-av_iconfont='entypo-fontello' title='' data-avia-related-tooltip='Share by Mail'><span class='avia_hidden_link_text'>Share by Mail<\/span><\/a><\/li><\/ul><\/div><\/div><\/div><div class=\"flex_column av_one_fifth  flex_column_div av-zero-column-padding   avia-builder-el-36  el_after_av_three_fifth  avia-builder-el-last  column-top-margin\" style='border-radius:0px; '><\/div>\n<\/p>\n<\/div><\/div><\/div><!-- close content main div --><\/div><\/div><div id='av_section_8'  class='avia-section main_color avia-section-default avia-no-border-styling  avia-bg-style-scroll  avia-builder-el-37  el_after_av_section  el_before_av_section  section-label  container_wrap fullsize' style=' '  ><div class='container' ><div class='template-page content  av-content-full alpha units'><div class='post-entry post-entry-type-page post-entry-179131'><div class='entry-content-wrapper clearfix'>\n<section class=\"av_textblock_section \"  itemscope=\"itemscope\" itemtype=\"https:\/\/schema.org\/BlogPosting\" itemprop=\"blogPost\" ><div class='avia_textblock  '   itemprop=\"text\" ><p class=\"section-label-text\">Relateret<\/p>\n<\/div><\/section>\n\n<\/div><\/div><\/div><!-- close content main div --><\/div><\/div><div id='av_section_9'  class='avia-section main_color avia-section-huge avia-no-border-styling  avia-bg-style-scroll  avia-builder-el-39  el_after_av_section  el_before_av_layout_row  content-padding-bottom-0  container_wrap fullsize' style='background-color: #1b47a9;  '  ><div class='container' ><div class='template-page content  av-content-full alpha units'><div class='post-entry post-entry-type-page post-entry-179131'><div class='entry-content-wrapper clearfix'>\n<div class='flex_column_table av-equal-height-column-flextable -flextable' ><div class=\"flex_column av_three_fifth  flex_column_table_cell av-equal-height-column av-align-bottom av-zero-column-padding first  avia-builder-el-40  el_before_av_one_fifth  avia-builder-el-first  \" style='border-radius:0px; '><section class=\"av_textblock_section \"  itemscope=\"itemscope\" itemtype=\"https:\/\/schema.org\/BlogPosting\" itemprop=\"blogPost\" ><div class='avia_textblock  '   itemprop=\"text\" ><p class=\"font-size-xsmall margin-bottom-30 color-00\"><strong class=\"color-00\">M\u00c5SKE ER DU OGS\u00c5 INTERESSERET I DETTE<\/strong><\/p>\n<h3 class=\"font-size-large margin-bottom-0 color-00\">RELATERET INDHOLD<\/h3>\n<\/div><\/section><\/div><div class='av-flex-placeholder'><\/div><div class=\"flex_column av_one_fifth  flex_column_table_cell av-equal-height-column av-align-bottom av-zero-column-padding   avia-builder-el-42  el_after_av_three_fifth  el_before_av_one_fifth  \" style='border-radius:0px; '><\/div><div class='av-flex-placeholder'><\/div><div class=\"flex_column av_one_fifth  flex_column_table_cell av-equal-height-column av-align-bottom av-zero-column-padding   avia-builder-el-43  el_after_av_one_fifth  avia-builder-el-last  \" style='border-radius:0px; '><section class=\"av_textblock_section \"  itemscope=\"itemscope\" itemtype=\"https:\/\/schema.org\/BlogPosting\" itemprop=\"blogPost\" ><div class='avia_textblock  '   itemprop=\"text\" ><p class=\"linkArrow color-white margin-bottom-0\"><a href=\"https:\/\/aarch.dk\/nyheder\/\">Se alle nyheder<\/a><\/p>\n<\/div><\/section><\/div><\/div><!--close column table wrapper. Autoclose: 1 -->\n\n<\/div><\/div><\/div><!-- close content main div --><\/div><\/div><div id='av-layout-grid-1'  class='av-layout-grid-container entry-content-wrapper main_color av-flex-cells     avia-builder-el-45  el_after_av_section  avia-builder-el-last  content-padding-top-0 submenu-not-first container_wrap fullsize' style=' '  >\n<div class=\"flex_cell no_margin av_one_full  avia-builder-el-46  avia-builder-el-no-sibling  grid-cell-top-50 grid-cell-bottom-150 grid-cell-left-80 grid-cell-right-80  av-zero-padding \"  style='background: #1b47a9; vertical-align:top; padding:0px; background-color:#1b47a9; ' ><div class='flex_cell_inner' ><div class=\"flex_column av_one_full  flex_column_div av-zero-column-padding first  avia-builder-el-47  avia-builder-el-no-sibling  \" style='border-radius:0px; '><div  data-autoplay=''  data-interval='5'  data-animation='fade'  data-show_slide_delay='90'  class='avia-content-slider avia-content-slider-active avia-content-slider1 avia-content-slider-even  avia-builder-el-48  avia-builder-el-no-sibling  '  itemscope=\"itemscope\" itemtype=\"https:\/\/schema.org\/Blog\" ><div class='avia-content-slider-inner'><div class='slide-entry-wrap'><article class='slide-entry flex_column  post-entry post-entry-259685 type-post slide-entry-overview slide-loop-1 slide-parity-odd  av_one_fourth first real-thumbnail'  itemscope=\"itemscope\" itemtype=\"https:\/\/schema.org\/BlogPosting\" itemprop=\"blogPost\" ><a href='https:\/\/aarch.dk\/en\/arkitekturbiennalen-workswords-kommer-til-aarhus\/' data-rel='slide-1' class='slide-image' title=''><img loading=\"lazy\" decoding=\"async\" width=\"400\" height=\"453\" src=\"https:\/\/aarch.dk\/wp-content\/uploads\/2018\/10\/ep7-nat-13-400x453.jpg\" class=\"attachment-slider-carousel-image-large size-slider-carousel-image-large wp-post-image\" alt=\"Aarhus School of Architecture at Exners Plads 7\" srcset=\"https:\/\/aarch.dk\/wp-content\/uploads\/2018\/10\/ep7-nat-13-400x453.jpg 400w, https:\/\/aarch.dk\/wp-content\/uploads\/2018\/10\/ep7-nat-13-375x425.jpg 375w\" sizes=\"auto, (max-width: 400px) 100vw, 400px\" \/><\/a><div class='slide-content'><header class=\"entry-content-header\"><span class=\"blog-date minor-meta\">17.02.2026<\/span><h3 class='slide-entry-title entry-title'  itemprop=\"headline\" ><a href='https:\/\/aarch.dk\/en\/arkitekturbiennalen-workswords-kommer-til-aarhus\/' title='The Architecture Bienniale WORKS+WORDS comes to Aarhus'>The Architecture Bienniale WORKS+WORDS comes to Aarhus<\/a><\/h3><span class=\"av-vertical-delimiter\"><\/span><\/header><div class='slide-meta'><div class='slide-meta-comments'><a href='https:\/\/aarch.dk\/en\/arkitekturbiennalen-workswords-kommer-til-aarhus\/#respond'>0 Comments<\/a><\/div><div class='slide-meta-del'>\/<\/div><time class='slide-meta-time updated'  itemprop=\"datePublished\" datetime=\"2026-02-17T09:36:54+01:00\" >17.02.2026<\/time><\/div><div class='slide-entry-excerpt entry-content'  itemprop=\"text\" >\r\n\r\n\r\n\r\n\r\n\r\n\r\n\r\n<\/div><\/div><footer class=\"entry-footer\"><\/footer><span class='hidden'>\n\t\t\t\t<span class='av-structured-data'  itemprop=\"image\" itemscope=\"itemscope\" itemtype=\"https:\/\/schema.org\/ImageObject\" >\n\t\t\t\t\t\t<span itemprop='url'>https:\/\/aarch.dk\/wp-content\/uploads\/2018\/10\/ep7-nat-13-scaled.jpg<\/span>\n\t\t\t\t\t\t<span itemprop='height'>1917<\/span>\n\t\t\t\t\t\t<span itemprop='width'>2560<\/span>\n\t\t\t\t<\/span>\n\t\t\t\t<span class='av-structured-data'  itemprop=\"publisher\" itemtype=\"https:\/\/schema.org\/Organization\" itemscope=\"itemscope\" >\n\t\t\t\t\t\t<span itemprop='name'>Niels Rysz<\/span>\n\t\t\t\t\t\t<span itemprop='logo' itemscope itemtype='https:\/\/schema.org\/ImageObject'>\n\t\t\t\t\t\t\t<span itemprop='url'>https:\/\/s3-eu-central-1.amazonaws.com\/aarchdk\/wp-content\/uploads\/2019\/02\/03164631\/aarch-logo-dark.svg<\/span>\n\t\t\t\t\t\t <\/span>\n\t\t\t\t<\/span><span class='av-structured-data'  itemprop=\"author\" itemscope=\"itemscope\" itemtype=\"https:\/\/schema.org\/Person\" ><span itemprop='name'>Niels Rysz<\/span><\/span><span class='av-structured-data'  itemprop=\"datePublished\" datetime=\"2025-11-10T10:00:43+01:00\" >2026-02-17 09:36:54<\/span><span class='av-structured-data'  itemprop=\"dateModified\" itemtype=\"https:\/\/schema.org\/dateModified\" >2026-02-17 11:15:21<\/span><span class='av-structured-data'  itemprop=\"mainEntityOfPage\" itemtype=\"https:\/\/schema.org\/mainEntityOfPage\" ><span itemprop='name'>The Architecture Bienniale WORKS+WORDS comes to Aarhus<\/span><\/span><\/span><\/article><article class='slide-entry flex_column  post-entry post-entry-257557 type-post slide-entry-overview slide-loop-2 slide-parity-even  av_one_fourth  real-thumbnail'  itemscope=\"itemscope\" itemtype=\"https:\/\/schema.org\/BlogPosting\" itemprop=\"blogPost\" ><a href='https:\/\/aarch.dk\/en\/nyt-forskernetvaerk-vil-undersoege-vedligehold-i-almene-boligbyggerier\/' data-rel='slide-1' class='slide-image' title=''><img loading=\"lazy\" decoding=\"async\" width=\"400\" height=\"453\" src=\"https:\/\/aarch.dk\/wp-content\/uploads\/2025\/12\/25_eu-repairs-6_A_sGRH-kopi-400x453.jpeg\" class=\"attachment-slider-carousel-image-large size-slider-carousel-image-large wp-post-image\" alt=\"Forskernetv\u00e6rket har allerede v\u00e6ret p\u00e5 bes\u00f8g i nogle af boligomr\u00e5derne. Foto: Carolina Dayer.\" srcset=\"https:\/\/aarch.dk\/wp-content\/uploads\/2025\/12\/25_eu-repairs-6_A_sGRH-kopi-400x453.jpeg 400w, https:\/\/aarch.dk\/wp-content\/uploads\/2025\/12\/25_eu-repairs-6_A_sGRH-kopi-375x425.jpeg 375w\" sizes=\"auto, (max-width: 400px) 100vw, 400px\" \/><\/a><div class='slide-content'><header class=\"entry-content-header\"><span class=\"blog-date minor-meta\">05.12.2025<\/span><h3 class='slide-entry-title entry-title'  itemprop=\"headline\" ><a href='https:\/\/aarch.dk\/en\/nyt-forskernetvaerk-vil-undersoege-vedligehold-i-almene-boligbyggerier\/' title='New Research Network to Explore Cultures of Maintenance in Social Housing'>New Research Network to Explore Cultures of Maintenance in Social Housing<\/a><\/h3><span class=\"av-vertical-delimiter\"><\/span><\/header><div class='slide-meta'><div class='slide-meta-comments'><a href='https:\/\/aarch.dk\/en\/nyt-forskernetvaerk-vil-undersoege-vedligehold-i-almene-boligbyggerier\/#respond'>0 Comments<\/a><\/div><div class='slide-meta-del'>\/<\/div><time class='slide-meta-time updated'  itemprop=\"datePublished\" datetime=\"2025-12-05T11:20:03+01:00\" >05.12.2025<\/time><\/div><div class='slide-entry-excerpt entry-content'  itemprop=\"text\" >\r\n\r\n\r\n\r\n\r\n\r\n\r\n\r\n<\/div><\/div><footer class=\"entry-footer\"><\/footer><span class='hidden'>\n\t\t\t\t<span class='av-structured-data'  itemprop=\"image\" itemscope=\"itemscope\" itemtype=\"https:\/\/schema.org\/ImageObject\" >\n\t\t\t\t\t\t<span itemprop='url'>https:\/\/aarch.dk\/wp-content\/uploads\/2025\/12\/25_eu-repairs-6_A_sGRH-kopi.jpeg<\/span>\n\t\t\t\t\t\t<span itemprop='height'>742<\/span>\n\t\t\t\t\t\t<span itemprop='width'>1200<\/span>\n\t\t\t\t<\/span>\n\t\t\t\t<span class='av-structured-data'  itemprop=\"publisher\" itemtype=\"https:\/\/schema.org\/Organization\" itemscope=\"itemscope\" >\n\t\t\t\t\t\t<span itemprop='name'>Niels Rysz<\/span>\n\t\t\t\t\t\t<span itemprop='logo' itemscope itemtype='https:\/\/schema.org\/ImageObject'>\n\t\t\t\t\t\t\t<span itemprop='url'>https:\/\/s3-eu-central-1.amazonaws.com\/aarchdk\/wp-content\/uploads\/2019\/02\/03164631\/aarch-logo-dark.svg<\/span>\n\t\t\t\t\t\t <\/span>\n\t\t\t\t<\/span><span class='av-structured-data'  itemprop=\"author\" itemscope=\"itemscope\" itemtype=\"https:\/\/schema.org\/Person\" ><span itemprop='name'>Niels Rysz<\/span><\/span><span class='av-structured-data'  itemprop=\"datePublished\" datetime=\"2025-11-10T10:00:43+01:00\" >2025-12-05 11:20:03<\/span><span class='av-structured-data'  itemprop=\"dateModified\" itemtype=\"https:\/\/schema.org\/dateModified\" >2025-12-05 11:20:04<\/span><span class='av-structured-data'  itemprop=\"mainEntityOfPage\" itemtype=\"https:\/\/schema.org\/mainEntityOfPage\" ><span itemprop='name'>New Research Network to Explore Cultures of Maintenance in Social Housing<\/span><\/span><\/span><\/article><article class='slide-entry flex_column  post-entry post-entry-256735 type-post slide-entry-overview slide-loop-3 slide-parity-odd  av_one_fourth  real-thumbnail'  itemscope=\"itemscope\" itemtype=\"https:\/\/schema.org\/BlogPosting\" itemprop=\"blogPost\" ><a href='https:\/\/aarch.dk\/en\/aarhus-school-of-architecture-turns-60\/' data-rel='slide-1' class='slide-image' title=''><img loading=\"lazy\" decoding=\"async\" width=\"400\" height=\"453\" src=\"https:\/\/aarch.dk\/wp-content\/uploads\/2022\/08\/Exners_lowres-400x453.jpg\" class=\"attachment-slider-carousel-image-large size-slider-carousel-image-large wp-post-image\" alt=\"Nyt netv\u00e6rk for v\u00e6ksttegnestuer\" srcset=\"https:\/\/aarch.dk\/wp-content\/uploads\/2022\/08\/Exners_lowres-400x453.jpg 400w, https:\/\/aarch.dk\/wp-content\/uploads\/2022\/08\/Exners_lowres-375x425.jpg 375w\" sizes=\"auto, (max-width: 400px) 100vw, 400px\" \/><\/a><div class='slide-content'><header class=\"entry-content-header\"><span class=\"blog-date minor-meta\">11.11.2025<\/span><h3 class='slide-entry-title entry-title'  itemprop=\"headline\" ><a href='https:\/\/aarch.dk\/en\/aarhus-school-of-architecture-turns-60\/' title='Aarhus School of Architecture turns 60'>Aarhus School of Architecture turns 60<\/a><\/h3><span class=\"av-vertical-delimiter\"><\/span><\/header><div class='slide-meta'><div class='slide-meta-comments'><a href='https:\/\/aarch.dk\/en\/aarhus-school-of-architecture-turns-60\/#respond'>0 Comments<\/a><\/div><div class='slide-meta-del'>\/<\/div><time class='slide-meta-time updated'  itemprop=\"datePublished\" datetime=\"2025-11-11T10:00:13+01:00\" >11.11.2025<\/time><\/div><div class='slide-entry-excerpt entry-content'  itemprop=\"text\" >\r\n\r\n\r\n\r\n\r\n\r\n\r\n\r\n\r\n\r\n\r\n\r\n<\/div><\/div><footer class=\"entry-footer\"><\/footer><span class='hidden'>\n\t\t\t\t<span class='av-structured-data'  itemprop=\"image\" itemscope=\"itemscope\" itemtype=\"https:\/\/schema.org\/ImageObject\" >\n\t\t\t\t\t\t<span itemprop='url'>https:\/\/aarch.dk\/wp-content\/uploads\/2022\/08\/Exners_lowres.jpg<\/span>\n\t\t\t\t\t\t<span itemprop='height'>683<\/span>\n\t\t\t\t\t\t<span itemprop='width'>1024<\/span>\n\t\t\t\t<\/span>\n\t\t\t\t<span class='av-structured-data'  itemprop=\"publisher\" itemtype=\"https:\/\/schema.org\/Organization\" itemscope=\"itemscope\" >\n\t\t\t\t\t\t<span itemprop='name'>Trine Steffenauer<\/span>\n\t\t\t\t\t\t<span itemprop='logo' itemscope itemtype='https:\/\/schema.org\/ImageObject'>\n\t\t\t\t\t\t\t<span itemprop='url'>https:\/\/s3-eu-central-1.amazonaws.com\/aarchdk\/wp-content\/uploads\/2019\/02\/03164631\/aarch-logo-dark.svg<\/span>\n\t\t\t\t\t\t <\/span>\n\t\t\t\t<\/span><span class='av-structured-data'  itemprop=\"author\" itemscope=\"itemscope\" itemtype=\"https:\/\/schema.org\/Person\" ><span itemprop='name'>Trine Steffenauer<\/span><\/span><span class='av-structured-data'  itemprop=\"datePublished\" datetime=\"2025-11-10T10:00:43+01:00\" >2025-11-11 10:00:13<\/span><span class='av-structured-data'  itemprop=\"dateModified\" itemtype=\"https:\/\/schema.org\/dateModified\" >2025-11-11 10:41:30<\/span><span class='av-structured-data'  itemprop=\"mainEntityOfPage\" itemtype=\"https:\/\/schema.org\/mainEntityOfPage\" ><span itemprop='name'>Aarhus School of Architecture turns 60<\/span><\/span><\/span><\/article><article class='slide-entry flex_column  post-entry post-entry-256942 type-post slide-entry-overview slide-loop-4 slide-parity-even  post-entry-last  av_one_fourth  real-thumbnail'  itemscope=\"itemscope\" itemtype=\"https:\/\/schema.org\/BlogPosting\" itemprop=\"blogPost\" ><a href='https:\/\/aarch.dk\/en\/stor-forskningsbevilling-til-undersoegelse-af-dansk-restaureringskunst\/' data-rel='slide-1' class='slide-image' title=''><img loading=\"lazy\" decoding=\"async\" width=\"400\" height=\"453\" src=\"https:\/\/aarch.dk\/wp-content\/uploads\/2025\/10\/Anders-Sune-Berg-Badeanstalt-01-400x453.jpg\" class=\"attachment-slider-carousel-image-large size-slider-carousel-image-large wp-post-image\" alt=\"Badeanstalten Aarhus\" srcset=\"https:\/\/aarch.dk\/wp-content\/uploads\/2025\/10\/Anders-Sune-Berg-Badeanstalt-01-400x453.jpg 400w, https:\/\/aarch.dk\/wp-content\/uploads\/2025\/10\/Anders-Sune-Berg-Badeanstalt-01-375x425.jpg 375w\" sizes=\"auto, (max-width: 400px) 100vw, 400px\" \/><\/a><div class='slide-content'><header class=\"entry-content-header\"><span class=\"blog-date minor-meta\">10.11.2025<\/span><h3 class='slide-entry-title entry-title'  itemprop=\"headline\" ><a href='https:\/\/aarch.dk\/en\/stor-forskningsbevilling-til-undersoegelse-af-dansk-restaureringskunst\/' title='Stor forskningsbevilling til historisk unders\u00f8gelse af dansk restaureringskunst'>Stor forskningsbevilling til historisk unders\u00f8gelse af dansk restaureringskunst<\/a><\/h3><span class=\"av-vertical-delimiter\"><\/span><\/header><div class='slide-meta'><div class='slide-meta-comments'><a href='https:\/\/aarch.dk\/en\/stor-forskningsbevilling-til-undersoegelse-af-dansk-restaureringskunst\/#respond'>0 Comments<\/a><\/div><div class='slide-meta-del'>\/<\/div><time class='slide-meta-time updated'  itemprop=\"datePublished\" datetime=\"2025-11-10T10:00:43+01:00\" >10.11.2025<\/time><\/div><div class='slide-entry-excerpt entry-content'  itemprop=\"text\" >\r\n\r\n\r\n\r\n\r\n\r\n\r\n\r\n\r\n\r\n<\/div><\/div><footer class=\"entry-footer\"><\/footer><span class='hidden'>\n\t\t\t\t<span class='av-structured-data'  itemprop=\"image\" itemscope=\"itemscope\" itemtype=\"https:\/\/schema.org\/ImageObject\" >\n\t\t\t\t\t\t<span itemprop='url'>https:\/\/aarch.dk\/wp-content\/uploads\/2025\/10\/Anders-Sune-Berg-Badeanstalt-01.jpg<\/span>\n\t\t\t\t\t\t<span itemprop='height'>1060<\/span>\n\t\t\t\t\t\t<span itemprop='width'>833<\/span>\n\t\t\t\t<\/span>\n\t\t\t\t<span class='av-structured-data'  itemprop=\"publisher\" itemtype=\"https:\/\/schema.org\/Organization\" itemscope=\"itemscope\" >\n\t\t\t\t\t\t<span itemprop='name'>Trine Steffenauer<\/span>\n\t\t\t\t\t\t<span itemprop='logo' itemscope itemtype='https:\/\/schema.org\/ImageObject'>\n\t\t\t\t\t\t\t<span itemprop='url'>https:\/\/s3-eu-central-1.amazonaws.com\/aarchdk\/wp-content\/uploads\/2019\/02\/03164631\/aarch-logo-dark.svg<\/span>\n\t\t\t\t\t\t <\/span>\n\t\t\t\t<\/span><span class='av-structured-data'  itemprop=\"author\" itemscope=\"itemscope\" itemtype=\"https:\/\/schema.org\/Person\" ><span itemprop='name'>Trine Steffenauer<\/span><\/span><span class='av-structured-data'  itemprop=\"datePublished\" datetime=\"2025-11-10T10:00:43+01:00\" >2025-11-10 10:00:43<\/span><span class='av-structured-data'  itemprop=\"dateModified\" itemtype=\"https:\/\/schema.org\/dateModified\" >2025-11-14 08:21:25<\/span><span class='av-structured-data'  itemprop=\"mainEntityOfPage\" itemtype=\"https:\/\/schema.org\/mainEntityOfPage\" ><span itemprop='name'>Stor forskningsbevilling til historisk unders\u00f8gelse af dansk restaureringskunst<\/span><\/span><\/span><\/article><\/div><\/div><\/div><\/div>\n<\/div><\/div>\n<\/div>\n","protected":false},"excerpt":{"rendered":"","protected":false},"author":37,"featured_media":178678,"comment_status":"open","ping_status":"closed","sticky":false,"template":"","format":"standard","meta":{"_acf_changed":false,"footnotes":""},"categories":[392],"tags":[857,620],"class_list":["post-179131","post","type-post","status-publish","format-standard","has-post-thumbnail","hentry","category-news","tag-forside-nyhed-en","tag-frontpage-news"],"yoast_head":"<!-- This site is optimized with the Yoast SEO plugin v27.2 - https:\/\/yoast.com\/product\/yoast-seo-wordpress\/ -->\n<title>Honorary Award: Karen Kj\u00e6rgaard Is Creating The Architecture Of The Moment - Aarhus School of Architecture<\/title>\n<meta name=\"robots\" content=\"index, follow, max-snippet:-1, max-image-preview:large, max-video-preview:-1\" \/>\n<link rel=\"canonical\" href=\"https:\/\/aarch.dk\/en\/haederspris-karen-kjaersgaard-skaber-oejeblikkets-arkitektur\/\" \/>\n<meta property=\"og:locale\" content=\"en_US\" \/>\n<meta property=\"og:type\" content=\"article\" \/>\n<meta property=\"og:title\" content=\"Honorary Award: Karen Kj\u00e6rgaard Is Creating The Architecture Of The Moment - Aarhus School of Architecture\" \/>\n<meta property=\"og:url\" content=\"https:\/\/aarch.dk\/en\/haederspris-karen-kjaersgaard-skaber-oejeblikkets-arkitektur\/\" \/>\n<meta property=\"og:site_name\" content=\"Aarhus School of Architecture\" \/>\n<meta property=\"article:published_time\" content=\"2023-04-26T12:24:52+00:00\" \/>\n<meta property=\"article:modified_time\" content=\"2024-11-18T11:52:55+00:00\" \/>\n<meta property=\"og:image\" content=\"https:\/\/aarch.dk\/wp-content\/uploads\/2023\/04\/KAREN-K-3-kopi.jpg\" \/>\n\t<meta property=\"og:image:width\" content=\"1200\" \/>\n\t<meta property=\"og:image:height\" content=\"800\" \/>\n\t<meta property=\"og:image:type\" content=\"image\/jpeg\" \/>\n<meta name=\"author\" content=\"Niels Rysz\" \/>\n<meta name=\"twitter:card\" content=\"summary_large_image\" \/>\n<meta name=\"twitter:label1\" content=\"Written by\" \/>\n\t<meta name=\"twitter:data1\" content=\"Niels Rysz\" \/>\n\t<meta name=\"twitter:label2\" content=\"Est. reading time\" \/>\n\t<meta name=\"twitter:data2\" content=\"17 minutes\" \/>\n<script type=\"application\/ld+json\" class=\"yoast-schema-graph\">{\"@context\":\"https:\/\/schema.org\",\"@graph\":[{\"@type\":\"Article\",\"@id\":\"https:\/\/aarch.dk\/en\/haederspris-karen-kjaersgaard-skaber-oejeblikkets-arkitektur\/#article\",\"isPartOf\":{\"@id\":\"https:\/\/aarch.dk\/en\/haederspris-karen-kjaersgaard-skaber-oejeblikkets-arkitektur\/\"},\"author\":{\"name\":\"Niels Rysz\",\"@id\":\"https:\/\/aarch.dk\/#\/schema\/person\/077ebb8cf42358d32800bc4d7919c79f\"},\"headline\":\"Honorary Award: Karen Kj\u00e6rgaard Is Creating The Architecture Of The Moment\",\"datePublished\":\"2023-04-26T12:24:52+00:00\",\"dateModified\":\"2024-11-18T11:52:55+00:00\",\"mainEntityOfPage\":{\"@id\":\"https:\/\/aarch.dk\/en\/haederspris-karen-kjaersgaard-skaber-oejeblikkets-arkitektur\/\"},\"wordCount\":5313,\"commentCount\":0,\"image\":{\"@id\":\"https:\/\/aarch.dk\/en\/haederspris-karen-kjaersgaard-skaber-oejeblikkets-arkitektur\/#primaryimage\"},\"thumbnailUrl\":\"https:\/\/aarch.dk\/wp-content\/uploads\/2023\/04\/KAREN-K-3-kopi.jpg\",\"keywords\":[\"Forside-nyhed\",\"Frontpage-news\"],\"articleSection\":[\"News\"],\"inLanguage\":\"en-US\",\"potentialAction\":[{\"@type\":\"CommentAction\",\"name\":\"Comment\",\"target\":[\"https:\/\/aarch.dk\/en\/haederspris-karen-kjaersgaard-skaber-oejeblikkets-arkitektur\/#respond\"]}]},{\"@type\":\"WebPage\",\"@id\":\"https:\/\/aarch.dk\/en\/haederspris-karen-kjaersgaard-skaber-oejeblikkets-arkitektur\/\",\"url\":\"https:\/\/aarch.dk\/en\/haederspris-karen-kjaersgaard-skaber-oejeblikkets-arkitektur\/\",\"name\":\"Honorary Award: Karen Kj\u00e6rgaard Is Creating The Architecture Of The Moment - Aarhus School of Architecture\",\"isPartOf\":{\"@id\":\"https:\/\/aarch.dk\/#website\"},\"primaryImageOfPage\":{\"@id\":\"https:\/\/aarch.dk\/en\/haederspris-karen-kjaersgaard-skaber-oejeblikkets-arkitektur\/#primaryimage\"},\"image\":{\"@id\":\"https:\/\/aarch.dk\/en\/haederspris-karen-kjaersgaard-skaber-oejeblikkets-arkitektur\/#primaryimage\"},\"thumbnailUrl\":\"https:\/\/aarch.dk\/wp-content\/uploads\/2023\/04\/KAREN-K-3-kopi.jpg\",\"datePublished\":\"2023-04-26T12:24:52+00:00\",\"dateModified\":\"2024-11-18T11:52:55+00:00\",\"author\":{\"@id\":\"https:\/\/aarch.dk\/#\/schema\/person\/077ebb8cf42358d32800bc4d7919c79f\"},\"breadcrumb\":{\"@id\":\"https:\/\/aarch.dk\/en\/haederspris-karen-kjaersgaard-skaber-oejeblikkets-arkitektur\/#breadcrumb\"},\"inLanguage\":\"en-US\",\"potentialAction\":[{\"@type\":\"ReadAction\",\"target\":[\"https:\/\/aarch.dk\/en\/haederspris-karen-kjaersgaard-skaber-oejeblikkets-arkitektur\/\"]}]},{\"@type\":\"ImageObject\",\"inLanguage\":\"en-US\",\"@id\":\"https:\/\/aarch.dk\/en\/haederspris-karen-kjaersgaard-skaber-oejeblikkets-arkitektur\/#primaryimage\",\"url\":\"https:\/\/aarch.dk\/wp-content\/uploads\/2023\/04\/KAREN-K-3-kopi.jpg\",\"contentUrl\":\"https:\/\/aarch.dk\/wp-content\/uploads\/2023\/04\/KAREN-K-3-kopi.jpg\",\"width\":1200,\"height\":800,\"caption\":\"Karen Kj\u00e6rgaard in front of Aarhus School of Architecture and ONSITE Gallery. She is going to receive Nykredit's Honorary Award on 8 May 2023.\"},{\"@type\":\"BreadcrumbList\",\"@id\":\"https:\/\/aarch.dk\/en\/haederspris-karen-kjaersgaard-skaber-oejeblikkets-arkitektur\/#breadcrumb\",\"itemListElement\":[{\"@type\":\"ListItem\",\"position\":1,\"name\":\"Home\",\"item\":\"https:\/\/aarch.dk\/en\/\"},{\"@type\":\"ListItem\",\"position\":2,\"name\":\"Forside-nyhed\",\"item\":\"https:\/\/aarch.dk\/en\/tag\/forside-nyhed-en\/\"},{\"@type\":\"ListItem\",\"position\":3,\"name\":\"Honorary Award: Karen Kj\u00e6rgaard Is Creating The Architecture Of The Moment\"}]},{\"@type\":\"WebSite\",\"@id\":\"https:\/\/aarch.dk\/#website\",\"url\":\"https:\/\/aarch.dk\/\",\"name\":\"Aarhus School of Architecture\",\"description\":\"\",\"potentialAction\":[{\"@type\":\"SearchAction\",\"target\":{\"@type\":\"EntryPoint\",\"urlTemplate\":\"https:\/\/aarch.dk\/?s={search_term_string}\"},\"query-input\":{\"@type\":\"PropertyValueSpecification\",\"valueRequired\":true,\"valueName\":\"search_term_string\"}}],\"inLanguage\":\"en-US\"},{\"@type\":\"Person\",\"@id\":\"https:\/\/aarch.dk\/#\/schema\/person\/077ebb8cf42358d32800bc4d7919c79f\",\"name\":\"Niels Rysz\",\"image\":{\"@type\":\"ImageObject\",\"inLanguage\":\"en-US\",\"@id\":\"https:\/\/secure.gravatar.com\/avatar\/e7ba6b2047544aae0f42adc61e9f2f95434d1006819dcef79822bd55eef9181a?s=96&d=mm&r=g\",\"url\":\"https:\/\/secure.gravatar.com\/avatar\/e7ba6b2047544aae0f42adc61e9f2f95434d1006819dcef79822bd55eef9181a?s=96&d=mm&r=g\",\"contentUrl\":\"https:\/\/secure.gravatar.com\/avatar\/e7ba6b2047544aae0f42adc61e9f2f95434d1006819dcef79822bd55eef9181a?s=96&d=mm&r=g\",\"caption\":\"Niels Rysz\"}}]}<\/script>\n<!-- \/ Yoast SEO plugin. -->","yoast_head_json":{"title":"Honorary Award: Karen Kj\u00e6rgaard Is Creating The Architecture Of The Moment - Aarhus School of Architecture","robots":{"index":"index","follow":"follow","max-snippet":"max-snippet:-1","max-image-preview":"max-image-preview:large","max-video-preview":"max-video-preview:-1"},"canonical":"https:\/\/aarch.dk\/en\/haederspris-karen-kjaersgaard-skaber-oejeblikkets-arkitektur\/","og_locale":"en_US","og_type":"article","og_title":"Honorary Award: Karen Kj\u00e6rgaard Is Creating The Architecture Of The Moment - Aarhus School of Architecture","og_url":"https:\/\/aarch.dk\/en\/haederspris-karen-kjaersgaard-skaber-oejeblikkets-arkitektur\/","og_site_name":"Aarhus School of Architecture","article_published_time":"2023-04-26T12:24:52+00:00","article_modified_time":"2024-11-18T11:52:55+00:00","og_image":[{"width":1200,"height":800,"url":"https:\/\/aarch.dk\/wp-content\/uploads\/2023\/04\/KAREN-K-3-kopi.jpg","type":"image\/jpeg"}],"author":"Niels Rysz","twitter_card":"summary_large_image","twitter_misc":{"Written by":"Niels Rysz","Est. reading time":"17 minutes"},"schema":{"@context":"https:\/\/schema.org","@graph":[{"@type":"Article","@id":"https:\/\/aarch.dk\/en\/haederspris-karen-kjaersgaard-skaber-oejeblikkets-arkitektur\/#article","isPartOf":{"@id":"https:\/\/aarch.dk\/en\/haederspris-karen-kjaersgaard-skaber-oejeblikkets-arkitektur\/"},"author":{"name":"Niels Rysz","@id":"https:\/\/aarch.dk\/#\/schema\/person\/077ebb8cf42358d32800bc4d7919c79f"},"headline":"Honorary Award: Karen Kj\u00e6rgaard Is Creating The Architecture Of The Moment","datePublished":"2023-04-26T12:24:52+00:00","dateModified":"2024-11-18T11:52:55+00:00","mainEntityOfPage":{"@id":"https:\/\/aarch.dk\/en\/haederspris-karen-kjaersgaard-skaber-oejeblikkets-arkitektur\/"},"wordCount":5313,"commentCount":0,"image":{"@id":"https:\/\/aarch.dk\/en\/haederspris-karen-kjaersgaard-skaber-oejeblikkets-arkitektur\/#primaryimage"},"thumbnailUrl":"https:\/\/aarch.dk\/wp-content\/uploads\/2023\/04\/KAREN-K-3-kopi.jpg","keywords":["Forside-nyhed","Frontpage-news"],"articleSection":["News"],"inLanguage":"en-US","potentialAction":[{"@type":"CommentAction","name":"Comment","target":["https:\/\/aarch.dk\/en\/haederspris-karen-kjaersgaard-skaber-oejeblikkets-arkitektur\/#respond"]}]},{"@type":"WebPage","@id":"https:\/\/aarch.dk\/en\/haederspris-karen-kjaersgaard-skaber-oejeblikkets-arkitektur\/","url":"https:\/\/aarch.dk\/en\/haederspris-karen-kjaersgaard-skaber-oejeblikkets-arkitektur\/","name":"Honorary Award: Karen Kj\u00e6rgaard Is Creating The Architecture Of The Moment - Aarhus School of Architecture","isPartOf":{"@id":"https:\/\/aarch.dk\/#website"},"primaryImageOfPage":{"@id":"https:\/\/aarch.dk\/en\/haederspris-karen-kjaersgaard-skaber-oejeblikkets-arkitektur\/#primaryimage"},"image":{"@id":"https:\/\/aarch.dk\/en\/haederspris-karen-kjaersgaard-skaber-oejeblikkets-arkitektur\/#primaryimage"},"thumbnailUrl":"https:\/\/aarch.dk\/wp-content\/uploads\/2023\/04\/KAREN-K-3-kopi.jpg","datePublished":"2023-04-26T12:24:52+00:00","dateModified":"2024-11-18T11:52:55+00:00","author":{"@id":"https:\/\/aarch.dk\/#\/schema\/person\/077ebb8cf42358d32800bc4d7919c79f"},"breadcrumb":{"@id":"https:\/\/aarch.dk\/en\/haederspris-karen-kjaersgaard-skaber-oejeblikkets-arkitektur\/#breadcrumb"},"inLanguage":"en-US","potentialAction":[{"@type":"ReadAction","target":["https:\/\/aarch.dk\/en\/haederspris-karen-kjaersgaard-skaber-oejeblikkets-arkitektur\/"]}]},{"@type":"ImageObject","inLanguage":"en-US","@id":"https:\/\/aarch.dk\/en\/haederspris-karen-kjaersgaard-skaber-oejeblikkets-arkitektur\/#primaryimage","url":"https:\/\/aarch.dk\/wp-content\/uploads\/2023\/04\/KAREN-K-3-kopi.jpg","contentUrl":"https:\/\/aarch.dk\/wp-content\/uploads\/2023\/04\/KAREN-K-3-kopi.jpg","width":1200,"height":800,"caption":"Karen Kj\u00e6rgaard in front of Aarhus School of Architecture and ONSITE Gallery. She is going to receive Nykredit's Honorary Award on 8 May 2023."},{"@type":"BreadcrumbList","@id":"https:\/\/aarch.dk\/en\/haederspris-karen-kjaersgaard-skaber-oejeblikkets-arkitektur\/#breadcrumb","itemListElement":[{"@type":"ListItem","position":1,"name":"Home","item":"https:\/\/aarch.dk\/en\/"},{"@type":"ListItem","position":2,"name":"Forside-nyhed","item":"https:\/\/aarch.dk\/en\/tag\/forside-nyhed-en\/"},{"@type":"ListItem","position":3,"name":"Honorary Award: Karen Kj\u00e6rgaard Is Creating The Architecture Of The Moment"}]},{"@type":"WebSite","@id":"https:\/\/aarch.dk\/#website","url":"https:\/\/aarch.dk\/","name":"Aarhus School of Architecture","description":"","potentialAction":[{"@type":"SearchAction","target":{"@type":"EntryPoint","urlTemplate":"https:\/\/aarch.dk\/?s={search_term_string}"},"query-input":{"@type":"PropertyValueSpecification","valueRequired":true,"valueName":"search_term_string"}}],"inLanguage":"en-US"},{"@type":"Person","@id":"https:\/\/aarch.dk\/#\/schema\/person\/077ebb8cf42358d32800bc4d7919c79f","name":"Niels Rysz","image":{"@type":"ImageObject","inLanguage":"en-US","@id":"https:\/\/secure.gravatar.com\/avatar\/e7ba6b2047544aae0f42adc61e9f2f95434d1006819dcef79822bd55eef9181a?s=96&d=mm&r=g","url":"https:\/\/secure.gravatar.com\/avatar\/e7ba6b2047544aae0f42adc61e9f2f95434d1006819dcef79822bd55eef9181a?s=96&d=mm&r=g","contentUrl":"https:\/\/secure.gravatar.com\/avatar\/e7ba6b2047544aae0f42adc61e9f2f95434d1006819dcef79822bd55eef9181a?s=96&d=mm&r=g","caption":"Niels Rysz"}}]}},"acf":[],"_links":{"self":[{"href":"https:\/\/aarch.dk\/en\/wp-json\/wp\/v2\/posts\/179131","targetHints":{"allow":["GET"]}}],"collection":[{"href":"https:\/\/aarch.dk\/en\/wp-json\/wp\/v2\/posts"}],"about":[{"href":"https:\/\/aarch.dk\/en\/wp-json\/wp\/v2\/types\/post"}],"author":[{"embeddable":true,"href":"https:\/\/aarch.dk\/en\/wp-json\/wp\/v2\/users\/37"}],"replies":[{"embeddable":true,"href":"https:\/\/aarch.dk\/en\/wp-json\/wp\/v2\/comments?post=179131"}],"version-history":[{"count":5,"href":"https:\/\/aarch.dk\/en\/wp-json\/wp\/v2\/posts\/179131\/revisions"}],"predecessor-version":[{"id":232156,"href":"https:\/\/aarch.dk\/en\/wp-json\/wp\/v2\/posts\/179131\/revisions\/232156"}],"wp:featuredmedia":[{"embeddable":true,"href":"https:\/\/aarch.dk\/en\/wp-json\/wp\/v2\/media\/178678"}],"wp:attachment":[{"href":"https:\/\/aarch.dk\/en\/wp-json\/wp\/v2\/media?parent=179131"}],"wp:term":[{"taxonomy":"category","embeddable":true,"href":"https:\/\/aarch.dk\/en\/wp-json\/wp\/v2\/categories?post=179131"},{"taxonomy":"post_tag","embeddable":true,"href":"https:\/\/aarch.dk\/en\/wp-json\/wp\/v2\/tags?post=179131"}],"curies":[{"name":"wp","href":"https:\/\/api.w.org\/{rel}","templated":true}]}}