{"id":193273,"date":"2023-09-25T13:45:21","date_gmt":"2023-09-25T11:45:21","guid":{"rendered":"https:\/\/aarch.dk\/?p=193273"},"modified":"2024-11-19T10:47:53","modified_gmt":"2024-11-19T09:47:53","slug":"193273","status":"publish","type":"post","link":"https:\/\/aarch.dk\/en\/193273\/","title":{"rendered":"Ecologies of Stone: From Larvik to Mallorca"},"content":{"rendered":"<div id='av_section_1'  class='avia-section main_color avia-section-default avia-no-border-styling  avia-bg-style-scroll  avia-builder-el-0  el_before_av_section  avia-builder-el-first  aarch-header-type-2  container_wrap fullsize' style=' '  ><div class='container' ><main  role=\"main\" itemprop=\"mainContentOfPage\"  class='template-page content  av-content-full alpha units'><div class='post-entry post-entry-type-page post-entry-193273'><div class='entry-content-wrapper clearfix'>\n<section class=\"av_textblock_section \"  itemscope=\"itemscope\" itemtype=\"https:\/\/schema.org\/BlogPosting\" itemprop=\"blogPost\" ><div class='avia_textblock aarch-header-type-2-nav '   itemprop=\"text\" ><p><a href=\"https:\/\/aarch.dk\/nyheder\/\">Nyheder<\/a><\/p>\n<\/div><\/section>\n<section class=\"av_textblock_section \"  itemscope=\"itemscope\" itemtype=\"https:\/\/schema.org\/BlogPosting\" itemprop=\"blogPost\" ><div class='avia_textblock aarch-header-type-2-title '   itemprop=\"text\" ><h1>ECOLOGIES OF STONE: FROM LARVIK TO MALLORCA<\/h1>\n<\/div><\/section>\n<section class=\"av_textblock_section \"  itemscope=\"itemscope\" itemtype=\"https:\/\/schema.org\/BlogPosting\" itemprop=\"blogPost\" ><div class='avia_textblock aarch-header-type-2-subtitle '   itemprop=\"text\" ><p>The research project <em>Ecologies of Stone<\/em> examines the lifecycle of stone: from quarry to architecture and back to nature. Enjoy the stunning photos from the quarry in Larvik and the video about the installation <em>Paret D&#8217;Esquerdes<\/em> in the abandoned quarry in Mallorca.<\/p>\n<\/div><\/section>\n<section class=\"av_textblock_section \"  itemscope=\"itemscope\" itemtype=\"https:\/\/schema.org\/BlogPosting\" itemprop=\"blogPost\" ><div class='avia_textblock aarch-header-type-2-by-title '   itemprop=\"text\" ><p>25.09.2023<\/p>\n<\/div><\/section>\n\n<\/div><\/div><\/main><!-- close content main element --><\/div><\/div><div id='av_section_2'  class='avia-section main_color avia-section-default avia-no-border-styling  avia-bg-style-scroll  avia-builder-el-5  el_after_av_section  el_before_av_section   container_wrap fullsize' style=' '  ><div class='container' ><div class='template-page content  av-content-full alpha units'><div class='post-entry post-entry-type-page post-entry-193273'><div class='entry-content-wrapper clearfix'>\n<div class=\"flex_column av_one_fifth  flex_column_div av-zero-column-padding first  avia-builder-el-6  el_before_av_three_fifth  avia-builder-el-first  \" style='border-radius:0px; '><\/div><div class=\"flex_column av_three_fifth  flex_column_div av-zero-column-padding   avia-builder-el-7  el_after_av_one_fifth  el_before_av_one_fifth  \" style='border-radius:0px; '><section class=\"av_textblock_section \"  itemscope=\"itemscope\" itemtype=\"https:\/\/schema.org\/BlogPosting\" itemprop=\"blogPost\" ><div class='avia_textblock  '   itemprop=\"text\" ><div class=\"flex-shrink-0 flex flex-col relative items-end\">\n<p class=\"text-xs flex items-center justify-center gap-1 absolute left-0 top-2 -ml-4 -translate-x-full invisible\">Architecture needs to become more inventive in suggesting creative alternatives to the usual methods of obtaining building materials.<\/p>\n<p class=\"text-xs flex items-center justify-center gap-1 absolute left-0 top-2 -ml-4 -translate-x-full invisible\">Lately, architects and engineers from around the world have started experimenting with using stone as a load-bearing element in buildings, driven by a strong focus on sustainability.<\/p>\n<p class=\"text-xs flex items-center justify-center gap-1 absolute left-0 top-2 -ml-4 -translate-x-full invisible\">Concurrently, there is growing interest in how pre-capitalist and indigenous societies interacted with the environment, where materials were often sourced in direct connection with local building traditions.<\/p>\n<p>The Ecologies of Stone research network is exploring these issues.<\/p>\n<\/div>\n<\/div><\/section><\/div><div class=\"flex_column av_one_fifth  flex_column_div av-zero-column-padding   avia-builder-el-9  el_after_av_three_fifth  avia-builder-el-last  \" style='border-radius:0px; '><\/div><\/div><\/div><\/div><!-- close content main div --><\/div><\/div><div id='av_section_3'  class='avia-section main_color avia-section-no-padding avia-no-border-styling  avia-bg-style-scroll  avia-builder-el-10  el_after_av_section  el_before_av_section   container_wrap fullsize' style=' '  ><div class='container' ><div class='template-page content  av-content-full alpha units'><div class='post-entry post-entry-type-page post-entry-193273'><div class='entry-content-wrapper clearfix'>\n<div class=\"flex_column av_one_fourth  flex_column_div av-zero-column-padding first  avia-builder-el-11  el_before_av_one_half  avia-builder-el-first  \" style='border-radius:0px; '><\/div><div class=\"flex_column av_one_half  flex_column_div   avia-builder-el-12  el_after_av_one_fourth  el_before_av_one_fourth  \" style='padding:0px 0px 0px 0px ; border-radius:0px; '><div  class='avia-video avia-video-16-9   av-lazyload-immediate  av-lazyload-video-embed  '   itemprop=\"video\" itemtype=\"https:\/\/schema.org\/VideoObject\"  data-original_url='https:\/\/vimeo.com\/aarch\/mares?share=copy' ><script type='text\/html' class='av-video-tmpl'><div class='avia-iframe-wrap'><iframe loading=\"lazy\" title=\"Ecologies of Stone: Paret d&#039;Esquerdes\" src=\"https:\/\/player.vimeo.com\/video\/863132193?dnt=1&amp;app_id=122963&autoplay=0&loop=0&controls=1&muted=0\" width=\"1500\" height=\"844\" frameborder=\"0\" allow=\"autoplay; fullscreen; picture-in-picture\"><\/iframe><\/div><\/script><div class='av-click-to-play-overlay'><div class=\"avia_playpause_icon\"><\/div><\/div><\/div><\/div><div class=\"flex_column av_one_fourth  flex_column_div av-zero-column-padding   avia-builder-el-14  el_after_av_one_half  avia-builder-el-last  \" style='border-radius:0px; '><\/div>\n<\/p>\n<\/div><\/div><\/div><!-- close content main div --><\/div><\/div><div id='av_section_4'  class='avia-section main_color avia-section-default avia-no-border-styling  avia-bg-style-scroll  avia-builder-el-15  el_after_av_section  el_before_av_section   container_wrap fullsize' style=' '  ><div class='container' ><div class='template-page content  av-content-full alpha units'><div class='post-entry post-entry-type-page post-entry-193273'><div class='entry-content-wrapper clearfix'>\n<div class=\"flex_column av_one_fifth  flex_column_div av-zero-column-padding first  avia-builder-el-16  el_before_av_three_fifth  avia-builder-el-first  \" style='border-radius:0px; '><\/div><div class=\"flex_column av_three_fifth  flex_column_div av-zero-column-padding   avia-builder-el-17  el_after_av_one_fifth  el_before_av_one_fifth  \" style='border-radius:0px; '><section class=\"av_textblock_section \"  itemscope=\"itemscope\" itemtype=\"https:\/\/schema.org\/BlogPosting\" itemprop=\"blogPost\" ><div class='avia_textblock  '   itemprop=\"text\" ><p>Last week, the researchers visited the Lundhs quarry in Larvik. Associate Professor Bob Trempe took these photos during the visit.<\/p>\n<p>The other researchers from the school were:<\/p>\n<ul>\n<li>Associate Professor Urszula Kozminska<\/li>\n<li>Associate Professor Jonathan Foote<\/li>\n<li>Teaching Assistant Professor Alicia Lazzaroni<\/li>\n<li>Teaching Assistant Professor Antonio Bernacchi<\/li>\n<\/ul>\n<\/div><\/section><\/div><div class=\"flex_column av_one_fifth  flex_column_div av-zero-column-padding   avia-builder-el-19  el_after_av_three_fifth  avia-builder-el-last  \" style='border-radius:0px; '><\/div>\n\n<\/div><\/div><\/div><!-- close content main div --><\/div><\/div><div id='av_section_5'  class='avia-section main_color avia-section-default avia-no-border-styling  avia-bg-style-scroll  avia-builder-el-20  el_after_av_section  el_before_av_section   container_wrap fullsize' style=' '  ><div class='container' ><div class='template-page content  av-content-full alpha units'><div class='post-entry post-entry-type-page post-entry-193273'><div class='entry-content-wrapper clearfix'>\n<div id='ivan:) av-masonry-1' class='av-masonry  noHover av-flex-size av-large-gap av-hover-overlay-active av-masonry-col-flexible av-caption-always av-caption-style- av-masonry-gallery     '  ><div class='av-masonry-container isotope av-js-disabled ' ><div class='av-masonry-entry isotope-item av-masonry-item-no-image '><\/div><a href=\"https:\/\/aarch.dk\/wp-content\/uploads\/2023\/09\/DJI_0027-1030x773.jpg\" id='av-masonry-1-item-193276' data-av-masonry-item='193276' class='av-masonry-entry isotope-item post-193276 attachment type-attachment status-inherit hentry  av-masonry-item-with-image' title=\"Photo: Bob Trempe (I).JPG\"  itemprop=\"thumbnailUrl\" ><div class='av-inner-masonry-sizer'><\/div><figure class='av-inner-masonry main_color'><div class=\"av-masonry-outerimage-container\"><div class=\"av-masonry-image-container\" ><img decoding=\"async\" src=\"https:\/\/aarch.dk\/wp-content\/uploads\/2023\/09\/DJI_0027-705x529.jpg\" data-no-lazy=\"1\" title=\"DCIM100MEDIADJI_0027.JPG\" alt=\"Ecologies of Stone: From Larvik to Mallorca\" \/><\/div><\/div><figcaption class='av-inner-masonry-content site-background'><div class='av-inner-masonry-content-pos'><div class='av-inner-masonry-content-pos-content'><div class='avia-arrow'><\/div><h3 class='av-masonry-entry-title entry-title'  itemprop=\"headline\" >DCIM100MEDIADJI_0027.JPG<\/h3><div class='av-masonry-entry-content entry-content'  itemprop=\"text\" >Photo: Bob Trempe (I).JPG<\/div><\/div><\/div><\/figcaption><\/figure><\/a><!--end av-masonry entry--><a href=\"https:\/\/aarch.dk\/wp-content\/uploads\/2023\/09\/DJI_0064-1030x581.jpg\" id='av-masonry-1-item-193280' data-av-masonry-item='193280' class='av-masonry-entry isotope-item post-193280 attachment type-attachment status-inherit hentry  av-masonry-item-with-image' title=\"Photo: Bob Trempe (II).JPG\"  itemprop=\"thumbnailUrl\" ><div class='av-inner-masonry-sizer'><\/div><figure class='av-inner-masonry main_color'><div class=\"av-masonry-outerimage-container\"><div class=\"av-masonry-image-container\" ><img decoding=\"async\" src=\"https:\/\/aarch.dk\/wp-content\/uploads\/2023\/09\/DJI_0064-705x397.jpg\" data-no-lazy=\"1\" title=\"DCIM100MEDIADJI_0064.JPG\" alt=\"Ecologies of Stone: From Larvik to Mallorca\" \/><\/div><\/div><figcaption class='av-inner-masonry-content site-background'><div class='av-inner-masonry-content-pos'><div class='av-inner-masonry-content-pos-content'><div class='avia-arrow'><\/div><h3 class='av-masonry-entry-title entry-title'  itemprop=\"headline\" >DCIM100MEDIADJI_0064.JPG<\/h3><div class='av-masonry-entry-content entry-content'  itemprop=\"text\" >Photo: Bob Trempe (II).JPG<\/div><\/div><\/div><\/figcaption><\/figure><\/a><!--end av-masonry entry--><a href=\"https:\/\/aarch.dk\/wp-content\/uploads\/2023\/09\/DJI_0280-1030x579.jpg\" id='av-masonry-1-item-193282' data-av-masonry-item='193282' class='av-masonry-entry isotope-item post-193282 attachment type-attachment status-inherit hentry  av-masonry-item-with-image' title=\"Photo: Bob Trempe (III).JPG\"  itemprop=\"thumbnailUrl\" ><div class='av-inner-masonry-sizer'><\/div><figure class='av-inner-masonry main_color'><div class=\"av-masonry-outerimage-container\"><div class=\"av-masonry-image-container\" ><img decoding=\"async\" src=\"https:\/\/aarch.dk\/wp-content\/uploads\/2023\/09\/DJI_0280-705x397.jpg\" data-no-lazy=\"1\" title=\"DCIM100MEDIADJI_0280.JPG\" alt=\"Ecologies of Stone: From Larvik to Mallorca\" \/><\/div><\/div><figcaption class='av-inner-masonry-content site-background'><div class='av-inner-masonry-content-pos'><div class='av-inner-masonry-content-pos-content'><div class='avia-arrow'><\/div><h3 class='av-masonry-entry-title entry-title'  itemprop=\"headline\" >DCIM100MEDIADJI_0280.JPG<\/h3><div class='av-masonry-entry-content entry-content'  itemprop=\"text\" >Photo: Bob Trempe (III).JPG<\/div><\/div><\/div><\/figcaption><\/figure><\/a><!--end av-masonry entry--><a href=\"https:\/\/aarch.dk\/wp-content\/uploads\/2023\/09\/DJI_0321-1030x579.jpg\" id='av-masonry-1-item-193286' data-av-masonry-item='193286' class='av-masonry-entry isotope-item post-193286 attachment type-attachment status-inherit hentry  av-masonry-item-with-image' title=\"Photo: Bob Trempe (IV).JPG\"  itemprop=\"thumbnailUrl\" ><div class='av-inner-masonry-sizer'><\/div><figure class='av-inner-masonry main_color'><div class=\"av-masonry-outerimage-container\"><div class=\"av-masonry-image-container\" ><img decoding=\"async\" src=\"https:\/\/aarch.dk\/wp-content\/uploads\/2023\/09\/DJI_0321-705x397.jpg\" data-no-lazy=\"1\" title=\"DCIM100MEDIADJI_0321.JPG\" alt=\"Ecologies of Stone: From Larvik to Mallorca\" \/><\/div><\/div><figcaption class='av-inner-masonry-content site-background'><div class='av-inner-masonry-content-pos'><div class='av-inner-masonry-content-pos-content'><div class='avia-arrow'><\/div><h3 class='av-masonry-entry-title entry-title'  itemprop=\"headline\" >DCIM100MEDIADJI_0321.JPG<\/h3><div class='av-masonry-entry-content entry-content'  itemprop=\"text\" >Photo: Bob Trempe (IV).JPG<\/div><\/div><\/div><\/figcaption><\/figure><\/a><!--end av-masonry entry--><a href=\"https:\/\/aarch.dk\/wp-content\/uploads\/2023\/09\/DJI_0324-1030x579.jpg\" id='av-masonry-1-item-193288' data-av-masonry-item='193288' class='av-masonry-entry isotope-item post-193288 attachment type-attachment status-inherit hentry  av-masonry-item-with-image' title=\"Photo: Bob Trempe (V).JPG\"  itemprop=\"thumbnailUrl\" ><div class='av-inner-masonry-sizer'><\/div><figure class='av-inner-masonry main_color'><div class=\"av-masonry-outerimage-container\"><div class=\"av-masonry-image-container\" ><img decoding=\"async\" src=\"https:\/\/aarch.dk\/wp-content\/uploads\/2023\/09\/DJI_0324-705x396.jpg\" data-no-lazy=\"1\" title=\"DCIM100MEDIADJI_0324.JPG\" alt=\"Ecologies of Stone: From Larvik to Mallorca\" \/><\/div><\/div><figcaption class='av-inner-masonry-content site-background'><div class='av-inner-masonry-content-pos'><div class='av-inner-masonry-content-pos-content'><div class='avia-arrow'><\/div><h3 class='av-masonry-entry-title entry-title'  itemprop=\"headline\" >DCIM100MEDIADJI_0324.JPG<\/h3><div class='av-masonry-entry-content entry-content'  itemprop=\"text\" >Photo: Bob Trempe (V).JPG<\/div><\/div><\/div><\/figcaption><\/figure><\/a><!--end av-masonry entry--><a href=\"https:\/\/aarch.dk\/wp-content\/uploads\/2023\/09\/DSC00703-718x1030.jpg\" id='av-masonry-1-item-193290' data-av-masonry-item='193290' class='av-masonry-entry isotope-item post-193290 attachment type-attachment status-inherit hentry  av-masonry-item-with-image' title=\"Photo: Bob Trempe (VI).JPG\"  itemprop=\"thumbnailUrl\" ><div class='av-inner-masonry-sizer'><\/div><figure class='av-inner-masonry main_color'><div class=\"av-masonry-outerimage-container\"><div class=\"av-masonry-image-container\" ><img decoding=\"async\" src=\"https:\/\/aarch.dk\/wp-content\/uploads\/2023\/09\/DSC00703-491x705.jpg\" data-no-lazy=\"1\" title=\"DSC00703\" alt=\"Ecologies of Stone: From Larvik to Mallorca\" \/><\/div><\/div><figcaption class='av-inner-masonry-content site-background'><div class='av-inner-masonry-content-pos'><div class='av-inner-masonry-content-pos-content'><div class='avia-arrow'><\/div><h3 class='av-masonry-entry-title entry-title'  itemprop=\"headline\" >DSC00703<\/h3><div class='av-masonry-entry-content entry-content'  itemprop=\"text\" >Photo: Bob Trempe (VI).JPG<\/div><\/div><\/div><\/figcaption><\/figure><\/a><!--end av-masonry entry--><a href=\"https:\/\/aarch.dk\/wp-content\/uploads\/2023\/09\/DSC00716-687x1030.jpg\" id='av-masonry-1-item-193292' data-av-masonry-item='193292' class='av-masonry-entry isotope-item post-193292 attachment type-attachment status-inherit hentry  av-masonry-item-with-image' title=\"Photo: Bob Trempe (VII).JPG\"  itemprop=\"thumbnailUrl\" ><div class='av-inner-masonry-sizer'><\/div><figure class='av-inner-masonry main_color'><div class=\"av-masonry-outerimage-container\"><div class=\"av-masonry-image-container\" ><img decoding=\"async\" src=\"https:\/\/aarch.dk\/wp-content\/uploads\/2023\/09\/DSC00716-470x705.jpg\" data-no-lazy=\"1\" title=\"DSC00716\" alt=\"Ecologies of Stone: From Larvik to Mallorca\" \/><\/div><\/div><figcaption class='av-inner-masonry-content site-background'><div class='av-inner-masonry-content-pos'><div class='av-inner-masonry-content-pos-content'><div class='avia-arrow'><\/div><h3 class='av-masonry-entry-title entry-title'  itemprop=\"headline\" >DSC00716<\/h3><div class='av-masonry-entry-content entry-content'  itemprop=\"text\" >Photo: Bob Trempe (VII).JPG<\/div><\/div><\/div><\/figcaption><\/figure><\/a><!--end av-masonry entry--><a href=\"https:\/\/aarch.dk\/wp-content\/uploads\/2023\/09\/IMG_4542-1030x773.jpg\" id='av-masonry-1-item-193294' data-av-masonry-item='193294' class='av-masonry-entry isotope-item post-193294 attachment type-attachment status-inherit hentry  av-masonry-item-with-image' title=\"Photo: Bob Trempe (VIII).JPG\"  itemprop=\"thumbnailUrl\" ><div class='av-inner-masonry-sizer'><\/div><figure class='av-inner-masonry main_color'><div class=\"av-masonry-outerimage-container\"><div class=\"av-masonry-image-container\" ><img decoding=\"async\" src=\"https:\/\/aarch.dk\/wp-content\/uploads\/2023\/09\/IMG_4542-705x529.jpg\" data-no-lazy=\"1\" title=\"IMG_4542\" alt=\"Ecologies of Stone: From Larvik to Mallorca\" \/><\/div><\/div><figcaption class='av-inner-masonry-content site-background'><div class='av-inner-masonry-content-pos'><div class='av-inner-masonry-content-pos-content'><div class='avia-arrow'><\/div><h3 class='av-masonry-entry-title entry-title'  itemprop=\"headline\" >IMG_4542<\/h3><div class='av-masonry-entry-content entry-content'  itemprop=\"text\" >Photo: Bob Trempe (VIII).JPG<\/div><\/div><\/div><\/figcaption><\/figure><\/a><!--end av-masonry entry--><\/div><\/div>\n\n<\/div><\/div><\/div><!-- close content main div --><\/div><\/div><div id='av_section_6'  class='avia-section main_color avia-section-default avia-no-border-styling  avia-bg-style-scroll  avia-builder-el-22  el_after_av_section  el_before_av_section   container_wrap fullsize' style=' '  ><div class='container' ><div class='template-page content  av-content-full alpha units'><div class='post-entry post-entry-type-page post-entry-193273'><div class='entry-content-wrapper clearfix'>\n<div class=\"flex_column av_one_full  flex_column_div av-zero-column-padding first  avia-builder-el-23  el_before_av_one_fifth  avia-builder-el-first  \" style='border-radius:0px; '><div   class='hr hr-default   avia-builder-el-24  avia-builder-el-no-sibling '><span class='hr-inner ' ><span class='hr-inner-style'><\/span><\/span><\/div><\/div><div class=\"flex_column av_one_fifth  flex_column_div av-zero-column-padding first  avia-builder-el-25  el_after_av_one_full  el_before_av_three_fifth  column-top-margin\" style='border-radius:0px; '><\/div><div class=\"flex_column av_three_fifth  flex_column_div av-zero-column-padding   avia-builder-el-26  el_after_av_one_fifth  el_before_av_one_fifth  column-top-margin\" style='border-radius:0px; '><div  class='av-social-sharing-box  avia-builder-el-27  avia-builder-el-no-sibling  '><div class='av-share-box'><ul class='av-share-box-list noLightbox'><li class='av-share-link av-social-link-facebook' ><a target=\"_blank\" aria-label=\"Share on Facebook\" href='https:\/\/www.facebook.com\/sharer.php?u=https:\/\/aarch.dk\/en\/193273\/&#038;t=Ecologies%20of%20Stone%3A%20From%20Larvik%20to%20Mallorca' aria-hidden='false' data-av_icon='\ue8f3' data-av_iconfont='entypo-fontello' title='' data-avia-related-tooltip='Share on Facebook' rel=\"noopener\"><span class='avia_hidden_link_text'>Share on Facebook<\/span><\/a><\/li><li class='av-share-link av-social-link-twitter' ><a target=\"_blank\" aria-label=\"Share on Twitter\" href='https:\/\/twitter.com\/share?text=Ecologies%20of%20Stone%3A%20From%20Larvik%20to%20Mallorca&#038;url=https:\/\/aarch.dk\/en\/?p=193273' aria-hidden='false' data-av_icon='\ue8f1' data-av_iconfont='entypo-fontello' title='' data-avia-related-tooltip='Share on Twitter' rel=\"noopener\"><span class='avia_hidden_link_text'>Share on Twitter<\/span><\/a><\/li><li class='av-share-link av-social-link-linkedin' ><a target=\"_blank\" aria-label=\"Share on LinkedIn\" href='https:\/\/linkedin.com\/shareArticle?mini=true&#038;title=Ecologies%20of%20Stone%3A%20From%20Larvik%20to%20Mallorca&#038;url=https:\/\/aarch.dk\/en\/193273\/' aria-hidden='false' data-av_icon='\ue8fc' data-av_iconfont='entypo-fontello' title='' data-avia-related-tooltip='Share on LinkedIn' rel=\"noopener\"><span class='avia_hidden_link_text'>Share on LinkedIn<\/span><\/a><\/li><li class='av-share-link av-social-link-mail' ><a  aria-label=\"Share by Mail\" href='mailto:?subject=Ecologies%20of%20Stone%3A%20From%20Larvik%20to%20Mallorca&#038;body=https:\/\/aarch.dk\/en\/193273\/' aria-hidden='false' data-av_icon='\ue805' data-av_iconfont='entypo-fontello' title='' data-avia-related-tooltip='Share by Mail'><span class='avia_hidden_link_text'>Share by Mail<\/span><\/a><\/li><\/ul><\/div><\/div><\/div><div class=\"flex_column av_one_fifth  flex_column_div av-zero-column-padding   avia-builder-el-28  el_after_av_three_fifth  avia-builder-el-last  column-top-margin\" style='border-radius:0px; '><\/div>\n\n<\/div><\/div><\/div><!-- close content main div --><\/div><\/div><div id='av_section_7'  class='avia-section main_color avia-section-default avia-no-border-styling  avia-bg-style-scroll  avia-builder-el-29  el_after_av_section  el_before_av_section  section-label  container_wrap fullsize' style=' '  ><div class='container' ><div class='template-page content  av-content-full alpha units'><div class='post-entry post-entry-type-page post-entry-193273'><div class='entry-content-wrapper clearfix'>\n<section class=\"av_textblock_section \"  itemscope=\"itemscope\" itemtype=\"https:\/\/schema.org\/BlogPosting\" itemprop=\"blogPost\" ><div class='avia_textblock  '   itemprop=\"text\" ><p class=\"section-label-text\">Relateret<\/p>\n<\/div><\/section>\n\n<\/div><\/div><\/div><!-- close content main div --><\/div><\/div><div id='av_section_8'  class='avia-section main_color avia-section-huge avia-no-border-styling  avia-bg-style-scroll  avia-builder-el-31  el_after_av_section  el_before_av_layout_row  content-padding-bottom-0  container_wrap fullsize' style='background-color: #1b47a9;  '  ><div class='container' ><div class='template-page content  av-content-full alpha units'><div class='post-entry post-entry-type-page post-entry-193273'><div class='entry-content-wrapper clearfix'>\n<div class='flex_column_table av-equal-height-column-flextable -flextable' ><div class=\"flex_column av_three_fifth  flex_column_table_cell av-equal-height-column av-align-bottom av-zero-column-padding first  avia-builder-el-32  el_before_av_one_fifth  avia-builder-el-first  \" style='border-radius:0px; '><section class=\"av_textblock_section \"  itemscope=\"itemscope\" itemtype=\"https:\/\/schema.org\/BlogPosting\" itemprop=\"blogPost\" ><div class='avia_textblock  '   itemprop=\"text\" ><p class=\"font-size-xsmall margin-bottom-30 color-00\"><strong class=\"color-00\">M\u00c5SKE ER DU OGS\u00c5 INTERESSERET I DETTE<\/strong><\/p>\n<h3 class=\"font-size-large margin-bottom-0 color-00\">RELATERET INDHOLD<\/h3>\n<\/div><\/section><\/div><div class='av-flex-placeholder'><\/div><div class=\"flex_column av_one_fifth  flex_column_table_cell av-equal-height-column av-align-bottom av-zero-column-padding   avia-builder-el-34  el_after_av_three_fifth  el_before_av_one_fifth  \" style='border-radius:0px; '><\/div><div class='av-flex-placeholder'><\/div><div class=\"flex_column av_one_fifth  flex_column_table_cell av-equal-height-column av-align-bottom av-zero-column-padding   avia-builder-el-35  el_after_av_one_fifth  avia-builder-el-last  \" style='border-radius:0px; '><section class=\"av_textblock_section \"  itemscope=\"itemscope\" itemtype=\"https:\/\/schema.org\/BlogPosting\" itemprop=\"blogPost\" ><div class='avia_textblock  '   itemprop=\"text\" ><p class=\"linkArrow color-white margin-bottom-0\"><a href=\"https:\/\/aarch.dk\/nyheder\/\">Se alle nyheder<\/a><\/p>\n<\/div><\/section><\/div><\/div><!--close column table wrapper. Autoclose: 1 -->\n\n<\/div><\/div><\/div><!-- close content main div --><\/div><\/div><div id='av-layout-grid-1'  class='av-layout-grid-container entry-content-wrapper main_color av-flex-cells     avia-builder-el-37  el_after_av_section  avia-builder-el-last  content-padding-top-0 submenu-not-first container_wrap fullsize' style=' '  >\n<div class=\"flex_cell no_margin av_one_full  avia-builder-el-38  avia-builder-el-no-sibling  grid-cell-top-50 grid-cell-bottom-150 grid-cell-left-80 grid-cell-right-80  av-zero-padding \"  style='background: #1b47a9; vertical-align:top; padding:0px; background-color:#1b47a9; ' ><div class='flex_cell_inner' ><div class=\"flex_column av_one_full  flex_column_div av-zero-column-padding first  avia-builder-el-39  avia-builder-el-no-sibling  \" style='border-radius:0px; '><div  data-autoplay=''  data-interval='5'  data-animation='fade'  data-show_slide_delay='90'  class='avia-content-slider avia-content-slider-active avia-content-slider1 avia-content-slider-even  avia-builder-el-40  avia-builder-el-no-sibling  '  itemscope=\"itemscope\" itemtype=\"https:\/\/schema.org\/Blog\" ><div class='avia-content-slider-inner'><div class='slide-entry-wrap'><article class='slide-entry flex_column  post-entry post-entry-259685 type-post slide-entry-overview slide-loop-1 slide-parity-odd  av_one_fourth first real-thumbnail'  itemscope=\"itemscope\" itemtype=\"https:\/\/schema.org\/BlogPosting\" itemprop=\"blogPost\" ><a href='https:\/\/aarch.dk\/en\/arkitekturbiennalen-workswords-kommer-til-aarhus\/' data-rel='slide-1' class='slide-image' title=''><img loading=\"lazy\" decoding=\"async\" width=\"400\" height=\"453\" src=\"https:\/\/aarch.dk\/wp-content\/uploads\/2018\/10\/ep7-nat-13-400x453.jpg\" class=\"attachment-slider-carousel-image-large size-slider-carousel-image-large wp-post-image\" alt=\"Aarhus School of Architecture at Exners Plads 7\" srcset=\"https:\/\/aarch.dk\/wp-content\/uploads\/2018\/10\/ep7-nat-13-400x453.jpg 400w, https:\/\/aarch.dk\/wp-content\/uploads\/2018\/10\/ep7-nat-13-375x425.jpg 375w\" sizes=\"auto, (max-width: 400px) 100vw, 400px\" \/><\/a><div class='slide-content'><header class=\"entry-content-header\"><span class=\"blog-date minor-meta\">17.02.2026<\/span><h3 class='slide-entry-title entry-title'  itemprop=\"headline\" ><a href='https:\/\/aarch.dk\/en\/arkitekturbiennalen-workswords-kommer-til-aarhus\/' title='The Architecture Bienniale WORKS+WORDS comes to Aarhus'>The Architecture Bienniale WORKS+WORDS comes to Aarhus<\/a><\/h3><span class=\"av-vertical-delimiter\"><\/span><\/header><div class='slide-meta'><div class='slide-meta-comments'><a href='https:\/\/aarch.dk\/en\/arkitekturbiennalen-workswords-kommer-til-aarhus\/#respond'>0 Comments<\/a><\/div><div class='slide-meta-del'>\/<\/div><time class='slide-meta-time updated'  itemprop=\"datePublished\" datetime=\"2026-02-17T09:36:54+01:00\" >17.02.2026<\/time><\/div><div class='slide-entry-excerpt entry-content'  itemprop=\"text\" >\r\n\r\n\r\n\r\n\r\n\r\n\r\n\r\n<\/div><\/div><footer class=\"entry-footer\"><\/footer><span class='hidden'>\n\t\t\t\t<span class='av-structured-data'  itemprop=\"image\" itemscope=\"itemscope\" itemtype=\"https:\/\/schema.org\/ImageObject\" >\n\t\t\t\t\t\t<span itemprop='url'>https:\/\/aarch.dk\/wp-content\/uploads\/2018\/10\/ep7-nat-13-scaled.jpg<\/span>\n\t\t\t\t\t\t<span itemprop='height'>1917<\/span>\n\t\t\t\t\t\t<span itemprop='width'>2560<\/span>\n\t\t\t\t<\/span>\n\t\t\t\t<span class='av-structured-data'  itemprop=\"publisher\" itemtype=\"https:\/\/schema.org\/Organization\" itemscope=\"itemscope\" >\n\t\t\t\t\t\t<span itemprop='name'>Niels Rysz<\/span>\n\t\t\t\t\t\t<span itemprop='logo' itemscope itemtype='https:\/\/schema.org\/ImageObject'>\n\t\t\t\t\t\t\t<span itemprop='url'>https:\/\/s3-eu-central-1.amazonaws.com\/aarchdk\/wp-content\/uploads\/2019\/02\/03164631\/aarch-logo-dark.svg<\/span>\n\t\t\t\t\t\t <\/span>\n\t\t\t\t<\/span><span class='av-structured-data'  itemprop=\"author\" itemscope=\"itemscope\" itemtype=\"https:\/\/schema.org\/Person\" ><span itemprop='name'>Niels Rysz<\/span><\/span><span class='av-structured-data'  itemprop=\"datePublished\" datetime=\"2025-11-10T10:00:43+01:00\" >2026-02-17 09:36:54<\/span><span class='av-structured-data'  itemprop=\"dateModified\" itemtype=\"https:\/\/schema.org\/dateModified\" >2026-02-17 11:15:21<\/span><span class='av-structured-data'  itemprop=\"mainEntityOfPage\" itemtype=\"https:\/\/schema.org\/mainEntityOfPage\" ><span itemprop='name'>The Architecture Bienniale WORKS+WORDS comes to Aarhus<\/span><\/span><\/span><\/article><article class='slide-entry flex_column  post-entry post-entry-257557 type-post slide-entry-overview slide-loop-2 slide-parity-even  av_one_fourth  real-thumbnail'  itemscope=\"itemscope\" itemtype=\"https:\/\/schema.org\/BlogPosting\" itemprop=\"blogPost\" ><a href='https:\/\/aarch.dk\/en\/nyt-forskernetvaerk-vil-undersoege-vedligehold-i-almene-boligbyggerier\/' data-rel='slide-1' class='slide-image' title=''><img loading=\"lazy\" decoding=\"async\" width=\"400\" height=\"453\" src=\"https:\/\/aarch.dk\/wp-content\/uploads\/2025\/12\/25_eu-repairs-6_A_sGRH-kopi-400x453.jpeg\" class=\"attachment-slider-carousel-image-large size-slider-carousel-image-large wp-post-image\" alt=\"Forskernetv\u00e6rket har allerede v\u00e6ret p\u00e5 bes\u00f8g i nogle af boligomr\u00e5derne. Foto: Carolina Dayer.\" srcset=\"https:\/\/aarch.dk\/wp-content\/uploads\/2025\/12\/25_eu-repairs-6_A_sGRH-kopi-400x453.jpeg 400w, https:\/\/aarch.dk\/wp-content\/uploads\/2025\/12\/25_eu-repairs-6_A_sGRH-kopi-375x425.jpeg 375w\" sizes=\"auto, (max-width: 400px) 100vw, 400px\" \/><\/a><div class='slide-content'><header class=\"entry-content-header\"><span class=\"blog-date minor-meta\">05.12.2025<\/span><h3 class='slide-entry-title entry-title'  itemprop=\"headline\" ><a href='https:\/\/aarch.dk\/en\/nyt-forskernetvaerk-vil-undersoege-vedligehold-i-almene-boligbyggerier\/' title='New Research Network to Explore Cultures of Maintenance in Social Housing'>New Research Network to Explore Cultures of Maintenance in Social Housing<\/a><\/h3><span class=\"av-vertical-delimiter\"><\/span><\/header><div class='slide-meta'><div class='slide-meta-comments'><a href='https:\/\/aarch.dk\/en\/nyt-forskernetvaerk-vil-undersoege-vedligehold-i-almene-boligbyggerier\/#respond'>0 Comments<\/a><\/div><div class='slide-meta-del'>\/<\/div><time class='slide-meta-time updated'  itemprop=\"datePublished\" datetime=\"2025-12-05T11:20:03+01:00\" >05.12.2025<\/time><\/div><div class='slide-entry-excerpt entry-content'  itemprop=\"text\" >\r\n\r\n\r\n\r\n\r\n\r\n\r\n\r\n<\/div><\/div><footer class=\"entry-footer\"><\/footer><span class='hidden'>\n\t\t\t\t<span class='av-structured-data'  itemprop=\"image\" itemscope=\"itemscope\" itemtype=\"https:\/\/schema.org\/ImageObject\" >\n\t\t\t\t\t\t<span itemprop='url'>https:\/\/aarch.dk\/wp-content\/uploads\/2025\/12\/25_eu-repairs-6_A_sGRH-kopi.jpeg<\/span>\n\t\t\t\t\t\t<span itemprop='height'>742<\/span>\n\t\t\t\t\t\t<span itemprop='width'>1200<\/span>\n\t\t\t\t<\/span>\n\t\t\t\t<span class='av-structured-data'  itemprop=\"publisher\" itemtype=\"https:\/\/schema.org\/Organization\" itemscope=\"itemscope\" >\n\t\t\t\t\t\t<span itemprop='name'>Niels Rysz<\/span>\n\t\t\t\t\t\t<span itemprop='logo' itemscope itemtype='https:\/\/schema.org\/ImageObject'>\n\t\t\t\t\t\t\t<span itemprop='url'>https:\/\/s3-eu-central-1.amazonaws.com\/aarchdk\/wp-content\/uploads\/2019\/02\/03164631\/aarch-logo-dark.svg<\/span>\n\t\t\t\t\t\t <\/span>\n\t\t\t\t<\/span><span class='av-structured-data'  itemprop=\"author\" itemscope=\"itemscope\" itemtype=\"https:\/\/schema.org\/Person\" ><span itemprop='name'>Niels Rysz<\/span><\/span><span class='av-structured-data'  itemprop=\"datePublished\" datetime=\"2025-11-10T10:00:43+01:00\" >2025-12-05 11:20:03<\/span><span class='av-structured-data'  itemprop=\"dateModified\" itemtype=\"https:\/\/schema.org\/dateModified\" >2025-12-05 11:20:04<\/span><span class='av-structured-data'  itemprop=\"mainEntityOfPage\" itemtype=\"https:\/\/schema.org\/mainEntityOfPage\" ><span itemprop='name'>New Research Network to Explore Cultures of Maintenance in Social Housing<\/span><\/span><\/span><\/article><article class='slide-entry flex_column  post-entry post-entry-256735 type-post slide-entry-overview slide-loop-3 slide-parity-odd  av_one_fourth  real-thumbnail'  itemscope=\"itemscope\" itemtype=\"https:\/\/schema.org\/BlogPosting\" itemprop=\"blogPost\" ><a href='https:\/\/aarch.dk\/en\/aarhus-school-of-architecture-turns-60\/' data-rel='slide-1' class='slide-image' title=''><img loading=\"lazy\" decoding=\"async\" width=\"400\" height=\"453\" src=\"https:\/\/aarch.dk\/wp-content\/uploads\/2022\/08\/Exners_lowres-400x453.jpg\" class=\"attachment-slider-carousel-image-large size-slider-carousel-image-large wp-post-image\" alt=\"Nyt netv\u00e6rk for v\u00e6ksttegnestuer\" srcset=\"https:\/\/aarch.dk\/wp-content\/uploads\/2022\/08\/Exners_lowres-400x453.jpg 400w, https:\/\/aarch.dk\/wp-content\/uploads\/2022\/08\/Exners_lowres-375x425.jpg 375w\" sizes=\"auto, (max-width: 400px) 100vw, 400px\" \/><\/a><div class='slide-content'><header class=\"entry-content-header\"><span class=\"blog-date minor-meta\">11.11.2025<\/span><h3 class='slide-entry-title entry-title'  itemprop=\"headline\" ><a href='https:\/\/aarch.dk\/en\/aarhus-school-of-architecture-turns-60\/' title='Aarhus School of Architecture turns 60'>Aarhus School of Architecture turns 60<\/a><\/h3><span class=\"av-vertical-delimiter\"><\/span><\/header><div class='slide-meta'><div class='slide-meta-comments'><a href='https:\/\/aarch.dk\/en\/aarhus-school-of-architecture-turns-60\/#respond'>0 Comments<\/a><\/div><div class='slide-meta-del'>\/<\/div><time class='slide-meta-time updated'  itemprop=\"datePublished\" datetime=\"2025-11-11T10:00:13+01:00\" >11.11.2025<\/time><\/div><div class='slide-entry-excerpt entry-content'  itemprop=\"text\" >\r\n\r\n\r\n\r\n\r\n\r\n\r\n\r\n\r\n\r\n\r\n\r\n<\/div><\/div><footer class=\"entry-footer\"><\/footer><span class='hidden'>\n\t\t\t\t<span class='av-structured-data'  itemprop=\"image\" itemscope=\"itemscope\" itemtype=\"https:\/\/schema.org\/ImageObject\" >\n\t\t\t\t\t\t<span itemprop='url'>https:\/\/aarch.dk\/wp-content\/uploads\/2022\/08\/Exners_lowres.jpg<\/span>\n\t\t\t\t\t\t<span itemprop='height'>683<\/span>\n\t\t\t\t\t\t<span itemprop='width'>1024<\/span>\n\t\t\t\t<\/span>\n\t\t\t\t<span class='av-structured-data'  itemprop=\"publisher\" itemtype=\"https:\/\/schema.org\/Organization\" itemscope=\"itemscope\" >\n\t\t\t\t\t\t<span itemprop='name'>Trine Steffenauer<\/span>\n\t\t\t\t\t\t<span itemprop='logo' itemscope itemtype='https:\/\/schema.org\/ImageObject'>\n\t\t\t\t\t\t\t<span itemprop='url'>https:\/\/s3-eu-central-1.amazonaws.com\/aarchdk\/wp-content\/uploads\/2019\/02\/03164631\/aarch-logo-dark.svg<\/span>\n\t\t\t\t\t\t <\/span>\n\t\t\t\t<\/span><span class='av-structured-data'  itemprop=\"author\" itemscope=\"itemscope\" itemtype=\"https:\/\/schema.org\/Person\" ><span itemprop='name'>Trine Steffenauer<\/span><\/span><span class='av-structured-data'  itemprop=\"datePublished\" datetime=\"2025-11-10T10:00:43+01:00\" >2025-11-11 10:00:13<\/span><span class='av-structured-data'  itemprop=\"dateModified\" itemtype=\"https:\/\/schema.org\/dateModified\" >2025-11-11 10:41:30<\/span><span class='av-structured-data'  itemprop=\"mainEntityOfPage\" itemtype=\"https:\/\/schema.org\/mainEntityOfPage\" ><span itemprop='name'>Aarhus School of Architecture turns 60<\/span><\/span><\/span><\/article><article class='slide-entry flex_column  post-entry post-entry-256942 type-post slide-entry-overview slide-loop-4 slide-parity-even  post-entry-last  av_one_fourth  real-thumbnail'  itemscope=\"itemscope\" itemtype=\"https:\/\/schema.org\/BlogPosting\" itemprop=\"blogPost\" ><a href='https:\/\/aarch.dk\/en\/stor-forskningsbevilling-til-undersoegelse-af-dansk-restaureringskunst\/' data-rel='slide-1' class='slide-image' title=''><img loading=\"lazy\" decoding=\"async\" width=\"400\" height=\"453\" src=\"https:\/\/aarch.dk\/wp-content\/uploads\/2025\/10\/Anders-Sune-Berg-Badeanstalt-01-400x453.jpg\" class=\"attachment-slider-carousel-image-large size-slider-carousel-image-large wp-post-image\" alt=\"Badeanstalten Aarhus\" srcset=\"https:\/\/aarch.dk\/wp-content\/uploads\/2025\/10\/Anders-Sune-Berg-Badeanstalt-01-400x453.jpg 400w, https:\/\/aarch.dk\/wp-content\/uploads\/2025\/10\/Anders-Sune-Berg-Badeanstalt-01-375x425.jpg 375w\" sizes=\"auto, (max-width: 400px) 100vw, 400px\" \/><\/a><div class='slide-content'><header class=\"entry-content-header\"><span class=\"blog-date minor-meta\">10.11.2025<\/span><h3 class='slide-entry-title entry-title'  itemprop=\"headline\" ><a href='https:\/\/aarch.dk\/en\/stor-forskningsbevilling-til-undersoegelse-af-dansk-restaureringskunst\/' title='Stor forskningsbevilling til historisk unders\u00f8gelse af dansk restaureringskunst'>Stor forskningsbevilling til historisk unders\u00f8gelse af dansk restaureringskunst<\/a><\/h3><span class=\"av-vertical-delimiter\"><\/span><\/header><div class='slide-meta'><div class='slide-meta-comments'><a href='https:\/\/aarch.dk\/en\/stor-forskningsbevilling-til-undersoegelse-af-dansk-restaureringskunst\/#respond'>0 Comments<\/a><\/div><div class='slide-meta-del'>\/<\/div><time class='slide-meta-time updated'  itemprop=\"datePublished\" datetime=\"2025-11-10T10:00:43+01:00\" >10.11.2025<\/time><\/div><div class='slide-entry-excerpt entry-content'  itemprop=\"text\" >\r\n\r\n\r\n\r\n\r\n\r\n\r\n\r\n\r\n\r\n<\/div><\/div><footer class=\"entry-footer\"><\/footer><span class='hidden'>\n\t\t\t\t<span class='av-structured-data'  itemprop=\"image\" itemscope=\"itemscope\" itemtype=\"https:\/\/schema.org\/ImageObject\" >\n\t\t\t\t\t\t<span itemprop='url'>https:\/\/aarch.dk\/wp-content\/uploads\/2025\/10\/Anders-Sune-Berg-Badeanstalt-01.jpg<\/span>\n\t\t\t\t\t\t<span itemprop='height'>1060<\/span>\n\t\t\t\t\t\t<span itemprop='width'>833<\/span>\n\t\t\t\t<\/span>\n\t\t\t\t<span class='av-structured-data'  itemprop=\"publisher\" itemtype=\"https:\/\/schema.org\/Organization\" itemscope=\"itemscope\" >\n\t\t\t\t\t\t<span itemprop='name'>Trine Steffenauer<\/span>\n\t\t\t\t\t\t<span itemprop='logo' itemscope itemtype='https:\/\/schema.org\/ImageObject'>\n\t\t\t\t\t\t\t<span itemprop='url'>https:\/\/s3-eu-central-1.amazonaws.com\/aarchdk\/wp-content\/uploads\/2019\/02\/03164631\/aarch-logo-dark.svg<\/span>\n\t\t\t\t\t\t <\/span>\n\t\t\t\t<\/span><span class='av-structured-data'  itemprop=\"author\" itemscope=\"itemscope\" itemtype=\"https:\/\/schema.org\/Person\" ><span itemprop='name'>Trine Steffenauer<\/span><\/span><span class='av-structured-data'  itemprop=\"datePublished\" datetime=\"2025-11-10T10:00:43+01:00\" >2025-11-10 10:00:43<\/span><span class='av-structured-data'  itemprop=\"dateModified\" itemtype=\"https:\/\/schema.org\/dateModified\" >2025-11-14 08:21:25<\/span><span class='av-structured-data'  itemprop=\"mainEntityOfPage\" itemtype=\"https:\/\/schema.org\/mainEntityOfPage\" ><span itemprop='name'>Stor forskningsbevilling til historisk unders\u00f8gelse af dansk restaureringskunst<\/span><\/span><\/span><\/article><\/div><\/div><\/div><\/div>\n<\/div><\/div>\n<\/div>\n","protected":false},"excerpt":{"rendered":"","protected":false},"author":37,"featured_media":193282,"comment_status":"open","ping_status":"closed","sticky":false,"template":"","format":"standard","meta":{"_acf_changed":false,"footnotes":""},"categories":[392],"tags":[620],"class_list":["post-193273","post","type-post","status-publish","format-standard","has-post-thumbnail","hentry","category-news","tag-frontpage-news"],"yoast_head":"<!-- This site is optimized with the Yoast SEO plugin v27.2 - https:\/\/yoast.com\/product\/yoast-seo-wordpress\/ -->\n<title>Ecologies of Stone: From Larvik to Mallorca - Aarhus School of Architecture<\/title>\n<meta name=\"robots\" content=\"index, follow, max-snippet:-1, max-image-preview:large, max-video-preview:-1\" \/>\n<link rel=\"canonical\" href=\"https:\/\/aarch.dk\/en\/193273\/\" \/>\n<meta property=\"og:locale\" content=\"en_US\" \/>\n<meta property=\"og:type\" content=\"article\" \/>\n<meta property=\"og:title\" content=\"Ecologies of Stone: From Larvik to Mallorca - Aarhus School of Architecture\" \/>\n<meta property=\"og:url\" content=\"https:\/\/aarch.dk\/en\/193273\/\" \/>\n<meta property=\"og:site_name\" content=\"Aarhus School of Architecture\" \/>\n<meta property=\"article:published_time\" content=\"2023-09-25T11:45:21+00:00\" \/>\n<meta property=\"article:modified_time\" content=\"2024-11-19T09:47:53+00:00\" \/>\n<meta property=\"og:image\" content=\"https:\/\/aarch.dk\/wp-content\/uploads\/2023\/09\/DJI_0280-1030x579.jpg\" \/>\n\t<meta property=\"og:image:width\" content=\"1030\" \/>\n\t<meta property=\"og:image:height\" content=\"579\" \/>\n\t<meta property=\"og:image:type\" content=\"image\/jpeg\" \/>\n<meta name=\"author\" content=\"Niels Rysz\" \/>\n<meta name=\"twitter:card\" content=\"summary_large_image\" \/>\n<meta name=\"twitter:label1\" content=\"Written by\" \/>\n\t<meta name=\"twitter:data1\" content=\"Niels Rysz\" \/>\n\t<meta name=\"twitter:label2\" content=\"Est. reading time\" \/>\n\t<meta name=\"twitter:data2\" content=\"7 minutes\" \/>\n<script type=\"application\/ld+json\" class=\"yoast-schema-graph\">{\"@context\":\"https:\/\/schema.org\",\"@graph\":[{\"@type\":\"Article\",\"@id\":\"https:\/\/aarch.dk\/en\/193273\/#article\",\"isPartOf\":{\"@id\":\"https:\/\/aarch.dk\/en\/193273\/\"},\"author\":{\"name\":\"Niels Rysz\",\"@id\":\"https:\/\/aarch.dk\/#\/schema\/person\/077ebb8cf42358d32800bc4d7919c79f\"},\"headline\":\"Ecologies of Stone: From Larvik to Mallorca\",\"datePublished\":\"2023-09-25T11:45:21+00:00\",\"dateModified\":\"2024-11-19T09:47:53+00:00\",\"mainEntityOfPage\":{\"@id\":\"https:\/\/aarch.dk\/en\/193273\/\"},\"wordCount\":3070,\"commentCount\":0,\"image\":{\"@id\":\"https:\/\/aarch.dk\/en\/193273\/#primaryimage\"},\"thumbnailUrl\":\"https:\/\/aarch.dk\/wp-content\/uploads\/2023\/09\/DJI_0280-scaled.jpg\",\"keywords\":[\"Frontpage-news\"],\"articleSection\":[\"News\"],\"inLanguage\":\"en-US\",\"potentialAction\":[{\"@type\":\"CommentAction\",\"name\":\"Comment\",\"target\":[\"https:\/\/aarch.dk\/en\/193273\/#respond\"]}]},{\"@type\":\"WebPage\",\"@id\":\"https:\/\/aarch.dk\/en\/193273\/\",\"url\":\"https:\/\/aarch.dk\/en\/193273\/\",\"name\":\"Ecologies of Stone: From Larvik to Mallorca - Aarhus School of Architecture\",\"isPartOf\":{\"@id\":\"https:\/\/aarch.dk\/#website\"},\"primaryImageOfPage\":{\"@id\":\"https:\/\/aarch.dk\/en\/193273\/#primaryimage\"},\"image\":{\"@id\":\"https:\/\/aarch.dk\/en\/193273\/#primaryimage\"},\"thumbnailUrl\":\"https:\/\/aarch.dk\/wp-content\/uploads\/2023\/09\/DJI_0280-scaled.jpg\",\"datePublished\":\"2023-09-25T11:45:21+00:00\",\"dateModified\":\"2024-11-19T09:47:53+00:00\",\"author\":{\"@id\":\"https:\/\/aarch.dk\/#\/schema\/person\/077ebb8cf42358d32800bc4d7919c79f\"},\"breadcrumb\":{\"@id\":\"https:\/\/aarch.dk\/en\/193273\/#breadcrumb\"},\"inLanguage\":\"en-US\",\"potentialAction\":[{\"@type\":\"ReadAction\",\"target\":[\"https:\/\/aarch.dk\/en\/193273\/\"]}]},{\"@type\":\"ImageObject\",\"inLanguage\":\"en-US\",\"@id\":\"https:\/\/aarch.dk\/en\/193273\/#primaryimage\",\"url\":\"https:\/\/aarch.dk\/wp-content\/uploads\/2023\/09\/DJI_0280-scaled.jpg\",\"contentUrl\":\"https:\/\/aarch.dk\/wp-content\/uploads\/2023\/09\/DJI_0280-scaled.jpg\",\"width\":2560,\"height\":1440,\"caption\":\"Photo: Bob Trempe (III).JPG\"},{\"@type\":\"BreadcrumbList\",\"@id\":\"https:\/\/aarch.dk\/en\/193273\/#breadcrumb\",\"itemListElement\":[{\"@type\":\"ListItem\",\"position\":1,\"name\":\"Home\",\"item\":\"https:\/\/aarch.dk\/en\/\"},{\"@type\":\"ListItem\",\"position\":2,\"name\":\"Frontpage-news\",\"item\":\"https:\/\/aarch.dk\/en\/tag\/frontpage-news\/\"},{\"@type\":\"ListItem\",\"position\":3,\"name\":\"Ecologies of Stone: From Larvik to Mallorca\"}]},{\"@type\":\"WebSite\",\"@id\":\"https:\/\/aarch.dk\/#website\",\"url\":\"https:\/\/aarch.dk\/\",\"name\":\"Aarhus School of Architecture\",\"description\":\"\",\"potentialAction\":[{\"@type\":\"SearchAction\",\"target\":{\"@type\":\"EntryPoint\",\"urlTemplate\":\"https:\/\/aarch.dk\/?s={search_term_string}\"},\"query-input\":{\"@type\":\"PropertyValueSpecification\",\"valueRequired\":true,\"valueName\":\"search_term_string\"}}],\"inLanguage\":\"en-US\"},{\"@type\":\"Person\",\"@id\":\"https:\/\/aarch.dk\/#\/schema\/person\/077ebb8cf42358d32800bc4d7919c79f\",\"name\":\"Niels Rysz\",\"image\":{\"@type\":\"ImageObject\",\"inLanguage\":\"en-US\",\"@id\":\"https:\/\/secure.gravatar.com\/avatar\/e7ba6b2047544aae0f42adc61e9f2f95434d1006819dcef79822bd55eef9181a?s=96&d=mm&r=g\",\"url\":\"https:\/\/secure.gravatar.com\/avatar\/e7ba6b2047544aae0f42adc61e9f2f95434d1006819dcef79822bd55eef9181a?s=96&d=mm&r=g\",\"contentUrl\":\"https:\/\/secure.gravatar.com\/avatar\/e7ba6b2047544aae0f42adc61e9f2f95434d1006819dcef79822bd55eef9181a?s=96&d=mm&r=g\",\"caption\":\"Niels Rysz\"}}]}<\/script>\n<!-- \/ Yoast SEO plugin. -->","yoast_head_json":{"title":"Ecologies of Stone: From Larvik to Mallorca - Aarhus School of Architecture","robots":{"index":"index","follow":"follow","max-snippet":"max-snippet:-1","max-image-preview":"max-image-preview:large","max-video-preview":"max-video-preview:-1"},"canonical":"https:\/\/aarch.dk\/en\/193273\/","og_locale":"en_US","og_type":"article","og_title":"Ecologies of Stone: From Larvik to Mallorca - Aarhus School of Architecture","og_url":"https:\/\/aarch.dk\/en\/193273\/","og_site_name":"Aarhus School of Architecture","article_published_time":"2023-09-25T11:45:21+00:00","article_modified_time":"2024-11-19T09:47:53+00:00","og_image":[{"width":1030,"height":579,"url":"https:\/\/aarch.dk\/wp-content\/uploads\/2023\/09\/DJI_0280-1030x579.jpg","type":"image\/jpeg"}],"author":"Niels Rysz","twitter_card":"summary_large_image","twitter_misc":{"Written by":"Niels Rysz","Est. reading time":"7 minutes"},"schema":{"@context":"https:\/\/schema.org","@graph":[{"@type":"Article","@id":"https:\/\/aarch.dk\/en\/193273\/#article","isPartOf":{"@id":"https:\/\/aarch.dk\/en\/193273\/"},"author":{"name":"Niels Rysz","@id":"https:\/\/aarch.dk\/#\/schema\/person\/077ebb8cf42358d32800bc4d7919c79f"},"headline":"Ecologies of Stone: From Larvik to Mallorca","datePublished":"2023-09-25T11:45:21+00:00","dateModified":"2024-11-19T09:47:53+00:00","mainEntityOfPage":{"@id":"https:\/\/aarch.dk\/en\/193273\/"},"wordCount":3070,"commentCount":0,"image":{"@id":"https:\/\/aarch.dk\/en\/193273\/#primaryimage"},"thumbnailUrl":"https:\/\/aarch.dk\/wp-content\/uploads\/2023\/09\/DJI_0280-scaled.jpg","keywords":["Frontpage-news"],"articleSection":["News"],"inLanguage":"en-US","potentialAction":[{"@type":"CommentAction","name":"Comment","target":["https:\/\/aarch.dk\/en\/193273\/#respond"]}]},{"@type":"WebPage","@id":"https:\/\/aarch.dk\/en\/193273\/","url":"https:\/\/aarch.dk\/en\/193273\/","name":"Ecologies of Stone: From Larvik to Mallorca - Aarhus School of Architecture","isPartOf":{"@id":"https:\/\/aarch.dk\/#website"},"primaryImageOfPage":{"@id":"https:\/\/aarch.dk\/en\/193273\/#primaryimage"},"image":{"@id":"https:\/\/aarch.dk\/en\/193273\/#primaryimage"},"thumbnailUrl":"https:\/\/aarch.dk\/wp-content\/uploads\/2023\/09\/DJI_0280-scaled.jpg","datePublished":"2023-09-25T11:45:21+00:00","dateModified":"2024-11-19T09:47:53+00:00","author":{"@id":"https:\/\/aarch.dk\/#\/schema\/person\/077ebb8cf42358d32800bc4d7919c79f"},"breadcrumb":{"@id":"https:\/\/aarch.dk\/en\/193273\/#breadcrumb"},"inLanguage":"en-US","potentialAction":[{"@type":"ReadAction","target":["https:\/\/aarch.dk\/en\/193273\/"]}]},{"@type":"ImageObject","inLanguage":"en-US","@id":"https:\/\/aarch.dk\/en\/193273\/#primaryimage","url":"https:\/\/aarch.dk\/wp-content\/uploads\/2023\/09\/DJI_0280-scaled.jpg","contentUrl":"https:\/\/aarch.dk\/wp-content\/uploads\/2023\/09\/DJI_0280-scaled.jpg","width":2560,"height":1440,"caption":"Photo: Bob Trempe (III).JPG"},{"@type":"BreadcrumbList","@id":"https:\/\/aarch.dk\/en\/193273\/#breadcrumb","itemListElement":[{"@type":"ListItem","position":1,"name":"Home","item":"https:\/\/aarch.dk\/en\/"},{"@type":"ListItem","position":2,"name":"Frontpage-news","item":"https:\/\/aarch.dk\/en\/tag\/frontpage-news\/"},{"@type":"ListItem","position":3,"name":"Ecologies of Stone: From Larvik to Mallorca"}]},{"@type":"WebSite","@id":"https:\/\/aarch.dk\/#website","url":"https:\/\/aarch.dk\/","name":"Aarhus School of Architecture","description":"","potentialAction":[{"@type":"SearchAction","target":{"@type":"EntryPoint","urlTemplate":"https:\/\/aarch.dk\/?s={search_term_string}"},"query-input":{"@type":"PropertyValueSpecification","valueRequired":true,"valueName":"search_term_string"}}],"inLanguage":"en-US"},{"@type":"Person","@id":"https:\/\/aarch.dk\/#\/schema\/person\/077ebb8cf42358d32800bc4d7919c79f","name":"Niels Rysz","image":{"@type":"ImageObject","inLanguage":"en-US","@id":"https:\/\/secure.gravatar.com\/avatar\/e7ba6b2047544aae0f42adc61e9f2f95434d1006819dcef79822bd55eef9181a?s=96&d=mm&r=g","url":"https:\/\/secure.gravatar.com\/avatar\/e7ba6b2047544aae0f42adc61e9f2f95434d1006819dcef79822bd55eef9181a?s=96&d=mm&r=g","contentUrl":"https:\/\/secure.gravatar.com\/avatar\/e7ba6b2047544aae0f42adc61e9f2f95434d1006819dcef79822bd55eef9181a?s=96&d=mm&r=g","caption":"Niels Rysz"}}]}},"acf":[],"_links":{"self":[{"href":"https:\/\/aarch.dk\/en\/wp-json\/wp\/v2\/posts\/193273","targetHints":{"allow":["GET"]}}],"collection":[{"href":"https:\/\/aarch.dk\/en\/wp-json\/wp\/v2\/posts"}],"about":[{"href":"https:\/\/aarch.dk\/en\/wp-json\/wp\/v2\/types\/post"}],"author":[{"embeddable":true,"href":"https:\/\/aarch.dk\/en\/wp-json\/wp\/v2\/users\/37"}],"replies":[{"embeddable":true,"href":"https:\/\/aarch.dk\/en\/wp-json\/wp\/v2\/comments?post=193273"}],"version-history":[{"count":8,"href":"https:\/\/aarch.dk\/en\/wp-json\/wp\/v2\/posts\/193273\/revisions"}],"predecessor-version":[{"id":232209,"href":"https:\/\/aarch.dk\/en\/wp-json\/wp\/v2\/posts\/193273\/revisions\/232209"}],"wp:featuredmedia":[{"embeddable":true,"href":"https:\/\/aarch.dk\/en\/wp-json\/wp\/v2\/media\/193282"}],"wp:attachment":[{"href":"https:\/\/aarch.dk\/en\/wp-json\/wp\/v2\/media?parent=193273"}],"wp:term":[{"taxonomy":"category","embeddable":true,"href":"https:\/\/aarch.dk\/en\/wp-json\/wp\/v2\/categories?post=193273"},{"taxonomy":"post_tag","embeddable":true,"href":"https:\/\/aarch.dk\/en\/wp-json\/wp\/v2\/tags?post=193273"}],"curies":[{"name":"wp","href":"https:\/\/api.w.org\/{rel}","templated":true}]}}