{"id":264873,"date":"2026-01-01T23:00:09","date_gmt":"2026-01-01T22:00:09","guid":{"rendered":"https:\/\/aarch.dk\/?p=264873"},"modified":"2026-08-28T09:34:49","modified_gmt":"2026-08-28T07:34:49","slug":"kjeld_vindum","status":"publish","type":"post","link":"https:\/\/aarch.dk\/en\/kjeld_vindum\/","title":{"rendered":"Kjeld Vindum"},"content":{"rendered":"<div id='av_section_1'  class='avia-section main_color avia-section-small avia-no-border-styling  av-section-color-overlay-active avia-bg-style-scroll  avia-builder-el-0  el_before_av_layout_row  avia-builder-el-first  aa-block-big-image-with-title-date-1  av-minimum-height av-minimum-height-25  container_wrap fullsize' style=' margin-top:0px; margin-bottom:25px; '   data-av_minimum_height_pc='25'><div class='av-section-color-overlay-wrap'><div class='av-section-color-overlay' style='opacity: 0.3; '><\/div><div class='container' ><main  role=\"main\" itemprop=\"mainContentOfPage\"  class='template-page content  av-content-full alpha units'><div class='post-entry post-entry-type-page post-entry-264873'><div class='entry-content-wrapper clearfix'>\n<section class=\"av_textblock_section \"  itemscope=\"itemscope\" itemtype=\"https:\/\/schema.org\/BlogPosting\" itemprop=\"blogPost\" ><div class='avia_textblock  '   itemprop=\"text\" ><p style=\"text-align: center;\"><a href=\"https:\/\/aarch.dk\/en\/open26\/\"><em>OPEN<\/em>26<\/a><\/p>\n<\/div><\/section>\n<div  style='height:40px' class='hr hr-invisible   avia-builder-el-2  el_after_av_textblock  el_before_av_textblock '><span class='hr-inner ' ><span class='hr-inner-style'><\/span><\/span><\/div>\n<section class=\"av_textblock_section \"  itemscope=\"itemscope\" itemtype=\"https:\/\/schema.org\/BlogPosting\" itemprop=\"blogPost\" ><div class='avia_textblock font-universe-std headline-special headline-special-size-3 '   itemprop=\"text\" ><h2 style=\"text-align: center; margin-bottom: 0;\"><span style=\"color: #000000;\">KJELD VINDUM<\/span><\/h2>\n<\/div><\/section>\n<div  style='height:55px' class='hr hr-invisible  av-small-hide av-mini-hide  avia-builder-el-4  el_after_av_textblock  avia-builder-el-last '><span class='hr-inner ' ><span class='hr-inner-style'><\/span><\/span><\/div>\n\n<\/div><\/div><\/main><!-- close content main element --><\/div><\/div><\/div><div id='av-layout-grid-1'  class='av-layout-grid-container entry-content-wrapper alternate_color av-flex-cells     avia-builder-el-5  el_after_av_section  el_before_av_layout_row  av-cell-min-height av-cell-min-height-75 submenu-not-first container_wrap fullsize' style=' '   data-av_minimum_height_pc='75'>\n<div class=\"flex_cell no_margin av_one_half  avia-builder-el-6  el_before_av_cell_one_half  avia-builder-el-first   avia-full-stretch \"  style='background:url(https:\/\/aarch.dk\/wp-content\/uploads\/2026\/06\/Kjeld-Vindum-1030x718.jpg) center center no-repeat scroll #ededed; vertical-align:middle; background-color:#ededed; ' ><div class='flex_cell_inner' ><div  style=' margin-top:150px; margin-bottom:150px;'  class='hr hr-custom hr-center hr-icon-no   avia-builder-el-7  avia-builder-el-no-sibling '><span class='hr-inner  inner-border-av-border-none' style=' width:50px;' ><span class='hr-inner-style'><\/span><\/span><\/div>\n<\/div><\/div><div class=\"flex_cell no_margin av_one_half  avia-builder-el-8  el_after_av_cell_one_half  avia-builder-el-last  person-text  \"  style='background: #ffffff; vertical-align:top; padding:0% 9% 0% 9% ; background-color:#ffffff; ' ><div class='flex_cell_inner' ><p><section class=\"av_textblock_section \"  itemscope=\"itemscope\" itemtype=\"https:\/\/schema.org\/BlogPosting\" itemprop=\"blogPost\" ><div class='avia_textblock ao-medium-text-paragraf ao-dark ao-medium-text-heading av_inherit_color '  style='color:#0a0a0a; '  itemprop=\"text\" ><p><span style=\"color: #000000;\">Kjeld Vindum (DK) is an architect, professor emeritus and editor. He graduated from the Aarhus School of Architecture in 1979 and worked as a graphic designer from 1979\u201381, followed by research at the Aarhus School of Architecture from 1981\u201383. He later worked at Henning Larsen Architects from 1984\u201394, primarily as editor of SKALA \u2013 Magazine of Architecture and Art. He continued as a freelance consultant for the same practice from 1994\u201396. <br class=\"avia-permanent-lb\" \/><\/span><br \/>\n<span style=\"color: #000000;\">From 1994\u201397, he was a lecturer at the Royal Danish Academy\u2019s School of Architecture, becoming associate professor from 1997\u20132023, and professor (MSO) from 2023\u201325. Since 2025, he has held the title of professor emeritus. He also served as editor of the Danish architectural journals Arkitekten (2008\u20132011) and Arkitektur DK (2011\u20132012). <\/span><br class=\"avia-permanent-lb\" \/><span style=\"color: #000000;\">His key publications include City Hall of Aarhus (1991), Arne Jacobsen \u2013 Architect &amp; Designer (1994, with Poul Erik T\u00f8jner), Arne Jacobsen (1998, with Carsten Thau), Danske Designere \u2013 Arne Jacobsen (2002), and The New Wave in Danish Architecture (2012, with Kristoffer Lindhardt Weiss), alongside numerous articles on architecture, design, and art.<\/span><\/p>\n<\/div><\/section><br \/>\n<\/p>\n<\/div><\/div>\n<\/div>\n<div id='av-layout-grid-2'  class='av-layout-grid-container entry-content-wrapper alternate_color av-flex-cells     avia-builder-el-11  el_after_av_layout_row  avia-builder-el-last  av-cell-min-height av-cell-min-height-50 submenu-not-first container_wrap fullsize' style=' '   data-av_minimum_height_pc='50'>\n<div class=\"flex_cell no_margin av_one_full  avia-builder-el-12  avia-builder-el-no-sibling  person-text  \"  style='background: #ffffff; vertical-align:top; padding:0% 9% 0% 9% ; background-color:#ffffff; ' ><div class='flex_cell_inner' ><p><div  style='height:100px' class='hr hr-invisible  av-small-hide av-mini-hide  avia-builder-el-13  el_before_av_hr  avia-builder-el-first '><span class='hr-inner ' ><span class='hr-inner-style'><\/span><\/span><\/div><br \/>\n<div  style='height:30px' class='hr hr-invisible  av-desktop-hide av-medium-hide av-small-hide av-mini-hide  avia-builder-el-14  el_after_av_hr  el_before_av_one_fifth '><span class='hr-inner ' ><span class='hr-inner-style'><\/span><\/span><\/div><br \/>\n<div class=\"flex_column av_one_fifth  flex_column_div av-zero-column-padding first  avia-builder-el-15  el_after_av_hr  el_before_av_three_fifth  \" style='border-radius:0px; '><\/div><div class=\"flex_column av_three_fifth  flex_column_div   avia-builder-el-16  el_after_av_one_fifth  el_before_av_one_fifth  \" style='padding:0px 0px 0px 0px ; border-radius:0px; '><section class=\"av_textblock_section \"  itemscope=\"itemscope\" itemtype=\"https:\/\/schema.org\/BlogPosting\" itemprop=\"blogPost\" ><div class='avia_textblock ao-text-block-1 ao-medium-text-paragraf ao-dark ao-medium-text-heading margin-bottom-0 '   itemprop=\"text\" ><h2 style=\"text-align: center;\">SESSION<\/h2>\n<\/div><\/section><\/div><div class=\"flex_column av_one_fifth  flex_column_div   avia-builder-el-18  el_after_av_three_fifth  el_before_av_hr  \" style='padding:0px 0px 0px 0px ; border-radius:0px; '><\/div><div  style=' margin-top:0px; margin-bottom:20px;'  class='hr hr-custom hr-left hr-icon-no   avia-builder-el-19  el_after_av_one_fifth  el_before_av_textblock '><span class='hr-inner  inner-border-av-border-thin' style=' width:200%; border-color:#0a0a0a;' ><span class='hr-inner-style'><\/span><\/span><\/div><br \/>\n<section class=\"av_textblock_section \"  itemscope=\"itemscope\" itemtype=\"https:\/\/schema.org\/BlogPosting\" itemprop=\"blogPost\" ><div class='avia_textblock  '   itemprop=\"text\" ><p class=\"font-size-small font-family-univers-light\" style=\"margin: 0 0 12px;\"><span style=\"color: #000000;\">13:45-14:45 (DK)<\/span><\/p>\n<h6 class=\"font-family-univers-light\" style=\"margin: 0 0 20px; color: #000;\"><strong>KIRSTEN BIRK HANSEN, KJELD VINDUM &amp; HELLE JUUL<\/strong> | DET MODERNE<\/h6>\n<p class=\"font-size-medium font-family-univers-light\" style=\"margin: 0 0 16px;\"><span style=\"color: #000000;\">Modernitetens erkendelser var et fremskridt, som blev v\u00e6rdil\u00f8st, da det reduceredes til processtyring og midlertidighed. For da tid blev vigtigere end rum, og forandring et m\u00e5l i sig selv, mistede byerne dybde og mening. En filosofisk samtale om, hvordan vi skal forst\u00e5 det moderne som en \u00e6ndret m\u00e5de at opfatte rum og tid p\u00e5, som noget relationelt, bev\u00e6geligt og ustabilt.<\/span><\/p>\n<p class=\"font-size-xsmall textEllipsis font-size-small font-family-univers-light margin-bottom-10\"><span style=\"color: #000000;\"><a style=\"color: #000000; text-decoration: none;\" href=\"https:\/\/aarch.dk\/en\/kirsten_birk_hansen\/\" rel=\"noopener\"><strong>Kirsten Birk Hansen<\/strong><\/a> (DK): Arkitekt, fhv. medredakt\u00f8r af SKALA<\/span><\/p>\n<p class=\"font-size-xsmall textEllipsis font-size-small font-family-univers-light margin-bottom-10\"><span style=\"color: #000000;\"><a style=\"color: #000000; text-decoration: none;\" href=\"https:\/\/aarch.dk\/en\/kjeld_vindum\/\" rel=\"noopener\"><strong>Kjeld Vindum<\/strong><\/a> (DK): Professor emiritus, Det Kongelige Akademi, fhv. medredak\u00f8r af SKALA<\/span><\/p>\n<p class=\"font-size-xsmall textEllipsis font-size-small font-family-univers-light margin-bottom-10\"><span style=\"color: #000000;\"><a style=\"color: #000000; text-decoration: none;\" href=\"https:\/\/aarch.dk\/en\/helle_juul\/\" rel=\"noopener\"><strong>Helle Juul<\/strong><\/a> (DK): Stiftende partner, Juul | Frost Arkitekter, Ph.d., fhv. <span data-olk-copy-source=\"MessageBody\">leder af SKALA Arkitekturgalleri<\/span><\/span><\/p>\n<p class=\"font-size-xsmall textEllipsis font-size-small font-family-univers-light margin-bottom-10\"><span style=\"color: #000000;\">Moderator: <a style=\"color: #000000; text-decoration: none;\" href=\"https:\/\/aarch.dk\/en\/niels_albertsen\/\" rel=\"noopener\"><strong>Niels Albertsen<\/strong><\/a> (DK): Professor emeritus, Arkitektskolen Aarhus<\/span><\/p>\n<\/div><\/section><br \/>\n<div  style=' margin-top:20px; margin-bottom:20px;'  class='hr hr-custom hr-center hr-icon-no   avia-builder-el-21  el_after_av_textblock  el_before_av_one_third '><span class='hr-inner  inner-border-av-border-thin' style=' width:100%; border-color:#0a0a0a;' ><span class='hr-inner-style'><\/span><\/span><\/div><br \/>\n<div class=\"flex_column av_one_third  av-hide-on-mobile  flex_column_div av-zero-column-padding first  avia-builder-el-22  el_after_av_hr  el_before_av_one_third  \" style='margin-top:0; margin-bottom:40px; border-radius:0px; '><\/div><div class=\"flex_column av_one_third  av-hide-on-mobile  flex_column_div av-zero-column-padding   avia-builder-el-23  el_after_av_one_third  el_before_av_one_third  \" style='margin-top:0; margin-bottom:40px; border-radius:0px; '><section class=\"av_textblock_section  av-medium-hide av-small-hide av-mini-hide\"  itemscope=\"itemscope\" itemtype=\"https:\/\/schema.org\/BlogPosting\" itemprop=\"blogPost\" ><div class='avia_textblock  '   itemprop=\"text\" ><p class=\"linkArrow color-black margin-bottom-0\" style=\"display: flex; justify-content: center; text-align: center;\"><a href=\"https:\/\/aarch.dk\/en\/speakers-open26\/\">Line up<\/a><\/p>\n<\/div><\/section><\/div><div class=\"flex_column av_one_third  av-hide-on-mobile  flex_column_div av-zero-column-padding   avia-builder-el-25  el_after_av_one_third  el_before_av_one_half  \" style='margin-top:0; margin-bottom:40px; border-radius:0px; '><section class=\"av_textblock_section  av-medium-hide av-small-hide av-mini-hide\"  itemscope=\"itemscope\" itemtype=\"https:\/\/schema.org\/BlogPosting\" itemprop=\"blogPost\" ><div class='avia_textblock  '   itemprop=\"text\" ><p class=\"linkArrow color-black margin-bottom-0\" style=\"display: flex; justify-content: right; text-align: right;\"><a href=\"https:\/\/aarch.dk\/en\/open26-programme-story\/\">Programme<\/a><\/p>\n<\/div><\/section><\/div><div class=\"flex_column av_one_half  flex_column_div av-zero-column-padding first  avia-builder-el-27  el_after_av_one_third  el_before_av_one_half  column-top-margin\" style='margin-top:0; margin-bottom:0; border-radius:0px; '><section class=\"av_textblock_section  av-desktop-hide\"  itemscope=\"itemscope\" itemtype=\"https:\/\/schema.org\/BlogPosting\" itemprop=\"blogPost\" ><div class='avia_textblock  '   itemprop=\"text\" ><p class=\"linkArrow color-black margin-bottom-0\" style=\"display: flex; justify-content: center; text-align: center;\"><a href=\"https:\/\/aarch.dk\/en\/speakers-open26\/\">Line up<\/a><\/p>\n<\/div><\/section><\/div><div class=\"flex_column av_one_half  flex_column_div av-zero-column-padding   avia-builder-el-29  el_after_av_one_half  avia-builder-el-last  column-top-margin\" style='margin-top:0; margin-bottom:0; border-radius:0px; '><p><div  style='height:10px' class='hr hr-invisible  av-desktop-hide av-medium-hide  avia-builder-el-30  el_before_av_textblock  avia-builder-el-first '><span class='hr-inner ' ><span class='hr-inner-style'><\/span><\/span><\/div><br \/>\n<section class=\"av_textblock_section  av-desktop-hide\"  itemscope=\"itemscope\" itemtype=\"https:\/\/schema.org\/BlogPosting\" itemprop=\"blogPost\" ><div class='avia_textblock  '   itemprop=\"text\" ><p class=\"linkArrow color-black margin-bottom-0\" style=\"display: flex; justify-content: center; text-align: center;\"><a href=\"https:\/\/aarch.dk\/en\/open26-programme-story\/\">Programme<\/a><\/p>\n<\/div><\/section><br \/>\n<div  style='height:30px' class='hr hr-invisible  av-desktop-hide av-medium-hide  avia-builder-el-32  el_after_av_textblock  avia-builder-el-last '><span class='hr-inner ' ><span class='hr-inner-style'><\/span><\/span><\/div><\/p><\/div><\/p>\n<\/div><\/div><\/div>\n","protected":false},"excerpt":{"rendered":"","protected":false},"author":58,"featured_media":264874,"comment_status":"open","ping_status":"closed","sticky":false,"template":"","format":"standard","meta":{"_acf_changed":false,"footnotes":""},"categories":[1409],"tags":[2158],"class_list":["post-264873","post","type-post","status-publish","format-standard","has-post-thumbnail","hentry","category-speaker","tag-participants26"],"yoast_head":"<!-- This site is optimized with the Yoast SEO plugin v28.1 - https:\/\/yoast.com\/product\/yoast-seo-wordpress\/ -->\n<title>Kjeld Vindum - Aarhus School of Architecture<\/title>\n<meta name=\"robots\" content=\"index, follow, max-snippet:-1, max-image-preview:large, max-video-preview:-1\" \/>\n<link rel=\"canonical\" href=\"https:\/\/aarch.dk\/en\/kjeld_vindum\/\" \/>\n<meta property=\"og:locale\" content=\"en_US\" \/>\n<meta property=\"og:type\" content=\"article\" \/>\n<meta property=\"og:title\" content=\"Kjeld Vindum - Aarhus School of Architecture\" \/>\n<meta property=\"og:url\" content=\"https:\/\/aarch.dk\/en\/kjeld_vindum\/\" \/>\n<meta property=\"og:site_name\" content=\"Aarhus School of Architecture\" \/>\n<meta property=\"article:published_time\" content=\"2026-01-01T22:00:09+00:00\" \/>\n<meta property=\"article:modified_time\" content=\"2026-08-28T07:34:49+00:00\" \/>\n<meta property=\"og:image\" content=\"https:\/\/aarch.dk\/wp-content\/uploads\/2026\/06\/Kjeld-Vindum.jpg\" \/>\n\t<meta property=\"og:image:width\" content=\"1920\" \/>\n\t<meta property=\"og:image:height\" content=\"1339\" \/>\n\t<meta property=\"og:image:type\" content=\"image\/jpeg\" \/>\n<meta name=\"author\" content=\"Jonas Munk Clausen\" \/>\n<meta name=\"twitter:card\" content=\"summary_large_image\" \/>\n<meta name=\"twitter:label1\" content=\"Written by\" \/>\n\t<meta name=\"twitter:data1\" content=\"Jonas Munk Clausen\" \/>\n\t<meta name=\"twitter:label2\" content=\"Est. reading time\" \/>\n\t<meta name=\"twitter:data2\" content=\"2 minutes\" \/>\n<script type=\"application\/ld+json\" class=\"yoast-schema-graph\">{\"@context\":\"https:\\\/\\\/schema.org\",\"@graph\":[{\"@type\":\"Article\",\"@id\":\"https:\\\/\\\/aarch.dk\\\/en\\\/kjeld_vindum\\\/#article\",\"isPartOf\":{\"@id\":\"https:\\\/\\\/aarch.dk\\\/en\\\/kjeld_vindum\\\/\"},\"author\":{\"name\":\"Jonas Munk Clausen\",\"@id\":\"https:\\\/\\\/aarch.dk\\\/#\\\/schema\\\/person\\\/bb5babab5d00e41789f331ac610261b4\"},\"headline\":\"Kjeld Vindum\",\"datePublished\":\"2026-01-01T22:00:09+00:00\",\"dateModified\":\"2026-08-28T07:34:49+00:00\",\"mainEntityOfPage\":{\"@id\":\"https:\\\/\\\/aarch.dk\\\/en\\\/kjeld_vindum\\\/\"},\"wordCount\":2620,\"commentCount\":0,\"image\":{\"@id\":\"https:\\\/\\\/aarch.dk\\\/en\\\/kjeld_vindum\\\/#primaryimage\"},\"thumbnailUrl\":\"https:\\\/\\\/aarch.dk\\\/wp-content\\\/uploads\\\/2026\\\/06\\\/Kjeld-Vindum.jpg\",\"keywords\":[\"participants26\"],\"articleSection\":[\"Speaker\"],\"inLanguage\":\"en-US\",\"potentialAction\":[{\"@type\":\"CommentAction\",\"name\":\"Comment\",\"target\":[\"https:\\\/\\\/aarch.dk\\\/en\\\/kjeld_vindum\\\/#respond\"]}]},{\"@type\":\"WebPage\",\"@id\":\"https:\\\/\\\/aarch.dk\\\/en\\\/kjeld_vindum\\\/\",\"url\":\"https:\\\/\\\/aarch.dk\\\/en\\\/kjeld_vindum\\\/\",\"name\":\"Kjeld Vindum - Aarhus School of Architecture\",\"isPartOf\":{\"@id\":\"https:\\\/\\\/aarch.dk\\\/#website\"},\"primaryImageOfPage\":{\"@id\":\"https:\\\/\\\/aarch.dk\\\/en\\\/kjeld_vindum\\\/#primaryimage\"},\"image\":{\"@id\":\"https:\\\/\\\/aarch.dk\\\/en\\\/kjeld_vindum\\\/#primaryimage\"},\"thumbnailUrl\":\"https:\\\/\\\/aarch.dk\\\/wp-content\\\/uploads\\\/2026\\\/06\\\/Kjeld-Vindum.jpg\",\"datePublished\":\"2026-01-01T22:00:09+00:00\",\"dateModified\":\"2026-08-28T07:34:49+00:00\",\"author\":{\"@id\":\"https:\\\/\\\/aarch.dk\\\/#\\\/schema\\\/person\\\/bb5babab5d00e41789f331ac610261b4\"},\"breadcrumb\":{\"@id\":\"https:\\\/\\\/aarch.dk\\\/en\\\/kjeld_vindum\\\/#breadcrumb\"},\"inLanguage\":\"en-US\",\"potentialAction\":[{\"@type\":\"ReadAction\",\"target\":[\"https:\\\/\\\/aarch.dk\\\/en\\\/kjeld_vindum\\\/\"]}]},{\"@type\":\"ImageObject\",\"inLanguage\":\"en-US\",\"@id\":\"https:\\\/\\\/aarch.dk\\\/en\\\/kjeld_vindum\\\/#primaryimage\",\"url\":\"https:\\\/\\\/aarch.dk\\\/wp-content\\\/uploads\\\/2026\\\/06\\\/Kjeld-Vindum.jpg\",\"contentUrl\":\"https:\\\/\\\/aarch.dk\\\/wp-content\\\/uploads\\\/2026\\\/06\\\/Kjeld-Vindum.jpg\",\"width\":1920,\"height\":1339,\"caption\":\"Kjeld Vindum\"},{\"@type\":\"BreadcrumbList\",\"@id\":\"https:\\\/\\\/aarch.dk\\\/en\\\/kjeld_vindum\\\/#breadcrumb\",\"itemListElement\":[{\"@type\":\"ListItem\",\"position\":1,\"name\":\"Home\",\"item\":\"https:\\\/\\\/aarch.dk\\\/en\\\/\"},{\"@type\":\"ListItem\",\"position\":2,\"name\":\"participants26\",\"item\":\"https:\\\/\\\/aarch.dk\\\/en\\\/tag\\\/participants26\\\/\"},{\"@type\":\"ListItem\",\"position\":3,\"name\":\"Kjeld Vindum\"}]},{\"@type\":\"WebSite\",\"@id\":\"https:\\\/\\\/aarch.dk\\\/#website\",\"url\":\"https:\\\/\\\/aarch.dk\\\/\",\"name\":\"Aarhus School of Architecture\",\"description\":\"\",\"potentialAction\":[{\"@type\":\"SearchAction\",\"target\":{\"@type\":\"EntryPoint\",\"urlTemplate\":\"https:\\\/\\\/aarch.dk\\\/?s={search_term_string}\"},\"query-input\":{\"@type\":\"PropertyValueSpecification\",\"valueRequired\":true,\"valueName\":\"search_term_string\"}}],\"inLanguage\":\"en-US\"},{\"@type\":\"Person\",\"@id\":\"https:\\\/\\\/aarch.dk\\\/#\\\/schema\\\/person\\\/bb5babab5d00e41789f331ac610261b4\",\"name\":\"Jonas Munk Clausen\",\"image\":{\"@type\":\"ImageObject\",\"inLanguage\":\"en-US\",\"@id\":\"https:\\\/\\\/secure.gravatar.com\\\/avatar\\\/3d7a679d85d8e47fa3069694fcb86b1c622dbaa480eaaeeab7e39d14af0c9c9d?s=96&d=mm&r=g\",\"url\":\"https:\\\/\\\/secure.gravatar.com\\\/avatar\\\/3d7a679d85d8e47fa3069694fcb86b1c622dbaa480eaaeeab7e39d14af0c9c9d?s=96&d=mm&r=g\",\"contentUrl\":\"https:\\\/\\\/secure.gravatar.com\\\/avatar\\\/3d7a679d85d8e47fa3069694fcb86b1c622dbaa480eaaeeab7e39d14af0c9c9d?s=96&d=mm&r=g\",\"caption\":\"Jonas Munk Clausen\"}}]}<\/script>\n<!-- \/ Yoast SEO plugin. -->","yoast_head_json":{"title":"Kjeld Vindum - Aarhus School of Architecture","robots":{"index":"index","follow":"follow","max-snippet":"max-snippet:-1","max-image-preview":"max-image-preview:large","max-video-preview":"max-video-preview:-1"},"canonical":"https:\/\/aarch.dk\/en\/kjeld_vindum\/","og_locale":"en_US","og_type":"article","og_title":"Kjeld Vindum - Aarhus School of Architecture","og_url":"https:\/\/aarch.dk\/en\/kjeld_vindum\/","og_site_name":"Aarhus School of Architecture","article_published_time":"2026-01-01T22:00:09+00:00","article_modified_time":"2026-08-28T07:34:49+00:00","og_image":[{"width":1920,"height":1339,"url":"https:\/\/aarch.dk\/wp-content\/uploads\/2026\/06\/Kjeld-Vindum.jpg","type":"image\/jpeg"}],"author":"Jonas Munk Clausen","twitter_card":"summary_large_image","twitter_misc":{"Written by":"Jonas Munk Clausen","Est. reading time":"2 minutes"},"schema":{"@context":"https:\/\/schema.org","@graph":[{"@type":"Article","@id":"https:\/\/aarch.dk\/en\/kjeld_vindum\/#article","isPartOf":{"@id":"https:\/\/aarch.dk\/en\/kjeld_vindum\/"},"author":{"name":"Jonas Munk Clausen","@id":"https:\/\/aarch.dk\/#\/schema\/person\/bb5babab5d00e41789f331ac610261b4"},"headline":"Kjeld Vindum","datePublished":"2026-01-01T22:00:09+00:00","dateModified":"2026-08-28T07:34:49+00:00","mainEntityOfPage":{"@id":"https:\/\/aarch.dk\/en\/kjeld_vindum\/"},"wordCount":2620,"commentCount":0,"image":{"@id":"https:\/\/aarch.dk\/en\/kjeld_vindum\/#primaryimage"},"thumbnailUrl":"https:\/\/aarch.dk\/wp-content\/uploads\/2026\/06\/Kjeld-Vindum.jpg","keywords":["participants26"],"articleSection":["Speaker"],"inLanguage":"en-US","potentialAction":[{"@type":"CommentAction","name":"Comment","target":["https:\/\/aarch.dk\/en\/kjeld_vindum\/#respond"]}]},{"@type":"WebPage","@id":"https:\/\/aarch.dk\/en\/kjeld_vindum\/","url":"https:\/\/aarch.dk\/en\/kjeld_vindum\/","name":"Kjeld Vindum - Aarhus School of Architecture","isPartOf":{"@id":"https:\/\/aarch.dk\/#website"},"primaryImageOfPage":{"@id":"https:\/\/aarch.dk\/en\/kjeld_vindum\/#primaryimage"},"image":{"@id":"https:\/\/aarch.dk\/en\/kjeld_vindum\/#primaryimage"},"thumbnailUrl":"https:\/\/aarch.dk\/wp-content\/uploads\/2026\/06\/Kjeld-Vindum.jpg","datePublished":"2026-01-01T22:00:09+00:00","dateModified":"2026-08-28T07:34:49+00:00","author":{"@id":"https:\/\/aarch.dk\/#\/schema\/person\/bb5babab5d00e41789f331ac610261b4"},"breadcrumb":{"@id":"https:\/\/aarch.dk\/en\/kjeld_vindum\/#breadcrumb"},"inLanguage":"en-US","potentialAction":[{"@type":"ReadAction","target":["https:\/\/aarch.dk\/en\/kjeld_vindum\/"]}]},{"@type":"ImageObject","inLanguage":"en-US","@id":"https:\/\/aarch.dk\/en\/kjeld_vindum\/#primaryimage","url":"https:\/\/aarch.dk\/wp-content\/uploads\/2026\/06\/Kjeld-Vindum.jpg","contentUrl":"https:\/\/aarch.dk\/wp-content\/uploads\/2026\/06\/Kjeld-Vindum.jpg","width":1920,"height":1339,"caption":"Kjeld Vindum"},{"@type":"BreadcrumbList","@id":"https:\/\/aarch.dk\/en\/kjeld_vindum\/#breadcrumb","itemListElement":[{"@type":"ListItem","position":1,"name":"Home","item":"https:\/\/aarch.dk\/en\/"},{"@type":"ListItem","position":2,"name":"participants26","item":"https:\/\/aarch.dk\/en\/tag\/participants26\/"},{"@type":"ListItem","position":3,"name":"Kjeld Vindum"}]},{"@type":"WebSite","@id":"https:\/\/aarch.dk\/#website","url":"https:\/\/aarch.dk\/","name":"Aarhus School of Architecture","description":"","potentialAction":[{"@type":"SearchAction","target":{"@type":"EntryPoint","urlTemplate":"https:\/\/aarch.dk\/?s={search_term_string}"},"query-input":{"@type":"PropertyValueSpecification","valueRequired":true,"valueName":"search_term_string"}}],"inLanguage":"en-US"},{"@type":"Person","@id":"https:\/\/aarch.dk\/#\/schema\/person\/bb5babab5d00e41789f331ac610261b4","name":"Jonas Munk Clausen","image":{"@type":"ImageObject","inLanguage":"en-US","@id":"https:\/\/secure.gravatar.com\/avatar\/3d7a679d85d8e47fa3069694fcb86b1c622dbaa480eaaeeab7e39d14af0c9c9d?s=96&d=mm&r=g","url":"https:\/\/secure.gravatar.com\/avatar\/3d7a679d85d8e47fa3069694fcb86b1c622dbaa480eaaeeab7e39d14af0c9c9d?s=96&d=mm&r=g","contentUrl":"https:\/\/secure.gravatar.com\/avatar\/3d7a679d85d8e47fa3069694fcb86b1c622dbaa480eaaeeab7e39d14af0c9c9d?s=96&d=mm&r=g","caption":"Jonas Munk Clausen"}}]}},"acf":[],"_links":{"self":[{"href":"https:\/\/aarch.dk\/en\/wp-json\/wp\/v2\/posts\/264873","targetHints":{"allow":["GET"]}}],"collection":[{"href":"https:\/\/aarch.dk\/en\/wp-json\/wp\/v2\/posts"}],"about":[{"href":"https:\/\/aarch.dk\/en\/wp-json\/wp\/v2\/types\/post"}],"author":[{"embeddable":true,"href":"https:\/\/aarch.dk\/en\/wp-json\/wp\/v2\/users\/58"}],"replies":[{"embeddable":true,"href":"https:\/\/aarch.dk\/en\/wp-json\/wp\/v2\/comments?post=264873"}],"version-history":[{"count":4,"href":"https:\/\/aarch.dk\/en\/wp-json\/wp\/v2\/posts\/264873\/revisions"}],"predecessor-version":[{"id":267605,"href":"https:\/\/aarch.dk\/en\/wp-json\/wp\/v2\/posts\/264873\/revisions\/267605"}],"wp:featuredmedia":[{"embeddable":true,"href":"https:\/\/aarch.dk\/en\/wp-json\/wp\/v2\/media\/264874"}],"wp:attachment":[{"href":"https:\/\/aarch.dk\/en\/wp-json\/wp\/v2\/media?parent=264873"}],"wp:term":[{"taxonomy":"category","embeddable":true,"href":"https:\/\/aarch.dk\/en\/wp-json\/wp\/v2\/categories?post=264873"},{"taxonomy":"post_tag","embeddable":true,"href":"https:\/\/aarch.dk\/en\/wp-json\/wp\/v2\/tags?post=264873"}],"curies":[{"name":"wp","href":"https:\/\/api.w.org\/{rel}","templated":true}]}}